{"id":600274,"date":"2023-11-01T00:03:50","date_gmt":"2023-11-01T06:03:50","guid":{"rendered":"https:\/\/www.diarioimagen.net\/?p=600274"},"modified":"2023-11-01T02:17:57","modified_gmt":"2023-11-01T08:17:57","slug":"se-moreniza-edomex-sigue-acapulco","status":"publish","type":"post","link":"https:\/\/www.diarioimagen.net\/?p=600274","title":{"rendered":"Se \u201cmoreniza\u201d Edomex.\u00a0 Sigue Acapulco"},"content":{"rendered":"<h2>Espacio Electoral<\/h2>\n<h5>Eleazar Flores<\/h5>\n<p>&nbsp;<\/p>\n<p><strong>PIAN PIANITO-.<\/strong> Podr\u00e1 decirse que hay otros temas nacionales de mayor preocupaci\u00f3n y atenci\u00f3n como Acapulco, pero abusando de esa distracci\u00f3n medi\u00e1tica, hay quienes hacen y deshacen y tambi\u00e9n inciden en\u00a0 otros campos de acci\u00f3n y quienes en ellos se desempe\u00f1an.<\/p>\n<p>Un bot\u00f3n de muestra de la MORENIZACI\u00d3N del Estado de M\u00e9xico lo constituye el hecho de que desde la semana pasada ya se transmite \u201cvoluntariamente a fuerzas\u201d LA MA\u00d1ANERA, conferencia matinal\u00a0 del presidente Andr\u00e9s Manuel L\u00f3pez Obrador, por el sistema de MEXIQUENSE TV.<\/p>\n<p>Uno se entera de esto por el anuncio que hizo desde las mismas c\u00e1maras de lo que antes fue Radio y Televisi\u00f3n Mexiquense, en su noticiero estelar de las 21 horas que se transmite de lunes a viernes, con su conductor estelar Carlos Gonz\u00e1lez, seguramente \u201cnacionalizado\u201d mexiquense, pero con evidentes ra\u00edces chilangas, como muchos otros cuadros del medio estatal.<\/p>\n<p>Por la transmisi\u00f3n de la ma\u00f1anera por el canal propiedad del gobierno estatal ciertamente, con seguridad se cancelar\u00e1 la transmisi\u00f3n de varios programas matutinos que se disfrutaban de las siete a las nueve de la ma\u00f1ana, dirigidos a p\u00fablicos y auditorios diversos, incluido el infantil, para aquellos escolapios de turnos vespertinos, que los hay y muchos. Inclusive algunos documentales de inter\u00e9s general.<\/p>\n<p>Hasta antes del 15 de septiembre del presente a\u00f1o, el estado de M\u00e9xico era gobernado por una administraci\u00f3n priista que encabezaba Alfredo Del Mazo Maza y obviamente no exist\u00eda el compromiso de transmitir las MA\u00d1ANERAS, pero del 16 de septiembre en adelante es la profesora Delfina G\u00f3mez quien gobierna la entidad y los tiempos y los colores cambian.<\/p>\n<p>Pero no es s\u00f3lo la transmisi\u00f3n de la ma\u00f1anera lo novedoso en Mexiquense tv, tambi\u00e9n en forma inesperada le cancelan la transmisi\u00f3n y conducci\u00f3n de su programa PORQUE SOY MUJER a la periodista Anayenssi Moreno, no obstante que ya estaban en el almac\u00e9n varios programas grabados; sin embargo, la transmisi\u00f3n se cancel\u00f3 y punto.<\/p>\n<p>Anayenssi podr\u00e1 recuperar su enfermedad, deseo sincero de todos sus compa\u00f1eros-as del gremio, pero su programa dif\u00edcilmente, pues los tiempos han cambiado.<\/p>\n<p>Guardadas todas las distancias, me recuerda la \u201csuavidad\u201d con\u00a0 la que la Cuarta Transformaci\u00f3n literalmente CORRI\u00d3 al astr\u00f3nomo Alberto Hern\u00e1ndez Unz\u00f3n (que en paz descanse) del Meteorol\u00f3gico Nacional, exactamente el 2 de diciembre de 2018, sin darle tiempo ni de sacar cosas de su oficina.<\/p>\n<p>El nuevo director de Radio y Televisi\u00f3n Mexiquense, Bernardo Barranco, deber\u00eda invocar su prosapia religiosa para tentarse el coraz\u00f3n antes de concretar un despido, que pudiera ser justificable, pero no en pleno periodo de enfermedad de la conductora.<\/p>\n<p><strong>ACAPULCO-.<\/strong> En cuanto a los damnificados de Acapulco y poblaciones circunvecinas, mejor cr\u00e9ale a los medios, que tienen MEJORES DATOS que ya saben qui\u00e9n.<\/p>\n<p><em><a href=\"mailto:elefa44@gmail.com\" target=\"_blank\" rel=\"noopener noreferrer\">elefa44@gmail.com<\/a><\/em><\/p>\n","protected":false},"excerpt":{"rendered":"<p><span style=\"color: #005497;\"><strong>Eleazar Flores<\/strong><\/span><\/p>\n","protected":false},"author":3,"featured_media":0,"comment_status":"open","ping_status":"open","sticky":false,"template":"","format":"standard","meta":{"_monsterinsights_skip_tracking":false,"_monsterinsights_sitenote_active":false,"_monsterinsights_sitenote_note":"","_monsterinsights_sitenote_category":0,"footnotes":""},"categories":[81743],"tags":[81744,81776,43674],"class_list":["post-600274","post","type-post","status-publish","format-standard","hentry","category-eleazar-flores","tag-eleazar-flores","tag-espacio-electoral","tag-opinion"],"_links":{"self":[{"href":"https:\/\/www.diarioimagen.net\/index.php?rest_route=\/wp\/v2\/posts\/600274","targetHints":{"allow":["GET"]}}],"collection":[{"href":"https:\/\/www.diarioimagen.net\/index.php?rest_route=\/wp\/v2\/posts"}],"about":[{"href":"https:\/\/www.diarioimagen.net\/index.php?rest_route=\/wp\/v2\/types\/post"}],"author":[{"embeddable":true,"href":"https:\/\/www.diarioimagen.net\/index.php?rest_route=\/wp\/v2\/users\/3"}],"replies":[{"embeddable":true,"href":"https:\/\/www.diarioimagen.net\/index.php?rest_route=%2Fwp%2Fv2%2Fcomments&post=600274"}],"version-history":[{"count":0,"href":"https:\/\/www.diarioimagen.net\/index.php?rest_route=\/wp\/v2\/posts\/600274\/revisions"}],"wp:attachment":[{"href":"https:\/\/www.diarioimagen.net\/index.php?rest_route=%2Fwp%2Fv2%2Fmedia&parent=600274"}],"wp:term":[{"taxonomy":"category","embeddable":true,"href":"https:\/\/www.diarioimagen.net\/index.php?rest_route=%2Fwp%2Fv2%2Fcategories&post=600274"},{"taxonomy":"post_tag","embeddable":true,"href":"https:\/\/www.diarioimagen.net\/index.php?rest_route=%2Fwp%2Fv2%2Ftags&post=600274"}],"curies":[{"name":"wp","href":"https:\/\/api.w.org\/{rel}","templated":true}]}}