{"id":600276,"date":"2023-11-01T00:11:37","date_gmt":"2023-11-01T06:11:37","guid":{"rendered":"https:\/\/www.diarioimagen.net\/?p=600276"},"modified":"2023-11-01T02:19:51","modified_gmt":"2023-11-01T08:19:51","slug":"amlo-asesina-a-morena","status":"publish","type":"post","link":"https:\/\/www.diarioimagen.net\/?p=600276","title":{"rendered":"AMLO \u201casesina\u201d a Morena"},"content":{"rendered":"<h2>\u00cdndice pol\u00edtico<\/h2>\n<h5>Francisco Rodr\u00edguez<\/h5>\n<p>&nbsp;<\/p>\n<p>El opositor <strong>Andr\u00e9s Manuel L\u00f3pez Obrador<\/strong> cre\u00f3 el Movimiento de Regeneraci\u00f3n Nacional\u2026<\/p>\n<p>\u2026y es el presidente Andr\u00e9s Manuel L\u00f3pez Obrador quien involuntariamente \u00a1<strong>le est\u00e1 dando en toditita la madre<\/strong>!<\/p>\n<p>Presenciamos hoy el asesinato de Morena a manos de AMLO.<\/p>\n<p>Ha apu\u00f1alado a su Movimiento traicionando sus principios y promesas. \u00c9l <strong>miente<\/strong>, sus allegados <strong>roban<\/strong>, todos <strong>traicionan<\/strong>.<\/p>\n<p>Cree que por repartir recursos p\u00fablicos a los m\u00e1s necesitados cumple su tarea de colocar a los pobres como la prioridad de su fallida administraci\u00f3n, cuando lo que ha conseguido en realidad es un incremento de la deforestaci\u00f3n, del alcoholismo y, entre otros muchos otros males, la holgazaner\u00eda.<\/p>\n<p>No regres\u00f3 a <strong>militares y marinos<\/strong> a sus cuarteles. Por el contrario, les dio m\u00e1s tareas que en democracias competen a los civiles, pese a que durante ya varios sexenios los uniformados han demostrado ser del todo <strong>incapaces<\/strong> de combatir a la delincuencia y garantizar la paz a la sociedad.<\/p>\n<p>La <strong>corrupci\u00f3n impune<\/strong> ha crecido exponencialmente. No hay d\u00eda en el cual los medios de comunicaci\u00f3n no den a conocer una rater\u00eda, un contrato asignado a un familiar, amigo o compadre. Desde los ya 20 mil millones de Segalmex \u2014el mayor saqueo de los \u00faltimos tiempos\u2014, hasta los oscuros arreglos en los \u201celefantes blancos\u201d Tren Maya, Dos Bocas, Interoce\u00e1nico, AIFA y, sobre todo, en el IMSS y en el ISSSTE que han convertido en multimillonarios a sus directivos.<\/p>\n<p>Pu\u00f1alada, tras pu\u00f1alada a la credibilidad del ya agonizante movimiento del obradorato.<\/p>\n<p>Y a diario las muestras en vivo y a todo color de la irresponsabilidad del mediocre que no acepta sus fallas y equivocaciones \u2014todo un tambache\u2014, por lo que no s\u00f3lo culpa a sus antecesores, sino adem\u00e1s dedica grandes porciones de sus matin\u00e9s electoreras-c\u00f3mico-musicales a insultar, a denigrar a las clases medias que, seg\u00fan \u00e9l, son \u201caspiracionistas\u201d, y a los periodistas cr\u00edticos por el simple hecho de que no aplauden y s\u00ed cuestionan sus barrabasadas. No hay d\u00eda en el cual AMLO no hinque el pu\u00f1al sobre mucho m\u00e1s de la mitad de los 30 millones de votantes que en 2018 ca\u00edmos en la trampa de su verborrea. Morena se desangra. Desfallece. Agoniza.<\/p>\n<p>\u00a1Su mismo doctor <strong>Frankenstein<\/strong> le est\u00e1 dando en toditita la madre!<\/p>\n<p>\u00bfLlegar\u00e1 con fuerzas a las elecciones del pr\u00f3ximo a\u00f1o?<\/p>\n<p style=\"text-align: center;\"><strong>Guerrero, la puntilla<\/strong><\/p>\n<p><strong>\u00a0<\/strong>Morena ya perdi\u00f3 Guerrero, por lo pronto.<\/p>\n<p>Y muy probablemente tambi\u00e9n a much\u00edsimos otros de sus adeptos de varias entidades m\u00e1s que han visto horrorizados, encabronados, como el fallido gobiernito de AMLO ha rehuido de pr\u00e1cticamente todas sus responsabilidades para con los damnificados del hurac\u00e1n <strong>\u201cOtis\u201d<\/strong>.<\/p>\n<p>Primero, como ya ha quedado demostrado, no avis\u00f3 de lo que se ven\u00eda, pese a que las instancias meteorol\u00f3gicas nacionales e internacionales advert\u00edan de la alta peligrosidad del hurac\u00e1n con varias horas de anticipaci\u00f3n.<\/p>\n<p>Las horas suficientes para advertir a la poblaci\u00f3n del alto riesgo y para poner en marcha los mecanismos \u2014si es que todav\u00eda existen\u2014 de remediaci\u00f3n de la cat\u00e1strofe humana y material que se ve\u00eda venir.<\/p>\n<p>En vez de ello, pidi\u00f3 sus (in)comunicadores que postearan en X un insustancial aviso, cuando el hurac\u00e1n ya hab\u00eda iniciado su destrucci\u00f3n y cobrado las primeras vidas.<\/p>\n<p>Apu\u00f1al\u00f3 otra vez a los guerrerenses. Luego mont\u00f3 una especie de \u00f3pera bufa para trasladarse a Acapulco por v\u00eda terrestre. Se ator\u00f3. Se enfang\u00f3. Pidi\u00f3 \u201cavent\u00f3n\u201d. Y estuvo tan s\u00f3lo unos minutos en el epicentro del desastre, tras largas horas de trayecto. Eso s\u00ed, regres\u00f3 por v\u00eda a\u00e9rea para estar puntual al d\u00eda siguiente en su \u201cma\u00f1anera\u201d.<\/p>\n<p>Se burl\u00f3 de los damnificados, al tiempo que los apu\u00f1alaba.<\/p>\n<p>Dio instrucciones para que las fuerzas militares, navales y de la inservible Guardia Nacional no impidieran los saqueos, la rapi\u00f1a, los desmadres del \u201cpueblo bueno y sabio\u201d, lo que duplic\u00f3 la magnitud del desastre porque ahora hay escasez de agua, v\u00edveres, combustibles, medicamentos.<\/p>\n<p>Con abrazos, las mal llamadas fuerzas del orden permitieron que la delincuencia organizada despojara a los damnificados.<\/p>\n<p>Y peor todav\u00eda, intent\u00f3 que s\u00f3lo el Ej\u00e9rcito repartiera la ayuda a quienes lo perdieron todo por la fuerza huracanada de \u201cOtis\u201d.<\/p>\n<p>Pu\u00f1alada tras pu\u00f1alada.<\/p>\n<p>Y Morena se desangra ante los gritos y reclamos de hombres y mujeres que hoy padecen la tragedia. Llaman al Presidente y \u00e9ste no los ve ni los oye, como es cl\u00e1sico en \u00e9l. Advierten que ya no van a votar por los candidatos del partido guinda\u2026<\/p>\n<p>\u2026y la respuesta de <strong>Claudia Sheinbaum<\/strong> y de <strong>Mario Delgado<\/strong> es la donaci\u00f3n de tres meses de salario de los legisladores guindas, incluido el de la propia \u201ccorcholata\u201d que debe ser \u201caviadora\u201d en las n\u00f3minas oficiales; y un reclamo a <strong>X\u00f3chitl G\u00e1lvez<\/strong> por un falso post que corre en las redes, respectivamente. Estos dos est\u00e1n desesperados. Ven como Morena se desangra por las pu\u00f1aladas que le asesta L\u00f3pez Obrador quien a\u00fan no atina a reaccionar como debiera ante la tragedia.<\/p>\n<p>\u00bfLlegar\u00e1n con vida pol\u00edtica y con fuerza electoral a los comicios del pr\u00f3ximo a\u00f1o?<\/p>\n<p>Lo dudo.<\/p>\n<p>\u00bfO usted qu\u00e9 cree?<\/p>\n<p style=\"text-align: center;\"><strong>Indicios<\/strong><\/p>\n<p>\u00a0\u201cUn sue\u00f1o, un deseo\u201d, una carta a <strong><em>Santa Claus<\/em><\/strong> escribi\u00f3 este martes el Presidente de la Rep\u00fablica al se\u00f1alar que no habr\u00e1 amarga Navidad para los habitantes de Acapulco. Que har\u00e1 realidad que no haya una \u201camarga Navidad\u201d. \u00a1Ingenuo! * * * Cuando en su plan revanchista en contra de la SCJN anunci\u00f3 el atraco a los fideicomisos de los trabajadores del Poder Judicial dijo que esos 15 mil millones de pesos se destinar\u00edan a becar estudiantes. Luego tuvo un par m\u00e1s de ocurrencias sobre a d\u00f3nde iba a dirigir el cuantioso monto pecuniario. Y ahora resulta que lo quiere dedicar a la reconstrucci\u00f3n del puerto guerrerense da\u00f1ado por \u201cOtis\u201d. \u00bfPues no que el gobiernito cuenta con los recursos para ello? * * * \u00bfY las poblaciones campesinas afectadas en Guerrero? Tampoco reciben atenci\u00f3n de la 4T. * * * Tiene raz\u00f3n el analista <strong>Jes\u00fas Silva-Herzog M\u00e1rquez<\/strong>. La primera pu\u00f1alada por la espalda que AMLO le dio a Guerrero fue su capricho vengativo de haber colocado como gobernadora a <strong>Evelyn <em>Botitas Limpias<\/em> Salgado<\/strong>, hija del acusado \u201cviolador de la Costa\u201d a quien el INE vet\u00f3 por las acusaciones que pesan en su contra. La se\u00f1ora tampoco atina a cumplir el mandato que le confirieron los votantes. De ella s\u00f3lo se sabe por las rater\u00edas de sus m\u00e1s pr\u00f3ximos, por su pasividad ante el crecimiento imparable de la violencia del crimen organizado y, ahora, por sus ansias de ser <strong><em>cheerleader<\/em><\/strong> para lanzar porras a L\u00f3pez Obrador. \u00a1Da pena! * * * En ese af\u00e1n enfermizo de insultar por insultar, en su matin\u00e9 del lunes AMLO se lanz\u00f3 en contra del ministro de la Corte, <strong>Alberto P\u00e9rez Day\u00e1n,<\/strong> por haber asistido a la carrera dominical de F1. Empero, soslay\u00f3 que otros asistentes fueron su hijo mayor y la se\u00f1ora que \u201cal parecer tiene dinero\u201d, acompa\u00f1ados de la hija del gobernador sinaloense <strong>Rub\u00e9n Rocha Moya<\/strong>. \u00bfCu\u00e1l es la relaci\u00f3n que <strong>Jos\u00e9 Ram\u00f3n L\u00f3pez Beltr\u00e1n<\/strong>, c\u00f3nyuge e hija tienen con esa entidad de la Rep\u00fablica? Recuerde que usted fue que en Culiac\u00e1n donde la jovencita festej\u00f3 su cumplea\u00f1os en un fastuoso evento \u00bforganizado por? * * * Del creador del cuento de <strong><em>Batman<\/em><\/strong>, el legislador de la capital nacional <strong>Jes\u00fas Sesma<\/strong>, proviene ahora la \u201camenaza\u201d a Morena de que los escasos militantes del Partido Verde (sic) se ir\u00e1n con todos sus millones a vender caro su amor a otra franquicia pol\u00edtica si es que no postulan a <strong>Omar Garc\u00eda Harfuch<\/strong> como candidato al gobierno de CDMX. * * * De esc\u00e1ndalo, las percepciones mensuales del senador poblano <strong>Alejandro Armenta<\/strong> durante el a\u00f1o en que fungi\u00f3 como presidente de la asamblea del Senado de la Rep\u00fablica. Se embolsaba un mill\u00f3n 600 mil pesos. \u00bfCu\u00e1nto se llevar\u00e1 su primo <strong>Ignacio Mier, <\/strong>quien encabeza a la manada morenista en San L\u00e1zaro? \u00bfMuchos m\u00e1s millones? Ambos est\u00e1n en la liza por la candidatura al gobierno de Puebla y han derrochado verdaderas fortunas en promoci\u00f3n publicitaria. * * * Morena le tiene miedo a la alcaldesa en \u00c1lvaro Obreg\u00f3n en CDMX, <strong>L\u00eda Lim\u00f3n<\/strong>. Sus congresistas negaron la licencia temporal que ella hab\u00eda solicitado para poder contender por la jefatura del gobierno. Seguramente el Tribunal Electoral revocar\u00e1 esa negativa, pues coarta los derechos pol\u00edticos de la se\u00f1ora. * * * Y por hoy es todo. Le deseo, como siempre, \u00a1buenas gracias y muchos, muchos d\u00edas!<\/p>\n<p><em><u><a href=\"http:\/\/www.indicepolitico.com\" target=\"_blank\" rel=\"noopener noreferrer\">www.indicepolitico.com<\/a><\/u><u><br \/>\n<\/u><a href=\"mailto:indicepolitico@gmail.com\" target=\"_blank\" rel=\"noopener noreferrer\">indicepolitico@gmail.com<\/a><\/em><br \/>\n<em><a href=\"https:\/\/twitter.com\/indicepolitico?lang=es\" target=\"_blank\" rel=\"noopener noreferrer\">@IndicePolitico<\/a><\/em><br \/>\n<em><u><a href=\"https:\/\/twitter.com\/pacorodriguez\" target=\"_blank\" rel=\"noopener noreferrer\">@pacorodriguez<\/a><\/u><\/em><\/p>\n","protected":false},"excerpt":{"rendered":"<p><span style=\"color: #005497;\"><strong>Francisco Rodr\u00edguez<\/strong><\/span><\/p>\n","protected":false},"author":3,"featured_media":0,"comment_status":"open","ping_status":"open","sticky":false,"template":"","format":"standard","meta":{"_monsterinsights_skip_tracking":false,"_monsterinsights_sitenote_active":false,"_monsterinsights_sitenote_note":"","_monsterinsights_sitenote_category":0,"footnotes":""},"categories":[549],"tags":[43689,550,43674],"class_list":["post-600276","post","type-post","status-publish","format-standard","hentry","category-francisco-rodriguez","tag-francisco-rodriguez","tag-indice-politico","tag-opinion"],"_links":{"self":[{"href":"https:\/\/www.diarioimagen.net\/index.php?rest_route=\/wp\/v2\/posts\/600276","targetHints":{"allow":["GET"]}}],"collection":[{"href":"https:\/\/www.diarioimagen.net\/index.php?rest_route=\/wp\/v2\/posts"}],"about":[{"href":"https:\/\/www.diarioimagen.net\/index.php?rest_route=\/wp\/v2\/types\/post"}],"author":[{"embeddable":true,"href":"https:\/\/www.diarioimagen.net\/index.php?rest_route=\/wp\/v2\/users\/3"}],"replies":[{"embeddable":true,"href":"https:\/\/www.diarioimagen.net\/index.php?rest_route=%2Fwp%2Fv2%2Fcomments&post=600276"}],"version-history":[{"count":0,"href":"https:\/\/www.diarioimagen.net\/index.php?rest_route=\/wp\/v2\/posts\/600276\/revisions"}],"wp:attachment":[{"href":"https:\/\/www.diarioimagen.net\/index.php?rest_route=%2Fwp%2Fv2%2Fmedia&parent=600276"}],"wp:term":[{"taxonomy":"category","embeddable":true,"href":"https:\/\/www.diarioimagen.net\/index.php?rest_route=%2Fwp%2Fv2%2Fcategories&post=600276"},{"taxonomy":"post_tag","embeddable":true,"href":"https:\/\/www.diarioimagen.net\/index.php?rest_route=%2Fwp%2Fv2%2Ftags&post=600276"}],"curies":[{"name":"wp","href":"https:\/\/api.w.org\/{rel}","templated":true}]}}