{"id":600309,"date":"2023-11-02T00:06:54","date_gmt":"2023-11-02T06:06:54","guid":{"rendered":"https:\/\/www.diarioimagen.net\/?p=600309"},"modified":"2023-11-03T01:27:34","modified_gmt":"2023-11-03T07:27:34","slug":"centro-universitario-tenancingo-de-la-uaemex-realizo-edicion-2023-del-festival-el-muerto-al-pozo-y-el-vivo-al-gozo","status":"publish","type":"post","link":"https:\/\/www.diarioimagen.net\/?p=600309","title":{"rendered":"Centro Universitario Tenancingo de la UAEM\u00e9x realiz\u00f3 edici\u00f3n 2023 del Festival \u201cEl muerto al pozo y el vivo al gozo\u201d"},"content":{"rendered":"<p>&nbsp;<\/p>\n<div id=\"attachment_600379\" style=\"width: 470px\" class=\"wp-caption aligncenter\"><a href=\"https:\/\/www.diarioimagen.net\/?attachment_id=600379\" rel=\"attachment wp-att-600379\"><img loading=\"lazy\" decoding=\"async\" aria-describedby=\"caption-attachment-600379\" class=\"size-full wp-image-600379\" src=\"https:\/\/www.diarioimagen.net\/wp-content\/uploads\/2023\/11\/uaem-centro-universitario.jpg\" alt=\"\" width=\"460\" height=\"270\" \/><\/a><p id=\"caption-attachment-600379\" class=\"wp-caption-text\">Los primeros d\u00edas de septiembre inici\u00f3 la preparaci\u00f3n de las actividades que contempla el programa de este festival.<\/p><\/div>\n<p>&nbsp;<\/p>\n<p><strong>Tenancingo, Estado de M\u00e9xico.\u2013<\/strong> Estudiantes, acad\u00e9micos y trabajadores administrativos del Centro Universitario Tenancingo de la Universidad Aut\u00f3noma del Estado de M\u00e9xico (UAEM\u00e9x) participaron en la edici\u00f3n 2023 del Festival \u201cEl muerto al pozo y el vivo al gozo\u201d, que tiene como prop\u00f3sito resaltar las tradiciones y costumbres alusivas al D\u00eda de Muertos.<\/p>\n<p>Cabe destacar que fue los primeros d\u00edas de septiembre cuando inici\u00f3 la preparaci\u00f3n de las actividades que contempla el programa de este festival como los concursos de ofrendas por cada una las cinco licenciaturas que ofrece este campus de la Aut\u00f3noma mexiquense -Arqueolog\u00eda, Turismo, Gastronom\u00eda, Relaciones Econ\u00f3micas Internacionales e Ingeniero Agr\u00f3nomo en Floricultura-, de calaveras literarias y de catrinas y catrines vivientes, as\u00ed como la colocaci\u00f3n de la ofrenda monumental, que, a petici\u00f3n de las autoridades municipales, este a\u00f1o se coloc\u00f3 en el jard\u00edn central de Tenancingo.<\/p>\n<p>La ofrenda monumental, consistente en un gran tapete de aserr\u00edn en el que se fusionan los conceptos de vida y muerte, se coloc\u00f3 bajo la coordinaci\u00f3n del titular del Taller de Dibujo y Artes Pl\u00e1sticas, Eric Camacho Guti\u00e9rrez. Las comunidades de las cinco licenciaturas se involucraron con este trabajo, desde el desarroll\u00f3 del dise\u00f1o hasta la pintada y colocaci\u00f3n del aserr\u00edn.<\/p>\n<p>En esta ocasi\u00f3n, el Festival tuvo una duraci\u00f3n de dos d\u00edas, 26 y 27 de octubre. Durante el primer d\u00eda, por la ma\u00f1ana, se coloc\u00f3 la ofrenda monumental, que fue inaugurada por la tarde por las autoridades municipales y del propio Centro Universitario UAEM Tenancingo.<\/p>\n<p>En tanto, el d\u00eda 27, por la ma\u00f1ana, en las instalaciones del campus, se llevaron a cabo los concursos de ofrendas, de calaveras literarias y catrines y catrinas vivientes. Asimismo, se cont\u00f3 con la participaci\u00f3n de grupos art\u00edsticos y culturales del municipio.<\/p>\n<p>Por la tarde, se llev\u00f3 a cabo el desfile de carros aleg\u00f3ricos, en el que participaron estudiantes de todas las licenciaturas, presentando las tem\u00e1ticas: M\u00e9xico Prehisp\u00e1nico, M\u00e9xico en el Virreinato, M\u00e9xico Independiente, M\u00e9xico en La Revoluci\u00f3n y el Porfiriato y M\u00e9xico Contempor\u00e1neo.<\/p>\n","protected":false},"excerpt":{"rendered":"<p>Estudiantes, acad\u00e9micos y trabajadores administrativos del Centro Universitario Tenancingo de la Universidad Aut\u00f3noma del Estado de M\u00e9xico (UAEM\u00e9x) participaron en la edici\u00f3n 2023 del Festival \u201cEl muerto al pozo y el vivo al gozo\u201d, que tiene como prop\u00f3sito resaltar las tradiciones y costumbres alusivas al D\u00eda de Muertos.<\/p>\n","protected":false},"author":3,"featured_media":600379,"comment_status":"open","ping_status":"open","sticky":false,"template":"","format":"standard","meta":{"_monsterinsights_skip_tracking":false,"_monsterinsights_sitenote_active":false,"_monsterinsights_sitenote_note":"","_monsterinsights_sitenote_category":0,"footnotes":""},"categories":[5],"tags":[96746,67878],"class_list":["post-600309","post","type-post","status-publish","format-standard","has-post-thumbnail","hentry","category-estado-de-mexico","tag-el-muerto-al-pozo-y-el-vivo-al-gozo","tag-uaemex"],"_links":{"self":[{"href":"https:\/\/www.diarioimagen.net\/index.php?rest_route=\/wp\/v2\/posts\/600309","targetHints":{"allow":["GET"]}}],"collection":[{"href":"https:\/\/www.diarioimagen.net\/index.php?rest_route=\/wp\/v2\/posts"}],"about":[{"href":"https:\/\/www.diarioimagen.net\/index.php?rest_route=\/wp\/v2\/types\/post"}],"author":[{"embeddable":true,"href":"https:\/\/www.diarioimagen.net\/index.php?rest_route=\/wp\/v2\/users\/3"}],"replies":[{"embeddable":true,"href":"https:\/\/www.diarioimagen.net\/index.php?rest_route=%2Fwp%2Fv2%2Fcomments&post=600309"}],"version-history":[{"count":0,"href":"https:\/\/www.diarioimagen.net\/index.php?rest_route=\/wp\/v2\/posts\/600309\/revisions"}],"wp:featuredmedia":[{"embeddable":true,"href":"https:\/\/www.diarioimagen.net\/index.php?rest_route=\/wp\/v2\/media\/600379"}],"wp:attachment":[{"href":"https:\/\/www.diarioimagen.net\/index.php?rest_route=%2Fwp%2Fv2%2Fmedia&parent=600309"}],"wp:term":[{"taxonomy":"category","embeddable":true,"href":"https:\/\/www.diarioimagen.net\/index.php?rest_route=%2Fwp%2Fv2%2Fcategories&post=600309"},{"taxonomy":"post_tag","embeddable":true,"href":"https:\/\/www.diarioimagen.net\/index.php?rest_route=%2Fwp%2Fv2%2Ftags&post=600309"}],"curies":[{"name":"wp","href":"https:\/\/api.w.org\/{rel}","templated":true}]}}