{"id":600327,"date":"2023-11-02T00:04:18","date_gmt":"2023-11-02T06:04:18","guid":{"rendered":"https:\/\/www.diarioimagen.net\/?p=600327"},"modified":"2023-11-02T00:41:30","modified_gmt":"2023-11-02T06:41:30","slug":"delfina-gomez-seguira-el-apoyo-a-damnificados","status":"publish","type":"post","link":"https:\/\/www.diarioimagen.net\/?p=600327","title":{"rendered":"Delfina G\u00f3mez: seguir\u00e1 el apoyo a damnificados"},"content":{"rendered":"<p>&nbsp;<\/p>\n<ul>\n<li><strong><em>Respuesta ciudadana<\/em> <\/strong><\/li>\n<\/ul>\n<p>&nbsp;<\/p>\n<div id=\"attachment_600390\" style=\"width: 470px\" class=\"wp-caption aligncenter\"><a href=\"https:\/\/www.diarioimagen.net\/?attachment_id=600390\" rel=\"attachment wp-att-600390\"><img loading=\"lazy\" decoding=\"async\" aria-describedby=\"caption-attachment-600390\" class=\"size-full wp-image-600390\" src=\"https:\/\/www.diarioimagen.net\/wp-content\/uploads\/2023\/11\/DELFINA.jpg\" alt=\"\" width=\"460\" height=\"270\" \/><\/a><p id=\"caption-attachment-600390\" class=\"wp-caption-text\">En la Mesa de Coordinaci\u00f3n para la Construcci\u00f3n de la Paz se inform\u00f3 del trabajo con las autoridades federales de Salud para el env\u00edo de medicamentos y material m\u00e9dico quir\u00fargico a Guerrero.<\/p><\/div>\n<p>&nbsp;<\/p>\n<p><strong>Toluca, Estado de M\u00e9xico.\u2014<\/strong> En la Mesa de Coordinaci\u00f3n para la Construcci\u00f3n de la Paz, encabezada por la gobernadora Delfina G\u00f3mez \u00c1lvarez, se determin\u00f3 continuar con el apoyo humanitario a las familias damnificadas por el hurac\u00e1n \u201cOtis\u201d, en tanto se mantenga el estado de emergencia.<\/p>\n<p>\u201cUn Estado de M\u00e9xico seguro es la prioridad de quienes integramos la Mesa de Coordinaci\u00f3n para la Construcci\u00f3n de la Paz. Estamos enfocados en garantizar tu tranquilidad y la de tu familia. #ElPoderDeServir\u201d, comparti\u00f3 la mandataria estatal en sus redes sociales.<\/p>\n<p>En la reuni\u00f3n de trabajo realizada en la sede del Poder Ejecutivo estatal, se inform\u00f3 que la Secretar\u00eda de Salud mexiquense mantiene comunicaci\u00f3n con las autoridades federales para coordinar el env\u00edo de medicamentos y material m\u00e9dico quir\u00fargico al estado de Guerrero, una vez que existan condiciones adecuadas para su resguardo y almacenaje.<\/p>\n<p>Se inform\u00f3 que la respuesta al llamado solidario hecho por la mandataria estatal a la poblaci\u00f3n mexiquense ha sido encomiable, toda vez que se han enviado m\u00e1s de 154 toneladas de ayuda humanitaria al estado de Guerrero.<\/p>\n<p>Adem\u00e1s del despliegue de 15 camiones cisterna para abastecer con agua potable a albergues y hospitales, una planta potabilizadora, y maquinaria para limpieza y remoci\u00f3n de escombros, desinfecci\u00f3n y sanitizaci\u00f3n.<\/p>\n<p>As\u00ed como la presencia de tres helic\u00f3pteros del Grupo de Rescate A\u00e9reo \u201cRel\u00e1mpagos\u201d y personal del Servicio de Urgencias del Estado de M\u00e9xico (SUEM) en la Base Militar del Aeropuerto Internacional de la Ciudad de M\u00e9xico (AICM), donde reciben a los pacientes para llevarlos a las unidades hospitalarias correspondientes.<\/p>\n<p>De igual forma se inform\u00f3 que gracias al llamado de la gobernadora Delfina G\u00f3mez, este apoyo se ha extendido a los animales de compa\u00f1\u00eda con una respuesta favorable por parte de la sociedad mexiquense, quienes est\u00e1n entregando en el Centro de Acopio instalado en Palacio alimento en lata o sobre para las mascotas.<\/p>\n<p>En la Mesa de Coordinaci\u00f3n para la Construcci\u00f3n de la Paz del d\u00eda participaron Horacio Duarte Olivares, Secretario General de Gobierno, y Andr\u00e9s Andrade T\u00e9llez, Secretario de Seguridad.<\/p>\n<p>Asimismo, asistieron integrantes de la Fiscal\u00eda General de la Rep\u00fablica; de la Secretar\u00eda de Marina; de la Secretar\u00eda de la Defensa Nacional; la Fiscal\u00eda General de Justicia del Estado de M\u00e9xico; de la Coordinaci\u00f3n Estatal de la Guardia Nacional en el Estado de M\u00e9xico; del Centro Nacional de Inteligencia en el Estado de M\u00e9xico; de la Comisi\u00f3n de Derechos Humanos del Estado de M\u00e9xico; la Coordinaci\u00f3n General de Protecci\u00f3n Civil y Gesti\u00f3n Integral de Riesgo; entre otras autoridades federales y municipales.<\/p>\n","protected":false},"excerpt":{"rendered":"<p>En la Mesa de Coordinaci\u00f3n para la Construcci\u00f3n de la Paz, encabezada por la gobernadora Delfina G\u00f3mez \u00c1lvarez, se determin\u00f3 continuar con el apoyo humanitario a las familias damnificadas por el hurac\u00e1n \u201cOtis\u201d, en tanto se mantenga el estado de emergencia.<\/p>\n","protected":false},"author":3,"featured_media":600390,"comment_status":"open","ping_status":"open","sticky":false,"template":"","format":"standard","meta":{"_monsterinsights_skip_tracking":false,"_monsterinsights_sitenote_active":false,"_monsterinsights_sitenote_note":"","_monsterinsights_sitenote_category":0,"footnotes":""},"categories":[5],"tags":[46324,21667,57859],"class_list":["post-600327","post","type-post","status-publish","format-standard","has-post-thumbnail","hentry","category-estado-de-mexico","tag-acapulco","tag-ayuda","tag-delfina-gomez-alvarez"],"_links":{"self":[{"href":"https:\/\/www.diarioimagen.net\/index.php?rest_route=\/wp\/v2\/posts\/600327","targetHints":{"allow":["GET"]}}],"collection":[{"href":"https:\/\/www.diarioimagen.net\/index.php?rest_route=\/wp\/v2\/posts"}],"about":[{"href":"https:\/\/www.diarioimagen.net\/index.php?rest_route=\/wp\/v2\/types\/post"}],"author":[{"embeddable":true,"href":"https:\/\/www.diarioimagen.net\/index.php?rest_route=\/wp\/v2\/users\/3"}],"replies":[{"embeddable":true,"href":"https:\/\/www.diarioimagen.net\/index.php?rest_route=%2Fwp%2Fv2%2Fcomments&post=600327"}],"version-history":[{"count":0,"href":"https:\/\/www.diarioimagen.net\/index.php?rest_route=\/wp\/v2\/posts\/600327\/revisions"}],"wp:featuredmedia":[{"embeddable":true,"href":"https:\/\/www.diarioimagen.net\/index.php?rest_route=\/wp\/v2\/media\/600390"}],"wp:attachment":[{"href":"https:\/\/www.diarioimagen.net\/index.php?rest_route=%2Fwp%2Fv2%2Fmedia&parent=600327"}],"wp:term":[{"taxonomy":"category","embeddable":true,"href":"https:\/\/www.diarioimagen.net\/index.php?rest_route=%2Fwp%2Fv2%2Fcategories&post=600327"},{"taxonomy":"post_tag","embeddable":true,"href":"https:\/\/www.diarioimagen.net\/index.php?rest_route=%2Fwp%2Fv2%2Ftags&post=600327"}],"curies":[{"name":"wp","href":"https:\/\/api.w.org\/{rel}","templated":true}]}}