{"id":600346,"date":"2023-11-02T00:08:35","date_gmt":"2023-11-02T06:08:35","guid":{"rendered":"https:\/\/www.diarioimagen.net\/?p=600346"},"modified":"2023-11-01T23:23:45","modified_gmt":"2023-11-02T05:23:45","slug":"morena-y-sus-embrollos","status":"publish","type":"post","link":"https:\/\/www.diarioimagen.net\/?p=600346","title":{"rendered":"Morena y sus embrollos"},"content":{"rendered":"<h2>Punto por punto<\/h2>\n<h5>Augusto Corro<\/h5>\n<p>&nbsp;<\/p>\n<p>Al partido Movimiento de Regeneraci\u00f3n Nacional (Morena) le empezaron a crecer los problemas. En el presente y quiz\u00e1s uno de los asuntos m\u00e1s importantes es la designaci\u00f3n del virtual candidato o candidata a la Jefatura de Gobierno de la Ciudad de M\u00e9xico (CDMX) por la que luchan el ex jefe de Seguridad Ciudadana, Omar Garc\u00eda Harfuch, y la ex alcaldesa de Iztapalapa, Clara Brugada.<\/p>\n<p>Conforme avanzan los d\u00edas y no se nombra al abanderado morenista, en las filas del partido surgieron inconformidades, pues militantes del partido guinda, los m\u00e1s radicales, rechazan la participaci\u00f3n de Omar Garc\u00eda Harfuch, otros, como los capitalinos de la clase media se pronuncian a favor del ex polic\u00eda. Los llamados radicales argumentan que Clara Brugada tiene m\u00e1s m\u00e9ritos en su carrera pol\u00edtica porque la hizo en la base de la militancia de la organizaci\u00f3n guinda. Cabe se\u00f1alar que en las encuestas, Omar Garc\u00eda Harfuch encabeza la lista de las preferencias electorales. \u00bfA qui\u00e9n le dar\u00e1n el premio? No ser\u00e1 f\u00e1cil para la dirigencia de Morena designar al ganador o ganadora.\u00a0 Los radicales comparan las trayectorias pol\u00edticas de ambos aspirantes. En tanto que Clara Brugada saca a relucir sus \u00e9xitos como dirigente pol\u00edtica, el ex secretario de Seguridad P\u00fablica lo relacionan con el caso de Ayotzinapa. Ser\u00e1 hasta el pr\u00f3ximo 10 de noviembre cuando se conozca qui\u00e9n de los dos contendientes ser\u00e1 el virtual candidato o candidata a gobernar una de las metr\u00f3polis m\u00e1s grandes del mundo.<\/p>\n<p>En la capital, el dirigente del \u201cPartido Verde\u201d en la capital, Jes\u00fas Sesma, manifest\u00f3 su apoyo a Omar Garc\u00eda Harfuch y que en caso contrario, es decir que el partido guinda se decidiera por designar a Clara Brugada, los verdes analizar\u00edan no acompa\u00f1arla, pero el dirigente nacional de la organizaci\u00f3n pol\u00edtica, Manuel Velasco, dice que respetar\u00e1n el proceso de las contiendas internas.<\/p>\n<p style=\"text-align: center;\"><strong>Las encuestas telef\u00f3nicas<\/strong><\/p>\n<p>Los problemas derivados de las encuestas electorales forman ya parte importante en la vida de los partidos pol\u00edticos, pues, dif\u00edcilmente, las derrotas ser\u00e1n aceptadas. Nadie quiere perder. Adem\u00e1s, los conflictos se agudizan cuando los resultados no son claros y se prestan a dudas.<\/p>\n<p>Los inconformes con los resultados del ejercicio demosc\u00f3pico elevan sus protestas, que van desde judicializar el asunto hasta lanzar amenazas de renunciar a su partido para probar suerte en otras organizaciones pol\u00edticas. La unidad partidista, seg\u00fan la importancia del inconforme, corre el riesgo de caer en el divisionismo.<\/p>\n<p>Uno de esos conflictos se vive ahora en Morena, que tiene como protagonista al ex canciller, Marcelo Ebrard, quien en los pr\u00f3ximos d\u00edas anunciar\u00e1 si contin\u00faa en la organizaci\u00f3n guinda o emigra al instituto pol\u00edtico Movimiento Ciudadano (MC). El ex titular de Relaciones Exteriores no acept\u00f3 los resultados de la encuesta realizada por su partido para designar al virtual candidato a la Presidencia de la Rep\u00fablica en los comicios de 2024. En la competencia gan\u00f3 la ex jefa de Gobierno de la Ciudad de M\u00e9xico (CDMX), doctora Claudia Sheinbaum.<\/p>\n<p>Ese resultado y el triunfo era esperado, pues desde el destape de las \u201ccorcholatas\u201d morenistas, Claudia Sheinbaum encabeza la lista de las preferencias electorales; sin embargo, el ex canciller, inexplicablemente, no quiso aceptar que se encontraba bajo la amenaza de la derrota.\u00a0 Cuando se conoci\u00f3, oficialmente, la designaci\u00f3n de la doctora Sheinbaum como virtual candidata presidencial, Ebrard desat\u00f3 su disgusto al que se sumaron sus seguidores. Dijo el derrotado que ya no ten\u00eda lugar en Morena, aunque afirm\u00f3 que su nombre aparecer\u00e1 en las boletas electorales de los pr\u00f3ximos comicios.<\/p>\n<p>En 2024 se llevar\u00e1 a cabo la elecci\u00f3n presidencial y en nueve estados se votar\u00e1 por nueve gobernadores, incluyendo la CDMX. El partido designar\u00e1 a sus candidatos apoyados en encuestas telef\u00f3nicas, que en algunos casos no son aceptadas por los aspirantes. La dirigencia morenista tendr\u00e1 que empe\u00f1arse en la limpieza y transparencia de sus designaciones para evitar conflictos mayores.<\/p>\n<p>\u00bfUsted qu\u00e9 opina amable lector?<\/p>\n<p><a href=\"mailto:augustocorro2742@gmail.com\" target=\"_blank\" rel=\"noopener\"><em>augustocorro2742@gmail.com<\/em><\/a><\/p>\n","protected":false},"excerpt":{"rendered":"<p><span style=\"color: #005497;\"><strong>Augusto Corro<\/strong><\/span><\/p>\n","protected":false},"author":3,"featured_media":0,"comment_status":"open","ping_status":"open","sticky":false,"template":"","format":"standard","meta":{"_monsterinsights_skip_tracking":false,"_monsterinsights_sitenote_active":false,"_monsterinsights_sitenote_note":"","_monsterinsights_sitenote_category":0,"footnotes":""},"categories":[157],"tags":[43686,43674,11515],"class_list":["post-600346","post","type-post","status-publish","format-standard","hentry","category-augusto-corro","tag-augusto-corro","tag-opinion","tag-punto-por-punto"],"_links":{"self":[{"href":"https:\/\/www.diarioimagen.net\/index.php?rest_route=\/wp\/v2\/posts\/600346","targetHints":{"allow":["GET"]}}],"collection":[{"href":"https:\/\/www.diarioimagen.net\/index.php?rest_route=\/wp\/v2\/posts"}],"about":[{"href":"https:\/\/www.diarioimagen.net\/index.php?rest_route=\/wp\/v2\/types\/post"}],"author":[{"embeddable":true,"href":"https:\/\/www.diarioimagen.net\/index.php?rest_route=\/wp\/v2\/users\/3"}],"replies":[{"embeddable":true,"href":"https:\/\/www.diarioimagen.net\/index.php?rest_route=%2Fwp%2Fv2%2Fcomments&post=600346"}],"version-history":[{"count":0,"href":"https:\/\/www.diarioimagen.net\/index.php?rest_route=\/wp\/v2\/posts\/600346\/revisions"}],"wp:attachment":[{"href":"https:\/\/www.diarioimagen.net\/index.php?rest_route=%2Fwp%2Fv2%2Fmedia&parent=600346"}],"wp:term":[{"taxonomy":"category","embeddable":true,"href":"https:\/\/www.diarioimagen.net\/index.php?rest_route=%2Fwp%2Fv2%2Fcategories&post=600346"},{"taxonomy":"post_tag","embeddable":true,"href":"https:\/\/www.diarioimagen.net\/index.php?rest_route=%2Fwp%2Fv2%2Ftags&post=600346"}],"curies":[{"name":"wp","href":"https:\/\/api.w.org\/{rel}","templated":true}]}}