{"id":600349,"date":"2023-11-02T00:03:01","date_gmt":"2023-11-02T06:03:01","guid":{"rendered":"https:\/\/www.diarioimagen.net\/?p=600349"},"modified":"2023-11-01T23:45:39","modified_gmt":"2023-11-02T05:45:39","slug":"lo-de-segalmex-tambien-para-acapulco","status":"publish","type":"post","link":"https:\/\/www.diarioimagen.net\/?p=600349","title":{"rendered":"Lo de Segalmex, tambi\u00e9n para Acapulco"},"content":{"rendered":"<h2>Espacio Electoral<\/h2>\n<h5>Eleazar Flores<\/h5>\n<p>&nbsp;<\/p>\n<p><strong>TAMBI\u00c9N SON 15,000 MILLONES-.<\/strong> Ahora que estamos en tiempos de ahorros de la Cuarta Transformaci\u00f3n que quita recursos por doquier para ir en apoyo de los damnificados de Acapulco y pueblos circunvecinos, hay una dependencia federal en l\u00edos, con una cantidad semejante de la que el presidente Andr\u00e9s Manuel L\u00f3pez Obrador pretende \u201cdescobijar\u201d al Poder Judicial de la Federaci\u00f3n.<\/p>\n<p>Se trata, usted lo sabe bien, de Seguridad Alimentaria Mexicana, Segalmex, sucesora de la antes exitosa Compa\u00f1\u00eda Nacional de Subsistencias Populares, Conasupo, que el gobierno del tabasque\u00f1o la puso en manos de su ex jefe, en el inicio de los setenta, Ignacio Ovalle Fern\u00e1ndez, pol\u00edtico joven del echeverrismo cuando ascendi\u00f3 de secretario particular de Luis Echeverr\u00eda a Secretario de la Presidencia, cuando escasamente llegaba a los 30 a\u00f1os.<\/p>\n<p>Pues la Segalmex lleg\u00f3 a un mal manejo, que inicialmente se calcul\u00f3 en unos 19 mil millones de pesos y con el tiempo se disminuy\u00f3 a 15,300 millones de pesos, tanto que se lleg\u00f3 a bautizar por los medios como la \u201cESTAFA MAESTRA\u201d.<\/p>\n<p>Entre los malos manejos, se denunciaron en los medios tratos oscuros, incluso con el gobierno de Venezuela y cuando este caso lo publicaron, Nachito Ovalle ciertamente renunci\u00f3 al cargo como DIRECTOR GENERAL de Segalmex, pero cay\u00f3 hacia arriba, ya que por decisi\u00f3n presidencial fue designado Director General del Instituto Nacional para el Federalismo y el Desarrollo Municipal, Inafed.<\/p>\n<p>De las innumerables e insistentes denuncias acerca de los malos manejos en Segalmex, se manejaron compras poco claras para surtir a las anta\u00f1o tiendas Diconsa Y Liconsa, instaladas en las localidades m\u00e1s alejadas que usted se imagine, pero donde se encontraba desde las SEIS DE LA MA\u00d1ANA, leche, az\u00facar, arroz, frijol, aceites comestibles y dem\u00e1s b\u00e1sicos.<\/p>\n<p>Producto de esas innumerables denuncias, fue capturado meses despu\u00e9s, en la lejana Argentina, un ex funcionario de Segalmex y en tierra azteca tambi\u00e9n se detuvo a un funcionario menor de la misma dependencia, de nombre Ren\u00e9 Gavira.<\/p>\n<p>Pero el licenciado Ignacio Ovalle Fern\u00e1ndez sigue gozando no s\u00f3lo de libertad sino hasta de un buen sueldo, pues de Segalmex pas\u00f3 en directo al Inafed, con la justificaci\u00f3n presidencial p\u00fablica en el sentido de que el licenciado Ovalle \u201ces una buena persona\u201d, que fue enga\u00f1ada por sus colaboradores, que resultaron ser unos pillos.<\/p>\n<p>Pero de los 15 mil 300 millones de pesos no se sabe nada, cantidad semejante a los 15 mil millones de pesos que la Suprema Corte de Justicia de la Naci\u00f3n asignaba a sus FIDEICOMISOS y que el presidente Andr\u00e9s Manuel L\u00f3pez Obrador pretende \u201cmochar\u201d y asignarlos a Acapulco.<\/p>\n<p>En principio, hay buena disposici\u00f3n de la Suprema Corte, pero habr\u00eda que pedirle al ejecutivo la M\u00cdNIMA GARANT\u00cdA de no desviaci\u00f3n de recursos.<\/p>\n<p><em><a href=\"mailto:elefa44@gmail.com\" target=\"_blank\" rel=\"noopener noreferrer\">elefa44@gmail.com<\/a><\/em><\/p>\n","protected":false},"excerpt":{"rendered":"<p><span style=\"color: #005497;\"><strong>Eleazar Flores<\/strong><\/span><\/p>\n","protected":false},"author":3,"featured_media":0,"comment_status":"open","ping_status":"open","sticky":false,"template":"","format":"standard","meta":{"_monsterinsights_skip_tracking":false,"_monsterinsights_sitenote_active":false,"_monsterinsights_sitenote_note":"","_monsterinsights_sitenote_category":0,"footnotes":""},"categories":[81743],"tags":[81744,81776,43674],"class_list":["post-600349","post","type-post","status-publish","format-standard","hentry","category-eleazar-flores","tag-eleazar-flores","tag-espacio-electoral","tag-opinion"],"_links":{"self":[{"href":"https:\/\/www.diarioimagen.net\/index.php?rest_route=\/wp\/v2\/posts\/600349","targetHints":{"allow":["GET"]}}],"collection":[{"href":"https:\/\/www.diarioimagen.net\/index.php?rest_route=\/wp\/v2\/posts"}],"about":[{"href":"https:\/\/www.diarioimagen.net\/index.php?rest_route=\/wp\/v2\/types\/post"}],"author":[{"embeddable":true,"href":"https:\/\/www.diarioimagen.net\/index.php?rest_route=\/wp\/v2\/users\/3"}],"replies":[{"embeddable":true,"href":"https:\/\/www.diarioimagen.net\/index.php?rest_route=%2Fwp%2Fv2%2Fcomments&post=600349"}],"version-history":[{"count":0,"href":"https:\/\/www.diarioimagen.net\/index.php?rest_route=\/wp\/v2\/posts\/600349\/revisions"}],"wp:attachment":[{"href":"https:\/\/www.diarioimagen.net\/index.php?rest_route=%2Fwp%2Fv2%2Fmedia&parent=600349"}],"wp:term":[{"taxonomy":"category","embeddable":true,"href":"https:\/\/www.diarioimagen.net\/index.php?rest_route=%2Fwp%2Fv2%2Fcategories&post=600349"},{"taxonomy":"post_tag","embeddable":true,"href":"https:\/\/www.diarioimagen.net\/index.php?rest_route=%2Fwp%2Fv2%2Ftags&post=600349"}],"curies":[{"name":"wp","href":"https:\/\/api.w.org\/{rel}","templated":true}]}}