{"id":600422,"date":"2023-11-03T00:01:43","date_gmt":"2023-11-03T06:01:43","guid":{"rendered":"https:\/\/www.diarioimagen.net\/?p=600422"},"modified":"2023-11-05T23:55:27","modified_gmt":"2023-11-06T05:55:27","slug":"en-gustavo-a-madero-y-cuauhtemoc-proxima-parada-de-jornadas-de-mediacion-gratuitas-del-pjcdmx","status":"publish","type":"post","link":"https:\/\/www.diarioimagen.net\/?p=600422","title":{"rendered":"En Gustavo A. Madero y Cuauht\u00e9moc, pr\u00f3xima parada de Jornadas de Mediaci\u00f3n Gratuitas del PJCDMX"},"content":{"rendered":"<p>&nbsp;<\/p>\n<ul>\n<li><strong><em>En ambas alcald\u00edas se prestar\u00e1 el servicio entre el lunes 6 y el viernes 10 de noviembre, en horario de 9:00 a 15:00 horas, con mediadores privados como pol\u00edtica que fomenta la seguridad, la paz <\/em><\/strong><strong><em>y la tranquilidad de las personas<\/em><\/strong><\/li>\n<\/ul>\n<p>&nbsp;<\/p>\n<div id=\"attachment_600478\" style=\"width: 470px\" class=\"wp-caption aligncenter\"><a href=\"https:\/\/www.diarioimagen.net\/?attachment_id=600478\" rel=\"attachment wp-att-600478\"><img loading=\"lazy\" decoding=\"async\" aria-describedby=\"caption-attachment-600478\" class=\"wp-image-600478 size-full\" src=\"https:\/\/www.diarioimagen.net\/wp-content\/uploads\/2023\/11\/tribunal-1.jpg\" alt=\"\" width=\"460\" height=\"270\" \/><\/a><p id=\"caption-attachment-600478\" class=\"wp-caption-text\">Se busca que las personas solucionen conflictos de las materias familiar, civil y mercantil.<\/p><\/div>\n<p>&nbsp;<\/p>\n<p>A partir del lunes 6 y hasta el viernes 10 de noviembre, el Poder Judicial de la Ciudad de M\u00e9xico (PJCDMX), cuyo presidente es el magistrado Rafael Guerra \u00c1lvarez, llevar\u00e1 a las alcald\u00edas Gustavo A. Madero y Cuauht\u00e9moc las Jornadas de Mediaci\u00f3n y Otros Servicios, con mediadores privados que brindan servicio gratuito a la ciudadan\u00eda para resolver controversias de las materias familiar, civil y mercantil sin la necesidad de un juicio.<\/p>\n<p>En Gustavo A. Madero, el servicio estar\u00e1 disponible entre las 9:00 y las 15:00 horas en el Juzgado C\u00edvico GAM-03, ubicado en cerrada Sur de los 100 Metros s\/n, entre Vallejo y Eje Central, colonia Vallejo; y en Cuauht\u00e9moc, en el mismo horario, en el Juzgado C\u00edvico CUH-08, ubicado en Plaza Pino Su\u00e1rez, colonia Centro.<\/p>\n<p>Estas jornadas las lleva a cabo el \u00f3rgano judicial capitalino en conjunto con el Gobierno de la Ciudad de M\u00e9xico, encabezado por Mart\u00ed Batres Guadarrama, que puso en marcha el programa de Facilitadores C\u00edvicos, Di\u00e1logo para Solucionar Conflictos. As\u00ed, ambas instancias llevan a cabo esta pol\u00edtica que fomenta un servicio de justicia itinerante, con la cual se busca garantizar la seguridad, la paz y la tranquilidad de las personas.<\/p>\n<p>Con estas jornadas, que hasta ahora han prestado servicio en las alcald\u00edas Iztapalapa, Venustiano Carranza, Cuajimalpa, Iztacalco, Benito Ju\u00e1rez, \u00c1lvaro Obreg\u00f3n, Magdalena Contreras, Milpa Alta, Coyoac\u00e1n y Tlalpan, han sido atendidos 558 ciudadanos por los mediadores privados puestos a su disposici\u00f3n; a 679 se les brind\u00f3 informaci\u00f3n; a 72 se les dio orientaci\u00f3n espec\u00edfica sobre casos; se abrieron 26 registros de servicio, y se han logrado nueve convenios de mediaci\u00f3n.<\/p>\n<p>Uno de los objetivos de las Jornadas de Mediaci\u00f3n y Otros Servicios es que los ciudadanos no tengan que acudir hasta la sede del Centro de Justicia Alternativa del PJCDMX, ubicado en Ni\u00f1os H\u00e9roes 133, colonia Doctores, alcald\u00eda Cuauht\u00e9moc, para resolver temas en materia familiar como reg\u00edmenes de visitas y convivencias; guarda y custodia de menores de edad, as\u00ed como pensi\u00f3n alimenticia para \u00e9stos; regulaci\u00f3n de divorcios y separaciones de personas; temas inherentes a concubinato y sociedades de convivencia, entre otras.<\/p>\n<p>En materia civil, temas de arrendamiento; deudas condominales; pr\u00e9stamos de dinero; pr\u00e9stamos de vivienda; servidumbres de paso; propiedades comunes; donaci\u00f3n de bienes; incumplimientos de servicios de profesionistas como abogados, m\u00e9dicos, arquitectos, entre otros; incumplimientos de servicios de carpinter\u00eda, herrer\u00eda, mec\u00e1nica; incumplimiento en compraventa de veh\u00edculos o inmuebles y devoluciones de objetos.<\/p>\n<p>Por lo que hace a asuntos de car\u00e1cter mercantil, deudas derivadas de pagar\u00e9s, cheques, facturas, cr\u00e9ditos bancarios y de financieros y de contratos de seguros.<\/p>\n<p>Con esto, se facilita a la ciudadan\u00eda una soluci\u00f3n efectiva a los conflictos de las personas a trav\u00e9s la mediaci\u00f3n como forma pac\u00edfica de resolver controversias, desde la etapa inicial orientaci\u00f3n jur\u00eddica, la pre-mediaci\u00f3n, la mediaci\u00f3n y la firma del convenio.<\/p>\n<p>Una vez que se atienda a los ciudadanos de Gustavo A. Madero y de Cuauht\u00e9moc, las jornadas continuar\u00e1n en Azcapotzalco, Miguel Hidalgo, Xochimilco y Tl\u00e1huac. El \u00f3rgano judicial capitalino inici\u00f3 estas jornadas el pasado 2 de septiembre, que se extender\u00e1n hasta el 8 de diciembre.<\/p>\n","protected":false},"excerpt":{"rendered":"<p>A partir del lunes 6 y hasta el viernes 10 de noviembre, el Poder Judicial de la Ciudad de M\u00e9xico (PJCDMX), cuyo presidente es el magistrado Rafael Guerra \u00c1lvarez, llevar\u00e1 a las alcald\u00edas Gustavo A. Madero y Cuauht\u00e9moc las Jornadas de Mediaci\u00f3n y Otros Servicios, con mediadores privados que brindan servicio gratuito a la ciudadan\u00eda para resolver controversias de las materias familiar, civil y mercantil sin la necesidad de un juicio.<\/p>\n","protected":false},"author":3,"featured_media":600478,"comment_status":"open","ping_status":"open","sticky":false,"template":"","format":"standard","meta":{"_monsterinsights_skip_tracking":false,"_monsterinsights_sitenote_active":false,"_monsterinsights_sitenote_note":"","_monsterinsights_sitenote_category":0,"footnotes":""},"categories":[6],"tags":[5160,561,87379],"class_list":["post-600422","post","type-post","status-publish","format-standard","has-post-thumbnail","hentry","category-cd-de-mexico","tag-cuauhtemoc","tag-gustavo-a-madero","tag-pjcdmx"],"_links":{"self":[{"href":"https:\/\/www.diarioimagen.net\/index.php?rest_route=\/wp\/v2\/posts\/600422","targetHints":{"allow":["GET"]}}],"collection":[{"href":"https:\/\/www.diarioimagen.net\/index.php?rest_route=\/wp\/v2\/posts"}],"about":[{"href":"https:\/\/www.diarioimagen.net\/index.php?rest_route=\/wp\/v2\/types\/post"}],"author":[{"embeddable":true,"href":"https:\/\/www.diarioimagen.net\/index.php?rest_route=\/wp\/v2\/users\/3"}],"replies":[{"embeddable":true,"href":"https:\/\/www.diarioimagen.net\/index.php?rest_route=%2Fwp%2Fv2%2Fcomments&post=600422"}],"version-history":[{"count":0,"href":"https:\/\/www.diarioimagen.net\/index.php?rest_route=\/wp\/v2\/posts\/600422\/revisions"}],"wp:featuredmedia":[{"embeddable":true,"href":"https:\/\/www.diarioimagen.net\/index.php?rest_route=\/wp\/v2\/media\/600478"}],"wp:attachment":[{"href":"https:\/\/www.diarioimagen.net\/index.php?rest_route=%2Fwp%2Fv2%2Fmedia&parent=600422"}],"wp:term":[{"taxonomy":"category","embeddable":true,"href":"https:\/\/www.diarioimagen.net\/index.php?rest_route=%2Fwp%2Fv2%2Fcategories&post=600422"},{"taxonomy":"post_tag","embeddable":true,"href":"https:\/\/www.diarioimagen.net\/index.php?rest_route=%2Fwp%2Fv2%2Ftags&post=600422"}],"curies":[{"name":"wp","href":"https:\/\/api.w.org\/{rel}","templated":true}]}}