{"id":600446,"date":"2023-11-03T00:03:59","date_gmt":"2023-11-03T06:03:59","guid":{"rendered":"https:\/\/www.diarioimagen.net\/?p=600446"},"modified":"2023-11-03T01:41:10","modified_gmt":"2023-11-03T07:41:10","slug":"continua-el-verde-ecologista-ganando-adeptos-mexiquenses","status":"publish","type":"post","link":"https:\/\/www.diarioimagen.net\/?p=600446","title":{"rendered":"Contin\u00faa el Verde Ecologista ganando adeptos mexiquenses"},"content":{"rendered":"<p>&nbsp;<\/p>\n<ul>\n<li><em><strong>Se suman Indalecio R\u00edos y Erasto Mart\u00ednez, entre otros<\/strong><\/em><\/li>\n<\/ul>\n<p>&nbsp;<\/p>\n<div id=\"attachment_600507\" style=\"width: 470px\" class=\"wp-caption aligncenter\"><a href=\"https:\/\/www.diarioimagen.net\/?attachment_id=600507\" rel=\"attachment wp-att-600507\"><img loading=\"lazy\" decoding=\"async\" aria-describedby=\"caption-attachment-600507\" class=\"size-full wp-image-600507\" src=\"https:\/\/www.diarioimagen.net\/wp-content\/uploads\/2023\/11\/continua-verde.jpg\" alt=\"\" width=\"460\" height=\"270\" \/><\/a><p id=\"caption-attachment-600507\" class=\"wp-caption-text\">Jos\u00e9 Alberto Couttolenc Buentello, l\u00edder del PVEM en el Estado de M\u00e9xico, dio\u00a0 la bienvenida\u00a0a m\u00e1s pol\u00edticos mexiquenses.<\/p><\/div>\n<p>&nbsp;<\/p>\n<p><strong>Valle de M\u00e9xico.\u2014<\/strong> Desde Ecatepec, el Partido Verde Ecologista de M\u00e9xico (PVEM) en el Estado de M\u00e9xico anunci\u00f3 la incorporaci\u00f3n a su estructura de liderazgos de gran peso pol\u00edtico, entre los que destacan Indalecio R\u00edos Vel\u00e1zquez, dos veces presidente municipal de esta demarcaci\u00f3n y Erasto Mart\u00ednez Rojas, ex Secretario de Finanzas e Infraestructura del Gobierno del Estado de M\u00e9xico.<\/p>\n<p>Desde la tierra del ex gobernador mexiquense, Eruviel \u00c1vila Villegas, el dirigente estatal del PVEM, Jos\u00e9 Alberto Couttolenc Buentello tambi\u00e9n dio la bienvenida a Jorge Alejandro Albarr\u00e1n Vel\u00e1zquez, ex secretario del Ayuntamiento y ex candidato a presidente municipal de Ecatepec; a Mar\u00eda Elena Germ\u00e1n Rivero, segundo s\u00edndico del Ayuntamiento de Ecatepec, a Uziel Torres Huitr\u00f3n, octavo regidor de este municipio y a Sandra Liliana Marcelino Mart\u00ednez, novena Regidora, entre otros.<\/p>\n<p>En su intervenci\u00f3n, Indalecio R\u00edos anunci\u00f3 su renuncia al PRI, lo cual representa un \u201cimportante paso para el fortalecimiento del quehacer pol\u00edtico\u201d de la demarcaci\u00f3n.<\/p>\n<p>Asimismo, resalt\u00f3 la asistencia al evento de \u201cpersonajes de la vida pol\u00edtica del municipio, l\u00edderes comunitarios, representantes de mercados p\u00fablicos, del sector comercio y de diferentes asociaciones religiosas, profesionistas, acad\u00e9micos, pero, sobre todo, gente que ha construido d\u00eda con d\u00eda este maravilloso municipio\u201d.<\/p>\n<p>\u201cY por eso mi querido Pepe, toda la gente que ves aqu\u00ed reunida, sin titubeos y convencidos plenamente, anunciamos con mucho cari\u00f1o y emoci\u00f3n que nos sumamos al proyecto del Partido Verde Ecologista de M\u00e9xico. Todos y cada uno de nosotros, desde hoy, esa ser\u00e1 nuestra bandera, nuestro discurso, nuestra convicci\u00f3n, para llevar este mensaje de este gran proyecto y, si me permites como con la Selecci\u00f3n Mexicana, hoy me pongo la Verde\u201d, dijo.<\/p>\n","protected":false},"excerpt":{"rendered":"<p>Desde Ecatepec, el Partido Verde Ecologista de M\u00e9xico (PVEM) en el Estado de M\u00e9xico anunci\u00f3 la incorporaci\u00f3n a su estructura de liderazgos de gran peso pol\u00edtico, entre los que destacan Indalecio R\u00edos Vel\u00e1zquez, dos veces presidente municipal de esta demarcaci\u00f3n y Erasto Mart\u00ednez Rojas, ex Secretario de Finanzas e Infraestructura del Gobierno del Estado de M\u00e9xico.<\/p>\n","protected":false},"author":3,"featured_media":600507,"comment_status":"open","ping_status":"open","sticky":false,"template":"","format":"standard","meta":{"_monsterinsights_skip_tracking":false,"_monsterinsights_sitenote_active":false,"_monsterinsights_sitenote_note":"","_monsterinsights_sitenote_category":0,"footnotes":""},"categories":[5],"tags":[98761,95666,1416],"class_list":["post-600446","post","type-post","status-publish","format-standard","has-post-thumbnail","hentry","category-estado-de-mexico","tag-adeptos","tag-jose-alberto-couttolenc-buentello","tag-pvem"],"_links":{"self":[{"href":"https:\/\/www.diarioimagen.net\/index.php?rest_route=\/wp\/v2\/posts\/600446","targetHints":{"allow":["GET"]}}],"collection":[{"href":"https:\/\/www.diarioimagen.net\/index.php?rest_route=\/wp\/v2\/posts"}],"about":[{"href":"https:\/\/www.diarioimagen.net\/index.php?rest_route=\/wp\/v2\/types\/post"}],"author":[{"embeddable":true,"href":"https:\/\/www.diarioimagen.net\/index.php?rest_route=\/wp\/v2\/users\/3"}],"replies":[{"embeddable":true,"href":"https:\/\/www.diarioimagen.net\/index.php?rest_route=%2Fwp%2Fv2%2Fcomments&post=600446"}],"version-history":[{"count":0,"href":"https:\/\/www.diarioimagen.net\/index.php?rest_route=\/wp\/v2\/posts\/600446\/revisions"}],"wp:featuredmedia":[{"embeddable":true,"href":"https:\/\/www.diarioimagen.net\/index.php?rest_route=\/wp\/v2\/media\/600507"}],"wp:attachment":[{"href":"https:\/\/www.diarioimagen.net\/index.php?rest_route=%2Fwp%2Fv2%2Fmedia&parent=600446"}],"wp:term":[{"taxonomy":"category","embeddable":true,"href":"https:\/\/www.diarioimagen.net\/index.php?rest_route=%2Fwp%2Fv2%2Fcategories&post=600446"},{"taxonomy":"post_tag","embeddable":true,"href":"https:\/\/www.diarioimagen.net\/index.php?rest_route=%2Fwp%2Fv2%2Ftags&post=600446"}],"curies":[{"name":"wp","href":"https:\/\/api.w.org\/{rel}","templated":true}]}}