{"id":600603,"date":"2023-11-06T00:01:02","date_gmt":"2023-11-06T06:01:02","guid":{"rendered":"https:\/\/www.diarioimagen.net\/?p=600603"},"modified":"2023-11-05T23:24:23","modified_gmt":"2023-11-06T05:24:23","slug":"madrid-destino-7-estrellas-se-presento-en-la-ciudad-de-mexico","status":"publish","type":"post","link":"https:\/\/www.diarioimagen.net\/?p=600603","title":{"rendered":"Madrid destino 7 Estrellas, se present\u00f3 en la Ciudad de M\u00e9xico"},"content":{"rendered":"<h2>De cinco estrellas<\/h2>\n<h5>Victoria Gonz\u00e1lez Prado<\/h5>\n<p>&nbsp;<\/p>\n<ul>\n<li><strong><em>\u00bfMotivos reales para viajar?, los encontrar\u00e1s en Viva Aerobus<\/em><\/strong><\/li>\n<li><strong><em>Habr\u00e1 Tianguis Tur\u00edstico en Acapulco pese a \u201cOtis\u201d<\/em><\/strong><\/li>\n<\/ul>\n<p>&nbsp;<\/p>\n<div id=\"attachment_600638\" style=\"width: 470px\" class=\"wp-caption aligncenter\"><a href=\"https:\/\/www.diarioimagen.net\/?attachment_id=600638\" rel=\"attachment wp-att-600638\"><img loading=\"lazy\" decoding=\"async\" aria-describedby=\"caption-attachment-600638\" class=\"size-full wp-image-600638\" src=\"https:\/\/www.diarioimagen.net\/wp-content\/uploads\/2023\/11\/turismo-estrellas-2.jpg\" alt=\"\" width=\"460\" height=\"270\" \/><\/a><p id=\"caption-attachment-600638\" class=\"wp-caption-text\">Joana Torrents, Fernando Villalba Torres y Esther Calvo Ru\u00edz hablaron de las bondades que Madrid ofrece a los viajeros mexicanos.<\/p><\/div>\n<p>&nbsp;<\/p>\n<p><strong>Joana Torrents<\/strong>, directora de la C\u00e1mara Espa\u00f1ola de Comercio en M\u00e9xico, dio la bienvenida a<strong> Fernando Villalba Torres<\/strong>, consejero de Turismo de la Embajada de Espa\u00f1a en M\u00e9xico y a <strong>Esther Calvo Ru\u00edz<\/strong>, gerente de Desarrollo Internacional de la C\u00e1mara de Comercio de Madrid, quienes presentaron: \u201cMadrid destino 7 estrellas\u201d.<\/p>\n<p>La campa\u00f1a, puesta en marcha en China, Jap\u00f3n, Colombia, y ahora en M\u00e9xico, destaca los m\u00faltiples atractivos que brinda la capital espa\u00f1ola a los viajeros, mexicanos.<\/p>\n<p>Y es que, a decir del consejero de turismo, el gasto medio de los visitantes mexicanos es superior a la media en sus viajes al extranjero, lo que se convierte en un mercado muy atractivo.<\/p>\n<p>\u201cMadrid es la puerta de entrada del turista mexicano a Espa\u00f1a e incluso a Europa\u201d, asegur\u00f3 <strong>Villalba<\/strong> <strong>Torres<\/strong>, quien comparti\u00f3 tambi\u00e9n que Aerom\u00e9xico incrementar\u00e1 para el pr\u00f3ximo verano 2024, el n\u00famero de frecuencias a la capital espa\u00f1ola al ofrecer 20 vuelos a la semana, m\u00e1s los tres vuelos actuales de Iberia promedian seis vuelos directos diarios a la capital espa\u00f1ola\u201d.<\/p>\n<p>Mencion\u00f3 que durante la pandemia las restricciones de M\u00e9xico para los vuelos fueron menores a otras naciones por lo que no se dej\u00f3 de volar en la ruta Ciudad de M\u00e9xico-Madrid. Al respecto afirm\u00f3: \u201cno hay otro destino de larga distancia desde Madrid, m\u00e1s importante que M\u00e9xico. En 2022 superamos los resultados del 2019, en n\u00famero de turistas y el gasto que hacen tambi\u00e9n se increment\u00f3. En lo que va del 2023, hay 40 por ciento de incremento en el n\u00famero de turistas, lo cual es ya un dato hist\u00f3rico\u201d.<\/p>\n<p>Y no es de extra\u00f1ar coment\u00f3 <strong>Villalba Torres<\/strong>\u00a0 pues \u201chay una afinidad muy alta por el gran abanico de opciones que ofrece Madrid: hoteles, restaurantes, atracciones, compras, gastronom\u00eda, historia, cultural y mucho m\u00e1s. Realmente, Madrid es destino 7 estrellas y como dice el eslogan \u2018es la mejor tienda del mundo\u2019\u201d.<\/p>\n<p>En su oportunidad, <strong>Esther Calvo<\/strong> <strong>Ru\u00edz<\/strong> detall\u00f3 los m\u00faltiples atractivos del destino: es el centro de negocios y financiero de Espa\u00f1a. Alberga m\u00e1s de 558 mil empresas. La ciudad fue galardonada, por sexto a\u00f1o consecutivo, como \u2018Mejor destino MICE europeo\u2019, en los <em>World Travel Awards 2023. <\/em>La red de Alta Velocidad Espa\u00f1ola (AVE) es la segunda m\u00e1s extensa del mundo con 4 mil kil\u00f3metros y la primera del mundo por n\u00famero de habitantes, su centro es Madrid.<\/p>\n<p>\u201cEl aeropuerto de Madrid-Barajas <strong>Adolfo Su\u00e1rez <\/strong>destaca entre los 15 aeropuertos del mundo por tr\u00e1fico de pasajeros y en el top 5 europeo. La oferta hotelera incluye m\u00e1s de mil establecimientos y 113 mil plazas, con m\u00e1s de 57 mil habitaciones, 66 por ciento de las plazas son hoteles de lujo.<\/p>\n<p>Alberga m\u00e1s de 100 museos y cerca de 200 teatros, lo que convierte a Madrid en un destino cultural internacional. En lo que se refiere a deportes, para 2030 se llevar\u00e1 a cabo la final de la Copa del Mundo de F\u00fatbol. Y el ocio nocturno es gran atractivo, ya que Madrid nunca duerme\u201d.<\/p>\n<p><strong>Calvo Ru\u00edz<\/strong> invit\u00f3 a descubrir zonas como la \u2018Milla de Oro\u2019 de la calle Ortega y Gasset; el estadio de f\u00fatbol <strong>Santiago Bernab\u00e9u<\/strong>, gran atractivo tur\u00edstico e \u00edcono en los pr\u00f3ximos a\u00f1os para todos aquellos turistas que visiten Madrid; el Palacio Real y, el Mercado San Miguel.<\/p>\n<p>Detall\u00f3 que Madrid, es la ciudad del mundo con m\u00e1s bienes Patrimonio de la Humanidad declarados por la Unesco. Es la novena ciudad del mundo mejor conectada. En 2022 capt\u00f3 m\u00e1s de la mitad de inversi\u00f3n extranjera con 17,228 millones de euros y es l\u00edder mundial en innovaci\u00f3n tecnol\u00f3gica y recibi\u00f3 el Premio Silver Se\u00fal Ciudad Inteligente 2023 otorgado por la Organizaci\u00f3n Mundial de Ciudades Sostenibles e Inteligentes.<\/p>\n<p>El Paseo del Arte ofrece en poco m\u00e1s de un kil\u00f3metro los museos del Prado, el Reina Sof\u00eda y el Thysen Bornemisza, Arqueol\u00f3gico, la Biblioteca Nacional, el Caixa Forum, Casa de Am\u00e9rica. Naval, Real jard\u00edn Bot\u00e1nico, Real Observatorio de Madrid y el Nacional de Artes Decorativas.<\/p>\n<p>De igual forma, <strong>Esther Calvo Ru\u00edz<\/strong> asegur\u00f3 que de los principales objetivos de la campa\u00f1a destaca consolidar a Madrid como un destino seguro y promocionar su riqueza cultural, gastron\u00f3mica y patrimonio hist\u00f3rico.<\/p>\n<p>\u2730\u2730\u2730\u2730\u2730 \u201cMotivos reales para Viajar\u201d, es la nueva campa\u00f1a enfocada en transmitir una esencia \u00fanica, aut\u00e9ntica, cercana y sobre todo realista de los viajes y as\u00ed conectar con la diversidad de los distintos perfiles de los viajeros. Viva Aerobus, utilizar\u00e1 historias, videos e im\u00e1genes verdaderas de sus pasajeros para retratar la experiencia de viajar.<\/p>\n<p>Viva analiz\u00f3 las razones que muchos de sus pasajeros compartieron en redes y seleccion\u00f3 a cuatro viajeros para acompa\u00f1arlos y documentar sus vivencias\u00a0con el objetivo de comprender lo que significa viajar.\u00a0De esta forma, la l\u00ednea a\u00e9rea busca transformar la idealizaci\u00f3n y convencionalismo del \u2018viaje perfecto\u2019 para capturar la originalidad y naturaleza de lo que es realmente viajar.<\/p>\n<p>Entre los muchos motivos para volar que la aerol\u00ednea identific\u00f3 destacan: viajar por un abrazo, desconectarse de la rutina, cerrar ciclos, buscar el amor, participar en competencias, experimentar lo que es viajar sin plan definido, premiar a los hijos, olvidar situaciones complicadas, probar nuevas comidas, vencer los nervios al volar o descubrir lo que es surcar los cielos por primera vez.<\/p>\n<p><strong>Karla Vargas<\/strong>, directora de mercadotecnia de la aerol\u00ednea se\u00f1al\u00f3: \u201cnos debemos a nuestros pasajeros y sus historias son nuestro motor. Veremos personas reales viajando, con sentimientos y problemas usuales como todos nosotros. Dejaremos atr\u00e1s im\u00e1genes artificiales de <em>stock<\/em> al dar visibilidad a la gran variedad de pasajeros en escenarios y vivencias reales.<\/p>\n<p>As\u00ed, Viva Aerobus refrenda su visi\u00f3n de ser la aerol\u00ednea preferida y m\u00e1s divertida de las Am\u00e9ricas y su compromiso con el servicio enfocado en la atenci\u00f3n al pasajero, quienes mes a mes le distinguen con su creciente preferencia.<\/p>\n<p>\u2730\u2730\u2730\u2730\u2730 Los gobiernos federal, estatal y municipal de Acapulco informan que el Tianguis Tur\u00edstico 2024 s\u00ed se realizar\u00e1 en el puerto pese a los estragos que provoc\u00f3 el hurac\u00e1n \u201cOtis\u201d; seguramente esta decisi\u00f3n es por la vocaci\u00f3n tur\u00edstica de la localidad y con la intenci\u00f3n de que reciba \u2018alguna derrama econ\u00f3mica\u2019.<\/p>\n<p>Me pregunto: si la C\u00e1mara Mexicana de la Industria de la Construcci\u00f3n (CMIC) asegura que la reconstrucci\u00f3n de ese puerto y la periferia llevar\u00e1 por lo menos cinco a\u00f1os, \u00bfc\u00f3mo se lograr\u00e1 que los miles de viajeros que acudan al Tianguis tengan hospedaje y alimentos?, \u00bfc\u00f3mo se har\u00e1 para que disfruten de todas las actividades y si estas se desarrollar\u00e1n a plenitud dadas las condiciones materiales actuales?<\/p>\n<p>Hemos visto im\u00e1genes y videos que dan idea fiel de la gran magnitud de la devastaci\u00f3n; pero las personas que viven en el puerto y con las que hemos logrado medio comunicarnos aseguran que es mucho peor de lo que se ha visto.<\/p>\n<p>\u00bfValdr\u00e1 la pena llevar a los agentes de viajes, tourperadores, compradores y dem\u00e1s prestadores de servicios a ver un Acapulco en ruinas, y ponerlos en riesgo?<\/p>\n<p>&nbsp;<\/p>\n<blockquote>\n<p style=\"text-align: right;\">\u201c<strong>El<\/strong> <strong>\u00e1ngel de la fama tiene sus alas hechas de papel&#8230; peri\u00f3dico\u201d.<br \/>\n<\/strong><\/p>\n<\/blockquote>\n<p>&nbsp;<\/p>\n<p><em><span class=\"Apple-converted-space\"><a href=\"mailto:victoriagprado@gmail.com\" target=\"_blank\" rel=\"noopener noreferrer\">victoriagprado@gmail.com<\/a><br \/>\nTwitter: <a href=\"https:\/\/twitter.com\/victoriagprado\" target=\"_blank\" rel=\"noopener noreferrer\">@victoriagprado<\/a><\/span><\/em><\/p>\n","protected":false},"excerpt":{"rendered":"<p><strong>Joana Torrents<\/strong>, directora de la C\u00e1mara Espa\u00f1ola de Comercio en M\u00e9xico, dio la bienvenida a <strong>Fernando Villalba Torres<\/strong>, consejero de Turismo de la Embajada de Espa\u00f1a en M\u00e9xico y a <strong>Esther Calvo Ru\u00edz<\/strong>, gerente de Desarrollo Internacional de la C\u00e1mara de Comercio de Madrid, quienes presentaron: \u201cMadrid destino 7 estrellas\u201d.<\/p>\n","protected":false},"author":3,"featured_media":600638,"comment_status":"open","ping_status":"open","sticky":false,"template":"","format":"standard","meta":{"_monsterinsights_skip_tracking":false,"_monsterinsights_sitenote_active":false,"_monsterinsights_sitenote_note":"","_monsterinsights_sitenote_category":0,"footnotes":""},"categories":[11],"tags":[107,43674,43681,106],"class_list":["post-600603","post","type-post","status-publish","format-standard","has-post-thumbnail","hentry","category-turismo","tag-de-cinco-estrellas","tag-opinion","tag-turismo","tag-victoria-gonzalez-prado"],"_links":{"self":[{"href":"https:\/\/www.diarioimagen.net\/index.php?rest_route=\/wp\/v2\/posts\/600603","targetHints":{"allow":["GET"]}}],"collection":[{"href":"https:\/\/www.diarioimagen.net\/index.php?rest_route=\/wp\/v2\/posts"}],"about":[{"href":"https:\/\/www.diarioimagen.net\/index.php?rest_route=\/wp\/v2\/types\/post"}],"author":[{"embeddable":true,"href":"https:\/\/www.diarioimagen.net\/index.php?rest_route=\/wp\/v2\/users\/3"}],"replies":[{"embeddable":true,"href":"https:\/\/www.diarioimagen.net\/index.php?rest_route=%2Fwp%2Fv2%2Fcomments&post=600603"}],"version-history":[{"count":0,"href":"https:\/\/www.diarioimagen.net\/index.php?rest_route=\/wp\/v2\/posts\/600603\/revisions"}],"wp:featuredmedia":[{"embeddable":true,"href":"https:\/\/www.diarioimagen.net\/index.php?rest_route=\/wp\/v2\/media\/600638"}],"wp:attachment":[{"href":"https:\/\/www.diarioimagen.net\/index.php?rest_route=%2Fwp%2Fv2%2Fmedia&parent=600603"}],"wp:term":[{"taxonomy":"category","embeddable":true,"href":"https:\/\/www.diarioimagen.net\/index.php?rest_route=%2Fwp%2Fv2%2Fcategories&post=600603"},{"taxonomy":"post_tag","embeddable":true,"href":"https:\/\/www.diarioimagen.net\/index.php?rest_route=%2Fwp%2Fv2%2Ftags&post=600603"}],"curies":[{"name":"wp","href":"https:\/\/api.w.org\/{rel}","templated":true}]}}