{"id":600605,"date":"2023-11-06T00:00:07","date_gmt":"2023-11-06T06:00:07","guid":{"rendered":"https:\/\/www.diarioimagen.net\/?p=600605"},"modified":"2023-11-07T22:59:02","modified_gmt":"2023-11-08T04:59:02","slug":"cancun-aicm-y-los-cabos-terminales-que-recibieron-mayor-numero-de-turistas-internacionales","status":"publish","type":"post","link":"https:\/\/www.diarioimagen.net\/?p=600605","title":{"rendered":"Canc\u00fan, AICM y Los Cabos, terminales que recibieron mayor n\u00famero de turistas internacionales"},"content":{"rendered":"<h2>Hora 14<\/h2>\n<h5>Mauricio Conde Olivares<\/h5>\n<p>&nbsp;<\/p>\n<p>El secretario de Turismo del Gobierno de M\u00e9xico, Miguel Torruco Marqu\u00e9s, dio a conocer que, en el periodo de enero a septiembre de 2023, se registr\u00f3 la llegada de 16 millones 108 mil turistas internacionales v\u00eda a\u00e9rea a nuestro pa\u00eds seg\u00fan su nacionalidad, lo que representa un incremento de 7% comparado con lo registrado en el mismo periodo de 2022.<\/p>\n<p>El titular de la Secretar\u00eda de Turismo (Sectur) destac\u00f3 que, de acuerdo con informaci\u00f3n de la Unidad de Pol\u00edtica Migratoria-Registro e Identidad de Personas de la Secretar\u00eda de Gobernaci\u00f3n (Segob), esta cifra supera tambi\u00e9n las llegadas registradas durante el periodo enero-septiembre de 2019, con el 13.4%, cuando se registraron 14 millones 199 mil turistas internacionales.<\/p>\n<p>Indic\u00f3 que los principales pa\u00edses en llegadas de turistas internacionales v\u00eda a\u00e9rea a M\u00e9xico de enero a septiembre de 2023, fueron Estados Unidos, Canad\u00e1 y Colombia, con 12 millones 343 mil turistas; esto es 7.9% m\u00e1s respecto a los primeros nueve meses del 2022, y superando tambi\u00e9n en un 23.3% los 10 millones 10 mil turistas de enero-septiembre de 2019.<\/p>\n<p>Torruco Marqu\u00e9s se\u00f1al\u00f3 que, en los primeros nueve meses del a\u00f1o, la llegada de turistas estadounidenses v\u00eda a\u00e9rea alcanz\u00f3 10 millones 98 mil turistas, superando en 4% m\u00e1s lo registrado en enero-septiembre de 2022, e incrementando un 27.6% las llegadas de ese periodo de 2019, cuando fueron 7 millones 916 mil turistas<\/p>\n<p>Agreg\u00f3 que la llegada de turistas canadienses v\u00eda a\u00e9rea durante el periodo enero-septiembre de 2023 fue de un mill\u00f3n 709 mil turistas, esto es 55.9% superior a un mill\u00f3n 96 mil turistas que llegaron en el mismo periodo de 2022; y superando con un 2.7% los captados en el mismo periodo de 2019, que fueron un mill\u00f3n 663 mil turistas.<\/p>\n<p>Durante los meses de enero a septiembre de 2023, la llegada de turistas colombianos v\u00eda a\u00e9rea fue de 535 mil 893 turistas, superando las 430 mil 565 llegadas del mismo periodo de 2019, es decir 24.5%, dijo el titular de Sectur.<\/p>\n<p>Del resto de nacionalidades, se contabilizaron 3 millones 765 mil turistas, esto es un incremento del 4.2% respecto a enero-septiembre de 2022, y representando una cuota de mercado del 23.4%.<\/p>\n<p>El secretario de Turismo inform\u00f3 que, entre enero-septiembre de 2023, Canc\u00fan, el Aeropuerto Internacional de la Ciudad de M\u00e9xico (AICM) y Los Cabos, fueron los aeropuertos que recibieron el mayor n\u00famero de turistas internacionales, con 12 millones 343 mil turistas, esto es 5.2% m\u00e1s respecto a los primeros nueve meses de 2022; superando tambi\u00e9n con 12.1% las llegadas en el mismo periodo de 2019, cuando arribaron 11 millones 7 mil turistas.<\/p>\n<p>Durante enero-septiembre de 2023, al aeropuerto de Canc\u00fan arribaron 7 millones 481 mil turistas internacionales, un incremento de 5.7% respecto a los primeros nueve meses de 2022; al AICM llegaron 3 millones 134 mil turistas, 2.7% m\u00e1s respecto al periodo enero a septiembre de 2022; y el aeropuerto de Los Cabos recibi\u00f3 un mill\u00f3n 727 mil turistas internacionales, esto es 7.8% m\u00e1s a lo observado durante el mismo periodo de 2022.<\/p>\n<p>Del resto de los aeropuertos, entre enero y septiembre 2023, se registr\u00f3 la llegada de 3 millones 765 mil turistas internacionales, nivel mayor en 13.2% a las llegadas del mismo periodo de 2022.<\/p>\n<p>Adem\u00e1s, le informo que en Canc\u00fan la Secretar\u00eda de Infraestructura, Comunicaciones y Transportes (SICT) presenta importantes avances en tres proyectos estrat\u00e9gicos que desarrolla en Canc\u00fan, Quintana Roo, en los que se invierte alrededor de 7,512 millones de pesos (mdp).<\/p>\n<p>El titular de la SICT, Jorge Nu\u00f1o Lara, acompa\u00f1ado del subsecretario de Infraestructura, Jes\u00fas Felipe Verdugo L\u00f3pez, y del director general de Carreteras, Salvador Fern\u00e1ndez Ayala, supervisaron estas obras que impulsan la econom\u00eda local y fomentan el desarrollo tur\u00edstico de la regi\u00f3n.<\/p>\n<p>Se trata del Puente Vehicular Nichupt\u00e9, que presenta un avance del 31%; la conexi\u00f3n Aeropuerto Canc\u00fan-Estaci\u00f3n Tren Maya, con 55% y la Avenida Chac Mool, con 43%, estas dos \u00faltimas obras se prev\u00e9 concluirlas este a\u00f1o.<\/p>\n<p>La Conexi\u00f3n Aeropuerto Canc\u00fan-Estaci\u00f3n Tren Maya, cuenta con una inversi\u00f3n de 170 millones de pesos (mdp) y presenta un avance f\u00edsico del 55% a lo largo de 4 km. Se ubica dentro del pol\u00edgono del aeropuerto, de tal forma que permitir\u00e1 conectar las cuatro terminales con la Estaci\u00f3n Tren Maya.<\/p>\n<p>La Avenida Chac Mool, con una inversi\u00f3n de 286 mdp y una meta de 4.5 km, presenta un avance f\u00edsico del 43%. Esta vialidad permitir\u00e1 conectar de manera m\u00e1s r\u00e1pida, segura y eficiente la avenida Huayac\u00e1n y el Bulevar Luis Donaldo Colosio. En sus dos cuerpos, tiene un avance de 3.7 km en terracer\u00edas, 3.1 en la base hidr\u00e1ulica y 3.8 en la carpeta asf\u00e1ltica.<\/p>\n<p>El Puente Vehicular Nichupt\u00e9, con una inversi\u00f3n de 7,056 mdp y una meta de 8.8 kil\u00f3metros y dos entronques, tiene un avance f\u00edsico del 31%.<\/p>\n<p>Actualmente en la zona lagunar se trabaja en el revestimiento de acero en columnas, se tienen colados 195 pilotes, 58 columnas y 58 capiteles (13 apoyos) y 2 apoyos con cabezales. En la zona terrestre est\u00e1 en proceso el montaje de cabezal seccionado, hay 30 claros con trabes montadas y 27 claros terminados a nivel de losa.<\/p>\n<p>Cabe se\u00f1alar que se implementan medidas ambientales en cumplimiento del sistema de gesti\u00f3n adaptativo en la construcci\u00f3n del Puente Nichupt\u00e9, que contempla una inversi\u00f3n de 492 mdp, con un avance f\u00edsico global del 18%. Estas acciones permiten continuar con la construcci\u00f3n del puente sin un impacto ecol\u00f3gico considerable en la zona.<\/p>\n<p>El conjunto de estas vialidades permitir\u00e1 que las personas se trasladen en menor tiempo, de manera m\u00e1s c\u00f3moda y efectiva, desde el Aeropuerto Internacional de Canc\u00fan hacia la zona hotelera y centro de la ciudad, lo cual se traduce en menores costos log\u00edsticos que contribuyen a detonar la econom\u00eda local y el desarrollo tur\u00edstico de esta importante regi\u00f3n del pa\u00eds.<\/p>\n<p>Por otra parte, le informo que el Ayuntamiento de Benito Ju\u00e1rez que encabeza en Canc\u00fan\u00a0 la Presidenta, Ana Paty Peralta, se sum\u00f3 al apoyo de hermandad con los damnificados por el hurac\u00e1n Otis en Acapulco, Guerrero, al donar m\u00e1s de 2 millones de pesos recaudados en la tradicional celebraci\u00f3n \u201cHanal Pix\u00e1n 2023\u201d, que tuvo lugar en la zona fundacional de este destino tur\u00edstico, en Puerto Ju\u00e1rez.<\/p>\n<p>Dicha festividad alusiva al D\u00eda de Muertos, se llev\u00f3 a cabo el 31 de octubre, 1 y 2 de noviembre, en recordatorio a los difuntos. \u201cHanal Pix\u00e1n lleg\u00f3 para quedarse, lleg\u00f3 para que Puerto Ju\u00e1rez recobre esa vida y esa luz; esos colores tan bellos que tanto nos ha dado a nuestra ciudad\u201d, expres\u00f3 la Primera Autoridad Municipal ante miles de cancunenses, y visitantes nacionales y extranjeros que aplaudieron este emblem\u00e1tico festejo.<\/p>\n<p>En los tres d\u00edas de algarab\u00eda y tradici\u00f3n mexicana, se tuvo una afluencia de 62 mil 500 personas, y la Primera Edil dio a conocer que este \u201cHanal Pix\u00e1n 2023\u201d se realiz\u00f3 con el coraz\u00f3n, para ayudar a los damnificados por el hurac\u00e1n Otis en Acapulco, ya que los recursos monetarios recaudados durante los tres d\u00edas, ser\u00e1n donados a las y los hermanos guerrerenses, as\u00ed como los v\u00edveres que se recaudan en los m\u00f3dulos del sistema DIF Benito Ju\u00e1rez y el Palacio Municipal.<\/p>\n<p>Adem\u00e1s, la Secretar\u00eda de Infraestructura, Comunicaciones y Transportes (SICT) inform\u00f3 que ayer domingo 5 de noviembre de 2023, concluy\u00f3 la gratuidad del Puente Humanitario Terrestre que realizaban desde Acapulco, Gro., las empresas Costa Line, \u00d3mnibus de M\u00e9xico, Flecha Roja, Valle del Mezquital, TTT Tours, Servicios Coordinados, Estrella de Oro y Futura Select, a la Ciudad de M\u00e9xico.<\/p>\n<p>Tras invitar a la poblaci\u00f3n interesada a tomar las debidas consideraciones, dichas compa\u00f1\u00edas transportistas anunciaron que ser\u00e1 a partir de hoy lunes 6 es cuando inicie el cobro regular de tarifas a los distintos lugares o destinos fijos donde ofrecen sus servicios de autotransporte.<\/p>\n<p>Gracias al apoyo de dichas empresas transportistas desde el 26 de octubre al 04 de noviembre se brind\u00f3 el auxilio y traslado v\u00eda terrestre a 20,058 personas afectadas por el hurac\u00e1n \u201cOtis\u201d, con destino a Chilpancingo, Cuernavaca, CDMX y el Aeropuerto Internacional de Acapulco.<\/p>\n<p>Del 26 al 31 de octubre se trasladaron 9,297 personas; el 01 de noviembre fueron trasladadas 2,487; el 02 de noviembre se trasladaron a 5,250; y el 03 de noviembre 3,024 personas.<\/p>\n<p>Mientras tanto, la dependencia se\u00f1ala que seguir\u00e1 operando el denominado Puente Humanitario a\u00e9reo gratuito que coordina con apoyo de las compa\u00f1\u00edas Aerom\u00e9xico, Volaris y VivaAerobus, desde ese puerto a la capital del pa\u00eds, hasta nuevo aviso por acuerdo entre autoridades y dichas firmas nacionales.<\/p>\n<p>La SICT detall\u00f3 que, gracias al Puente Humanitario a\u00e9reo, que inici\u00f3 el 27 de octubre hasta el 04 de noviembre se han transportado a 3,813 personas, a trav\u00e9s de 62 vuelos, de las cuales 3,269 fueron evacuadas del puerto y 544 fueron personal de apoyo como m\u00e9dicos y t\u00e9cnicos que viajaron a Acapulco.<\/p>\n<p>En este periodo tambi\u00e9n se transport\u00f3 carga movilizada con un total de 8,185 kg v\u00edveres y equipo de telecomunicaciones, entre otros; empero, lo anterior ser\u00e1 motivo de otro an\u00e1lisis en posterior entrega de <strong><em>Hora 14<\/em><\/strong>.<\/p>\n<p><u><em><a href=\"mailto:%20mauricio_conde@msn.com\" target=\"_blank\" rel=\"noopener noreferrer\">mauricioconde59@outlook.com<\/a><\/em><\/u><\/p>\n","protected":false},"excerpt":{"rendered":"<p><span style=\"color: #005497;\"><strong>Mauricio Conde Olivares<\/strong><\/span><\/p>\n","protected":false},"author":3,"featured_media":0,"comment_status":"open","ping_status":"open","sticky":false,"template":"","format":"standard","meta":{"_monsterinsights_skip_tracking":false,"_monsterinsights_sitenote_active":false,"_monsterinsights_sitenote_note":"","_monsterinsights_sitenote_category":0,"footnotes":""},"categories":[35889],"tags":[43712,43674,44860],"class_list":["post-600605","post","type-post","status-publish","format-standard","hentry","category-mauricio-conde-olivares","tag-mauricio-conde-olivares","tag-opinion","tag-hora-14"],"_links":{"self":[{"href":"https:\/\/www.diarioimagen.net\/index.php?rest_route=\/wp\/v2\/posts\/600605","targetHints":{"allow":["GET"]}}],"collection":[{"href":"https:\/\/www.diarioimagen.net\/index.php?rest_route=\/wp\/v2\/posts"}],"about":[{"href":"https:\/\/www.diarioimagen.net\/index.php?rest_route=\/wp\/v2\/types\/post"}],"author":[{"embeddable":true,"href":"https:\/\/www.diarioimagen.net\/index.php?rest_route=\/wp\/v2\/users\/3"}],"replies":[{"embeddable":true,"href":"https:\/\/www.diarioimagen.net\/index.php?rest_route=%2Fwp%2Fv2%2Fcomments&post=600605"}],"version-history":[{"count":0,"href":"https:\/\/www.diarioimagen.net\/index.php?rest_route=\/wp\/v2\/posts\/600605\/revisions"}],"wp:attachment":[{"href":"https:\/\/www.diarioimagen.net\/index.php?rest_route=%2Fwp%2Fv2%2Fmedia&parent=600605"}],"wp:term":[{"taxonomy":"category","embeddable":true,"href":"https:\/\/www.diarioimagen.net\/index.php?rest_route=%2Fwp%2Fv2%2Fcategories&post=600605"},{"taxonomy":"post_tag","embeddable":true,"href":"https:\/\/www.diarioimagen.net\/index.php?rest_route=%2Fwp%2Fv2%2Ftags&post=600605"}],"curies":[{"name":"wp","href":"https:\/\/api.w.org\/{rel}","templated":true}]}}