{"id":600769,"date":"2023-11-07T00:06:03","date_gmt":"2023-11-07T06:06:03","guid":{"rendered":"https:\/\/www.diarioimagen.net\/?p=600769"},"modified":"2023-11-06T23:33:01","modified_gmt":"2023-11-07T05:33:01","slug":"encuesta-o-genero","status":"publish","type":"post","link":"https:\/\/www.diarioimagen.net\/?p=600769","title":{"rendered":"Encuesta o g\u00e9nero"},"content":{"rendered":"<h2>Aunque pese<\/h2>\n<h5>Salvador Mart\u00ednez Garc\u00eda<\/h5>\n<p>&nbsp;<\/p>\n<p>No cabe duda que la decisi\u00f3n del INE de que en los comicios para gubernaturas en las nueve entidades en juego para 2024, al menos cinco tendr\u00e1n que ser mujeres, complica la decisi\u00f3n para Morena, sobre todo por los riesgos de divisi\u00f3n ante las evidentes inconformidades generadas.<\/p>\n<p>Sin embargo, tambi\u00e9n debe observarse que esta obligatoriedad permitir\u00e1 a Morena o a quien toma las decisiones en ese partido, de elegir a quien desee, aun cuando no sea el favorito de las encuestas.<\/p>\n<p>El caso que m\u00e1s inter\u00e9s atrae es el de la \u201cjoya de la corona\u201d representada por el gobierno de la Ciudad de M\u00e9xico, donde se sabe que el favorito de las encuestas es Omar Garc\u00eda Harfuch, pero el segundo lugar, igualmente con potencialidad de triunfo en las elecciones del 2 de junio, es una mujer, la ex alcaldesa de Iztapalapa, Clara Brugada. La pregunta es si pesar\u00e1 m\u00e1s el resultado de los sondeos o la cuota de g\u00e9nero a que Morena est\u00e1 obligado a cumplir en entidades donde las mujeres postuladas sean realmente competitivas y no solamente posiciones de relleno.<\/p>\n<p>S\u00f3lo en Veracruz parece haber consenso sobre la postulaci\u00f3n de una mujer: Roc\u00edo Nahle Garc\u00eda, porque en el resto de las entidades el conflicto aflora, como en el caso de Chiapas d\u00f3nde puntea el l\u00edder del Senado, Eduardo Ram\u00edrez Aguilar, sin embargo, la postulada pudiera ser la tambi\u00e9n senadora Sasil Dora Luz de Le\u00f3n Villard, igualmente con posibilidades de triunfo.<\/p>\n<p>Hasta en Puebla, donde los primos Ignacio Mier y Alejandro Armenta, se apuntan como favoritos, pudiera ser una mujer, la beneficiada en la persona de Claudia Rivera Vivanco. En Morelos, el mayor suspirante es Rabindranath Salazar Solorio, pudiendo ser desplazado por la ex titular de la Loter\u00eda Nacional, Margarita Gonz\u00e1lez Saravia.<\/p>\n<p>Habr\u00e1 que esperar al viernes para conocer a las ungidas y ungidos para las nueve entidades en disputa, con la esperanza morenista de que las decisiones tomadas no provoquen desprendimientos de miembros que alimenten a la oposici\u00f3n. Veremos.<\/p>\n<p style=\"text-align: center;\"><strong>Susurros<\/strong><\/p>\n<p>Otra elecci\u00f3n de gran inter\u00e9s nacional, pero \u00e9sta en el \u00e1mbito acad\u00e9mico, es la de rector o rectora de la UNAM. La Junta de Gobierno, integrada por 15 notables, deber\u00e1n dar a conocer, desde hoy en adelante, en cualquier momento, qui\u00e9n ser\u00e1 el sucesor de Enrique Graue Wiechers. Los m\u00e1s mencionados son el director de la Facultad de Derecho, Ra\u00fal Juan Contreras Bustamante; el Secretario General de la M\u00e1xima Casa de Estudios, Leonardo Lomel\u00ed Vanegas y, de ser mujer, se habla de la Dra. Patricia Dolores D\u00e1vila Aranda, Secretaria de Desarrollo Institucional de la propia universidad.<\/p>\n<p>La decisi\u00f3n queda en la Junta de Gobierno y nadie m\u00e1s que ellos sabr\u00e1n por qu\u00e9 y por qui\u00e9n se decidir\u00e1n.<\/p>\n<p><a href=\"mailto:salvadormartinez@visionmx.com\" target=\"_blank\" rel=\"noopener\"><em>salvadormartinez@visionmx.com<\/em><\/a><br \/>\n<em>Twitter: <a href=\"https:\/\/twitter.com\/salvador_mtz\" target=\"_blank\" rel=\"noopener\">@salvador_mtz<\/a><\/em><\/p>\n","protected":false},"excerpt":{"rendered":"<p><span style=\"color: #005497;\"><strong>Salvador Mart\u00ednez Garc\u00eda<\/strong><\/span><\/p>\n","protected":false},"author":3,"featured_media":0,"comment_status":"open","ping_status":"open","sticky":false,"template":"","format":"standard","meta":{"_monsterinsights_skip_tracking":false,"_monsterinsights_sitenote_active":false,"_monsterinsights_sitenote_note":"","_monsterinsights_sitenote_category":0,"footnotes":""},"categories":[96743],"tags":[96744,43674,96745],"class_list":["post-600769","post","type-post","status-publish","format-standard","hentry","category-salvador-martinez-garcia","tag-aunque-pese","tag-opinion","tag-salvador-martinez-garcia"],"_links":{"self":[{"href":"https:\/\/www.diarioimagen.net\/index.php?rest_route=\/wp\/v2\/posts\/600769","targetHints":{"allow":["GET"]}}],"collection":[{"href":"https:\/\/www.diarioimagen.net\/index.php?rest_route=\/wp\/v2\/posts"}],"about":[{"href":"https:\/\/www.diarioimagen.net\/index.php?rest_route=\/wp\/v2\/types\/post"}],"author":[{"embeddable":true,"href":"https:\/\/www.diarioimagen.net\/index.php?rest_route=\/wp\/v2\/users\/3"}],"replies":[{"embeddable":true,"href":"https:\/\/www.diarioimagen.net\/index.php?rest_route=%2Fwp%2Fv2%2Fcomments&post=600769"}],"version-history":[{"count":0,"href":"https:\/\/www.diarioimagen.net\/index.php?rest_route=\/wp\/v2\/posts\/600769\/revisions"}],"wp:attachment":[{"href":"https:\/\/www.diarioimagen.net\/index.php?rest_route=%2Fwp%2Fv2%2Fmedia&parent=600769"}],"wp:term":[{"taxonomy":"category","embeddable":true,"href":"https:\/\/www.diarioimagen.net\/index.php?rest_route=%2Fwp%2Fv2%2Fcategories&post=600769"},{"taxonomy":"post_tag","embeddable":true,"href":"https:\/\/www.diarioimagen.net\/index.php?rest_route=%2Fwp%2Fv2%2Ftags&post=600769"}],"curies":[{"name":"wp","href":"https:\/\/api.w.org\/{rel}","templated":true}]}}