{"id":600848,"date":"2023-11-08T00:06:49","date_gmt":"2023-11-08T06:06:49","guid":{"rendered":"https:\/\/www.diarioimagen.net\/?p=600848"},"modified":"2023-11-08T23:01:25","modified_gmt":"2023-11-09T05:01:25","slug":"investigadores-de-la-uaemex-en-amecameca-trabajan-en-la-recuperacion-de-suelos-agricolas","status":"publish","type":"post","link":"https:\/\/www.diarioimagen.net\/?p=600848","title":{"rendered":"Investigadores de la UAEM\u00e9x en Amecameca trabajan en la recuperaci\u00f3n de suelos agr\u00edcolas"},"content":{"rendered":"<p>&nbsp;<\/p>\n<div id=\"attachment_600924\" style=\"width: 470px\" class=\"wp-caption aligncenter\"><a href=\"https:\/\/www.diarioimagen.net\/?attachment_id=600924\" rel=\"attachment wp-att-600924\"><img loading=\"lazy\" decoding=\"async\" aria-describedby=\"caption-attachment-600924\" class=\"size-full wp-image-600924\" src=\"https:\/\/www.diarioimagen.net\/wp-content\/uploads\/2023\/11\/uaem-investigadores.jpg\" alt=\"\" width=\"460\" height=\"270\" \/><\/a><p id=\"caption-attachment-600924\" class=\"wp-caption-text\">Algunas zonas del pa\u00eds como la Regi\u00f3n de los Volcanes enfrentan, adem\u00e1s del deterioro de los suelos, la agricultura comercial, la competencia con grandes empresas trasnacionales.<\/p><\/div>\n<p>&nbsp;<\/p>\n<p><strong>Amecameca, Estado de M\u00e9xico.<\/strong>\u2014 Para evitar el deterioro de los suelos agr\u00edcolas es necesario un uso responsable de fertilizantes, la rotaci\u00f3n de cultivos e incluir en ellos materia org\u00e1nica como el carb\u00f3n, con la finalidad de potenciar la retenci\u00f3n de humedad, aumentar los niveles de producci\u00f3n y, sobre todo, obtener alimentos m\u00e1s naturales e inocuos, afirm\u00f3 el catedr\u00e1tico e investigador del Centro Universitario Amecameca de la Universidad Aut\u00f3noma del Estado de M\u00e9xico (UAEM\u00e9x), Jos\u00e9 Rosas C\u00f3rdoba.<\/p>\n<p>El responsable de la posta zoot\u00e9cnica y el \u00e1rea agr\u00edcola de este campus de la Aut\u00f3noma mexiquense refiri\u00f3 que algunas zonas del pa\u00eds como la Regi\u00f3n de los Volcanes enfrentan, adem\u00e1s del deterioro de los suelos, la agricultura comercial, la competencia con grandes empresas trasnacionales.<\/p>\n<p>En esta regi\u00f3n, se\u00f1al\u00f3, se produc\u00eda leche y carne de manera natural. Ahora, dijo, han llegado empresas globales a posesionarse de estos mercados, mediante la venta de sus productos y contraponiendo la filosof\u00eda de la sustentabilidad que se impulsa desde esta casa de estudios, en concordancia con el compromiso social tan grande que tenemos y que para los universitarios es una prioridad.<\/p>\n<p>Indic\u00f3 que acciones como, por ejemplo, la introducci\u00f3n de una nueva variedad de ma\u00edz impactar\u00eda de manera rotunda a la zona, ya que si bien, se tendr\u00edan niveles de producci\u00f3n muy altos, en el largo plazo el impacto ser\u00eda el bajo rendimiento y una dependencia de las empresas trasnacionales.<\/p>\n<p>Adem\u00e1s, abund\u00f3 Rosas C\u00f3rdoba, el impacto ambiental ser\u00eda enorme, ya que afectar\u00eda factores como la disposici\u00f3n de agua en la zona, que principalmente es producto del deshielo y recargas del bosque, lo cual en el futuro tendr\u00eda como consecuencia un bajo rendimiento.<\/p>\n<p>\u201cSoy nativo de la regi\u00f3n y desgraciadamente, he sido testigo de los cambios ocurridos y las problem\u00e1ticas que van surgiendo. Hace tiempo esta zona era eminentemente agr\u00edcola y pecuaria. Hoy ha perdido esta vocaci\u00f3n y es afectada por las manchas urbanas, principalmente a consecuencia de su cercan\u00eda con la Ciudad de M\u00e9xico\u201d, dijo.<\/p>\n<p>El universitario, quien colabora con expertos de Cuba, Colombia, Ecuador, Per\u00fa y M\u00e9xico en trabajos de investigaci\u00f3n relacionados con la producci\u00f3n sustentable de forrajes, manifest\u00f3 que en la actualidad, acad\u00e9micos del Centro Universitario UAEM Amecameca desarrollan un trabajo sobre la recuperaci\u00f3n de suelos de la Regi\u00f3n de los Volcanes con biochar o carb\u00f3n vegetal. \u201cEstamos trabajando en esta regi\u00f3n con ma\u00edz, especie que ya es un monocultivo y que, si bien es cierto, nos ha tra\u00eddo muchos beneficios, tambi\u00e9n implica problemas como la infertilidad de los suelos\u201d, dijo.<\/p>\n<p>El objetivo, concluy\u00f3, es rescatar los suelos de la zona, ser ejemplo para nuestra \u00e1rea de influencia. Queremos, sostuvo Jos\u00e9 Rosas C\u00f3rdoba, llegar a los agricultores y proponerles la implementaci\u00f3n de ciertas pr\u00e1cticas agr\u00edcolas y el uso de ciertos fertilizantes, con el fin de conservar los suelos que, por cierto, son muy ricos.<\/p>\n","protected":false},"excerpt":{"rendered":"<p>Para evitar el deterioro de los suelos agr\u00edcolas es necesario un uso responsable de fertilizantes, la rotaci\u00f3n de cultivos e incluir en ellos materia org\u00e1nica como el carb\u00f3n, con la finalidad de potenciar la retenci\u00f3n de humedad, aumentar los niveles de producci\u00f3n y, sobre todo, obtener alimentos m\u00e1s naturales e inocuos, afirm\u00f3 el catedr\u00e1tico e investigador del Centro Universitario Amecameca de la Universidad Aut\u00f3noma del Estado de M\u00e9xico (UAEM\u00e9x), Jos\u00e9 Rosas C\u00f3rdoba.<\/p>\n","protected":false},"author":3,"featured_media":600924,"comment_status":"open","ping_status":"open","sticky":false,"template":"","format":"standard","meta":{"_monsterinsights_skip_tracking":false,"_monsterinsights_sitenote_active":false,"_monsterinsights_sitenote_note":"","_monsterinsights_sitenote_category":0,"footnotes":""},"categories":[5],"tags":[98857,67878],"class_list":["post-600848","post","type-post","status-publish","format-standard","has-post-thumbnail","hentry","category-estado-de-mexico","tag-suelos-agricolas","tag-uaemex"],"_links":{"self":[{"href":"https:\/\/www.diarioimagen.net\/index.php?rest_route=\/wp\/v2\/posts\/600848","targetHints":{"allow":["GET"]}}],"collection":[{"href":"https:\/\/www.diarioimagen.net\/index.php?rest_route=\/wp\/v2\/posts"}],"about":[{"href":"https:\/\/www.diarioimagen.net\/index.php?rest_route=\/wp\/v2\/types\/post"}],"author":[{"embeddable":true,"href":"https:\/\/www.diarioimagen.net\/index.php?rest_route=\/wp\/v2\/users\/3"}],"replies":[{"embeddable":true,"href":"https:\/\/www.diarioimagen.net\/index.php?rest_route=%2Fwp%2Fv2%2Fcomments&post=600848"}],"version-history":[{"count":0,"href":"https:\/\/www.diarioimagen.net\/index.php?rest_route=\/wp\/v2\/posts\/600848\/revisions"}],"wp:featuredmedia":[{"embeddable":true,"href":"https:\/\/www.diarioimagen.net\/index.php?rest_route=\/wp\/v2\/media\/600924"}],"wp:attachment":[{"href":"https:\/\/www.diarioimagen.net\/index.php?rest_route=%2Fwp%2Fv2%2Fmedia&parent=600848"}],"wp:term":[{"taxonomy":"category","embeddable":true,"href":"https:\/\/www.diarioimagen.net\/index.php?rest_route=%2Fwp%2Fv2%2Fcategories&post=600848"},{"taxonomy":"post_tag","embeddable":true,"href":"https:\/\/www.diarioimagen.net\/index.php?rest_route=%2Fwp%2Fv2%2Ftags&post=600848"}],"curies":[{"name":"wp","href":"https:\/\/api.w.org\/{rel}","templated":true}]}}