{"id":600889,"date":"2023-11-29T00:15:17","date_gmt":"2023-11-29T06:15:17","guid":{"rendered":"https:\/\/www.diarioimagen.net\/?p=600889"},"modified":"2023-11-29T01:49:02","modified_gmt":"2023-11-29T07:49:02","slug":"el-pais-que-dejan","status":"publish","type":"post","link":"https:\/\/www.diarioimagen.net\/?p=600889","title":{"rendered":"El pa\u00eds que dejan"},"content":{"rendered":"<p>8-11<\/p>\n<h2>Por la Derecha..!<\/h2>\n<h5>Luis \u00c1ngel Garc\u00eda<\/h5>\n<p>&nbsp;<\/p>\n<p>Un d\u00eda s\u00ed y otro tambi\u00e9n, el Presidente se empecina en vendernos la imagen de un pa\u00eds sin\u00a0 problemas, donde se acab\u00f3 con la pobreza, no hay desempleo; se extingui\u00f3 la corrupci\u00f3n; hay un sistema de salud como en Dinamarca y hasta mejor, sin desabasto de medicamentos y una mega farmacia que no tuvo ni Obama; funciona la estrategia de abrazos y no balazos y en consecuencia no hay violencia ni adicciones, los narcos son bien portados y no pactan con el gobierno ni intervienen en las elecciones; ya no hay masacres ni desapariciones forzadas; el sistema educativo es de calidad y con Libros de Texto Gratuitos de alto contenido cient\u00edfico que alientan el aprendizaje participativo; la inflaci\u00f3n est\u00e1 controlada y tenemos un s\u00faper peso y cada mes se rompe el r\u00e9cord de remesas; no hay crisis migratoria; somos de los pa\u00edses que mejor manejaron la pandemia de la Covid-19; los fen\u00f3menos naturales nos hacen lo que el viento a Ju\u00e1rez y por eso era innecesario el Fonden; los militares no s\u00f3lo son grandes estrategas y defensores de la seguridad nacional, tambi\u00e9n son polic\u00edas, agentes migratorios y aduanales, controladores a\u00e9reos, empresarios de la aviaci\u00f3n, los ferrocarriles y la hoteler\u00eda, constructores y distribuidores farmac\u00e9uticos; somos autosuficientes en materia energ\u00e9tica y no necesitamos de energ\u00edas limpias; rescatamos a Pemex y a la CFE. Es una maravilla de pa\u00eds.<\/p>\n<p>Pero la terca realidad se empecina en desmentir al inquilino de Palacio Nacional. Dejan un pa\u00eds al borde del colapso. Sin crecimiento econ\u00f3mico, apenas con la recuperaci\u00f3n de fuentes de trabajo a niveles prepandemia, con la salvedad que el empleo formal es de bajo salario, por lo que nuestra econom\u00eda se mantiene en un 60 por ciento con el autoempleo y el comercio informal, el cual no paga impuestos ni da prestaciones a sus reclutados. La gente sigue en la pobreza e incluso se increment\u00f3 la poblaci\u00f3n en el umbral de la miseria o la miseria extrema y sufrimos los efectos de la pobreza laboral, trabajadores con empleo formal, pero cuyos ingresos no le permiten adquirir dos canastas b\u00e1sicas al mes y tiene ingresos menores a los diez mil pesos mensuales.<\/p>\n<p>Se presumen las remesas como logro de una pol\u00edtica econ\u00f3mica gubernamental, cuando es una verg\u00fcenza que los paisanos tengan que abandonar su tierra para conseguir en el extranjero mejores condiciones de vida. El dinero que env\u00edan es un apoyo a sus familiares que no han podido emigrar, pero con el s\u00faper peso cada vez reciben menos cantidad y, por ende, adquieren menos art\u00edculos. Una moneda sobrevaluada tampoco ayuda a los exportadores, ya que reciben menos divisas por sus productos. La inflaci\u00f3n subyacente continua alta, lo que encarece el costo de la vida.<\/p>\n<p>Un pa\u00eds que, por falta de estrategia sanitaria, ignorancia y prepotencia permiti\u00f3 la muerte de 800 mil mexicanos durante la pandemia, no puede presumir de un buen manejo de la enfermedad. Como tampoco est\u00e1 a su favor la falta de tratamientos para ni\u00f1os con c\u00e1ncer o haber provocado el desabasto de medicamentos por un capricho presidencial. El sistema de salud est\u00e1 en crisis y la desaparici\u00f3n del Insabi prueba la ineficacia oficial, ya que dej\u00f3 sin servicios a m\u00e1s de 35 millones de compatriotas que ahora tendr\u00e1 que atender una entelequia llamada IMSS Bienestar, cuando el organismo desconcentrado no puede dar atenci\u00f3n eficiente y oportuna a sus propios derechohabientes.<\/p>\n<p>Ni hablar de un verdadero r\u00e9cord, los homicidios dolosos que al t\u00e9rmino del sexenio llegar\u00e1n a los doscientos mil mexicanos muertos, cifra nunca registrada. La violencia ti\u00f1e de rojo a la Rep\u00fablica con la connivencia gubernamental. Un fracaso la pol\u00edtica de abrazos y no balazos. Se ha perdido la gobernabilidad en buena parte del territorio nacional. Ese es el pa\u00eds que dejan.<\/p>\n","protected":false},"excerpt":{"rendered":"<p><span style=\"color: #005497;\"><strong>Luis \u00c1ngel Garc\u00eda<\/strong><\/span><\/p>\n","protected":false},"author":3,"featured_media":0,"comment_status":"open","ping_status":"open","sticky":false,"template":"","format":"standard","meta":{"_monsterinsights_skip_tracking":false,"_monsterinsights_sitenote_active":false,"_monsterinsights_sitenote_note":"","_monsterinsights_sitenote_category":0,"footnotes":""},"categories":[92115],"tags":[92117,43674,92116],"class_list":["post-600889","post","type-post","status-publish","format-standard","hentry","category-luis-angel-garcia","tag-luis-angel-garcia","tag-opinion","tag-por-la-derecha"],"_links":{"self":[{"href":"https:\/\/www.diarioimagen.net\/index.php?rest_route=\/wp\/v2\/posts\/600889","targetHints":{"allow":["GET"]}}],"collection":[{"href":"https:\/\/www.diarioimagen.net\/index.php?rest_route=\/wp\/v2\/posts"}],"about":[{"href":"https:\/\/www.diarioimagen.net\/index.php?rest_route=\/wp\/v2\/types\/post"}],"author":[{"embeddable":true,"href":"https:\/\/www.diarioimagen.net\/index.php?rest_route=\/wp\/v2\/users\/3"}],"replies":[{"embeddable":true,"href":"https:\/\/www.diarioimagen.net\/index.php?rest_route=%2Fwp%2Fv2%2Fcomments&post=600889"}],"version-history":[{"count":0,"href":"https:\/\/www.diarioimagen.net\/index.php?rest_route=\/wp\/v2\/posts\/600889\/revisions"}],"wp:attachment":[{"href":"https:\/\/www.diarioimagen.net\/index.php?rest_route=%2Fwp%2Fv2%2Fmedia&parent=600889"}],"wp:term":[{"taxonomy":"category","embeddable":true,"href":"https:\/\/www.diarioimagen.net\/index.php?rest_route=%2Fwp%2Fv2%2Fcategories&post=600889"},{"taxonomy":"post_tag","embeddable":true,"href":"https:\/\/www.diarioimagen.net\/index.php?rest_route=%2Fwp%2Fv2%2Ftags&post=600889"}],"curies":[{"name":"wp","href":"https:\/\/api.w.org\/{rel}","templated":true}]}}