{"id":600972,"date":"2023-11-09T00:01:52","date_gmt":"2023-11-09T06:01:52","guid":{"rendered":"https:\/\/www.diarioimagen.net\/?p=600972"},"modified":"2023-11-09T01:24:10","modified_gmt":"2023-11-09T07:24:10","slug":"ni-fracturas-ni-divisiones-al-interior-del-pan-en-edomex-anuar-azar-figueroa","status":"publish","type":"post","link":"https:\/\/www.diarioimagen.net\/?p=600972","title":{"rendered":"Ni fracturas ni divisiones, al interior del PAN en Edomex: Anuar Azar Figueroa"},"content":{"rendered":"<p>&nbsp;<\/p>\n<ul>\n<li><em><strong>\u201cPartido competitivo\u201d<\/strong><\/em><\/li>\n<\/ul>\n<p><strong>\u00a0<\/strong><\/p>\n<h6>Arturo Baena<\/h6>\n<p>&nbsp;<\/p>\n<div id=\"attachment_601064\" style=\"width: 470px\" class=\"wp-caption aligncenter\"><a href=\"https:\/\/www.diarioimagen.net\/?attachment_id=601064\" rel=\"attachment wp-att-601064\"><img loading=\"lazy\" decoding=\"async\" aria-describedby=\"caption-attachment-601064\" class=\"size-full wp-image-601064\" src=\"https:\/\/www.diarioimagen.net\/wp-content\/uploads\/2023\/11\/fracturas-division.jpg\" alt=\"\" width=\"460\" height=\"270\" \/><\/a><p id=\"caption-attachment-601064\" class=\"wp-caption-text\">Anuar Azar Figueroa, presidente del PAN en Edomex, descarta divisionismos.<\/p><\/div>\n<p>&nbsp;<\/p>\n<p><strong>Valle de M\u00e9xico.\u2014<\/strong> \u201cDe ninguna manera hay ni habr\u00e1 rupturas ni divisi\u00f3n al interior Partido Acci\u00f3n Nacional (PAN) en el Estado de M\u00e9xico, al contrario, la unidad es nuestra principal fortaleza, est\u00e1n muy equivocados todos aquellos que piensan lo contrario\u201d.<\/p>\n<p>Afirm\u00f3 en entrevista, Anuar Azar Figueroa, presidente de ese instituto pol\u00edtico en la entidad mexiquense, al tiempo de puntualizar, que \u201ccada vez que se acercan procesos electorales surgen se\u00f1alamientos tratando de \u201cdebilitar\u201d o \u201cfracturar\u201d la uni\u00f3n que caracteriza a nuestro partido, cosa que no lograr\u00e1n, pues saben que el de Acci\u00f3n Nacional es un partido competitivo que ha demostrado saber gobernar en favor de la ciudadan\u00eda\u201d, reiter\u00f3. Sobre la selecci\u00f3n de las y los abanderados a los diversos cargos de elecci\u00f3n popular, Anuar Azar, dej\u00f3 en claro que en tiempo y forma se dar\u00e1n a conocer, sin embargo, puntualiz\u00f3 que se privilegiar\u00e1 a quienes est\u00e9n con mayores posibilidades de triunfo y en ello vamos a ser muy responsables\u201d, abund\u00f3.<\/p>\n<p>El tambi\u00e9n diputado federal ejemplific\u00f3 que \u201cen los procesos electorales del 2021, no fueron por designaciones (del PAN), fueron por competencia interna entre la militancia y de ninguna manera hubo ni divisiones ni fracturas y se gan\u00f3 lo que se ten\u00eda que ganar\u201d, dijo.<\/p>\n<p>Mientras tanto, militantes y simpatizantes del panismo del Estado de M\u00e9xico, aseguraron que \u201chay que reconocer que, ante los procesos electorales del 2024, surgen diversos actores pol\u00edticos que buscan ser tomados en cuenta, pese a que en varios a\u00f1os no se acercaron ni al partido ni a la sociedad y buscan por cualquier medio alzar la mano para alg\u00fan cargo de elecci\u00f3n popular, cosa que definitivamente no ser\u00e1n tomados en cuenta\u201d.<\/p>\n","protected":false},"excerpt":{"rendered":"<p>\u201cDe ninguna manera hay ni habr\u00e1 rupturas ni divisi\u00f3n al interior Partido Acci\u00f3n Nacional (PAN) en el Estado de M\u00e9xico, al contrario, la unidad es nuestra principal fortaleza, est\u00e1n muy equivocados todos aquellos que piensan lo contrario\u201d.<\/p>\n","protected":false},"author":3,"featured_media":601064,"comment_status":"open","ping_status":"open","sticky":false,"template":"","format":"standard","meta":{"_monsterinsights_skip_tracking":false,"_monsterinsights_sitenote_active":false,"_monsterinsights_sitenote_note":"","_monsterinsights_sitenote_category":0,"footnotes":""},"categories":[5],"tags":[93709,34],"class_list":["post-600972","post","type-post","status-publish","format-standard","has-post-thumbnail","hentry","category-estado-de-mexico","tag-anuar-azar-figueroa","tag-valle-de-mexico"],"_links":{"self":[{"href":"https:\/\/www.diarioimagen.net\/index.php?rest_route=\/wp\/v2\/posts\/600972","targetHints":{"allow":["GET"]}}],"collection":[{"href":"https:\/\/www.diarioimagen.net\/index.php?rest_route=\/wp\/v2\/posts"}],"about":[{"href":"https:\/\/www.diarioimagen.net\/index.php?rest_route=\/wp\/v2\/types\/post"}],"author":[{"embeddable":true,"href":"https:\/\/www.diarioimagen.net\/index.php?rest_route=\/wp\/v2\/users\/3"}],"replies":[{"embeddable":true,"href":"https:\/\/www.diarioimagen.net\/index.php?rest_route=%2Fwp%2Fv2%2Fcomments&post=600972"}],"version-history":[{"count":0,"href":"https:\/\/www.diarioimagen.net\/index.php?rest_route=\/wp\/v2\/posts\/600972\/revisions"}],"wp:featuredmedia":[{"embeddable":true,"href":"https:\/\/www.diarioimagen.net\/index.php?rest_route=\/wp\/v2\/media\/601064"}],"wp:attachment":[{"href":"https:\/\/www.diarioimagen.net\/index.php?rest_route=%2Fwp%2Fv2%2Fmedia&parent=600972"}],"wp:term":[{"taxonomy":"category","embeddable":true,"href":"https:\/\/www.diarioimagen.net\/index.php?rest_route=%2Fwp%2Fv2%2Fcategories&post=600972"},{"taxonomy":"post_tag","embeddable":true,"href":"https:\/\/www.diarioimagen.net\/index.php?rest_route=%2Fwp%2Fv2%2Ftags&post=600972"}],"curies":[{"name":"wp","href":"https:\/\/api.w.org\/{rel}","templated":true}]}}