{"id":600974,"date":"2023-11-09T00:02:05","date_gmt":"2023-11-09T06:02:05","guid":{"rendered":"https:\/\/www.diarioimagen.net\/?p=600974"},"modified":"2023-11-09T01:23:27","modified_gmt":"2023-11-09T07:23:27","slug":"pide-el-diputado-adrian-juarez-jimenez-atender-problema-vial-en-tlalnepantla","status":"publish","type":"post","link":"https:\/\/www.diarioimagen.net\/?p=600974","title":{"rendered":"Pide el diputado Adri\u00e1n Ju\u00e1rez Jim\u00e9nez atender problema vial en Tlalnepantla"},"content":{"rendered":"<p>&nbsp;<\/p>\n<ul>\n<li><em><strong>Congestionamientos desde hace 2 meses<\/strong><\/em><\/li>\n<\/ul>\n<p>&nbsp;<\/p>\n<div id=\"attachment_601062\" style=\"width: 470px\" class=\"wp-caption aligncenter\"><a href=\"https:\/\/www.diarioimagen.net\/?attachment_id=601062\" rel=\"attachment wp-att-601062\"><img loading=\"lazy\" decoding=\"async\" aria-describedby=\"caption-attachment-601062\" class=\"size-full wp-image-601062\" src=\"https:\/\/www.diarioimagen.net\/wp-content\/uploads\/2023\/11\/pide-diputado.jpg\" alt=\"\" width=\"460\" height=\"270\" \/><\/a><p id=\"caption-attachment-601062\" class=\"wp-caption-text\">El diputado panista Alonso Adri\u00e1n Ju\u00e1rez Jim\u00e9nez solicit\u00f3 al gobierno estatal y al ayuntamiento de Tlalnepantla atender problema de socav\u00f3n.<\/p><\/div>\n<p>&nbsp;<\/p>\n<p><strong>Toluca, Estado de M\u00e9xico.\u2014<\/strong> El Congreso mexiquense solicit\u00f3 al gobierno estatal y al ayuntamiento de Tlalnepantla que implementen operativos coordinados y permanentes con personal de tr\u00e1nsito estatal y municipal para atender la problem\u00e1tica ocasionada por m\u00faltiples veh\u00edculos estacionados sobre las vialidades aleda\u00f1as a la avenida Hermilo Mena, cruce de la avenida R\u00edo de los Remedios, debido al surgimiento de un socav\u00f3n desde hace m\u00e1s de dos meses.<\/p>\n<p>El exhorto, impulsado por el legislador Alonso Adri\u00e1n Ju\u00e1rez Jim\u00e9nez (PAN), se dirige de manera particular a las secretar\u00edas estatales de Movilidad y de Seguridad y a la Coordinaci\u00f3n General de Protecci\u00f3n Civil y Gesti\u00f3n Integral del Riesgo, as\u00ed como a la Comisar\u00eda General de Seguridad P\u00fablica y Tr\u00e1nsito Municipal y a las direcciones de Movilidad y de Protecci\u00f3n Civil de Tlalnepantla. Durante la exposici\u00f3n del punto de acuerdo, respaldado por las diputadas Lourdes Jezabel Delgado Flores (Morena) y Mar\u00eda del Rosario Aguirre Flores (PT), quienes coincidieron en revisar las rutas de evacuaci\u00f3n en la zona para evitar riesgos a la ciudadan\u00eda, el legislador Adri\u00e1n Ju\u00e1rez denunci\u00f3 que hace falta informaci\u00f3n para la poblaci\u00f3n, as\u00ed como protocolos y se\u00f1alamientos, pues la situaci\u00f3n genera conflicto vial para cerca de 200 mil personas de las colonias L\u00e1zaro C\u00e1rdenas, Lomas de Lindavista, San Jos\u00e9, fraccionamiento Bah\u00eda del Copal y pueblo de San Juan Ixhuatepec.<\/p>\n<p>El diputado refiri\u00f3 que desde el pasado 23 de agosto se gener\u00f3 un socav\u00f3n de aproximadamente ocho metros de profundidad y m\u00e1s de dos metros de di\u00e1metro en la zona, y que las obras de reparaci\u00f3n han avanzado muy lentamente, por lo que solicit\u00f3 que se informe a la ciudadan\u00eda sobre las v\u00edas alternas de circulaci\u00f3n en caso de una emergencia, toda vez que tambi\u00e9n hay trabajos de la instalaci\u00f3n de una pasarela que conectar\u00e1 al sistema de transporte Metrob\u00fas y Mexib\u00fas, con el centro de transferencia modal Indios Verdes.<\/p>\n","protected":false},"excerpt":{"rendered":"<p>El Congreso mexiquense solicit\u00f3 al gobierno estatal y al ayuntamiento de Tlalnepantla que implementen operativos coordinados y permanentes con personal de tr\u00e1nsito estatal y municipal para atender la problem\u00e1tica ocasionada por m\u00faltiples veh\u00edculos estacionados sobre las vialidades aleda\u00f1as a la avenida Hermilo Mena, cruce de la avenida R\u00edo de los Remedios, debido al surgimiento de un socav\u00f3n desde hace m\u00e1s de dos meses.<\/p>\n","protected":false},"author":3,"featured_media":601062,"comment_status":"open","ping_status":"open","sticky":false,"template":"","format":"standard","meta":{"_monsterinsights_skip_tracking":false,"_monsterinsights_sitenote_active":false,"_monsterinsights_sitenote_note":"","_monsterinsights_sitenote_category":0,"footnotes":""},"categories":[5],"tags":[43675,11075,452,73308],"class_list":["post-600974","post","type-post","status-publish","format-standard","has-post-thumbnail","hentry","category-estado-de-mexico","tag-estado-de-mexico","tag-problema","tag-toluca","tag-vial"],"_links":{"self":[{"href":"https:\/\/www.diarioimagen.net\/index.php?rest_route=\/wp\/v2\/posts\/600974","targetHints":{"allow":["GET"]}}],"collection":[{"href":"https:\/\/www.diarioimagen.net\/index.php?rest_route=\/wp\/v2\/posts"}],"about":[{"href":"https:\/\/www.diarioimagen.net\/index.php?rest_route=\/wp\/v2\/types\/post"}],"author":[{"embeddable":true,"href":"https:\/\/www.diarioimagen.net\/index.php?rest_route=\/wp\/v2\/users\/3"}],"replies":[{"embeddable":true,"href":"https:\/\/www.diarioimagen.net\/index.php?rest_route=%2Fwp%2Fv2%2Fcomments&post=600974"}],"version-history":[{"count":0,"href":"https:\/\/www.diarioimagen.net\/index.php?rest_route=\/wp\/v2\/posts\/600974\/revisions"}],"wp:featuredmedia":[{"embeddable":true,"href":"https:\/\/www.diarioimagen.net\/index.php?rest_route=\/wp\/v2\/media\/601062"}],"wp:attachment":[{"href":"https:\/\/www.diarioimagen.net\/index.php?rest_route=%2Fwp%2Fv2%2Fmedia&parent=600974"}],"wp:term":[{"taxonomy":"category","embeddable":true,"href":"https:\/\/www.diarioimagen.net\/index.php?rest_route=%2Fwp%2Fv2%2Fcategories&post=600974"},{"taxonomy":"post_tag","embeddable":true,"href":"https:\/\/www.diarioimagen.net\/index.php?rest_route=%2Fwp%2Fv2%2Ftags&post=600974"}],"curies":[{"name":"wp","href":"https:\/\/api.w.org\/{rel}","templated":true}]}}