{"id":600977,"date":"2023-11-09T00:04:31","date_gmt":"2023-11-09T06:04:31","guid":{"rendered":"https:\/\/www.diarioimagen.net\/?p=600977"},"modified":"2023-11-09T01:21:57","modified_gmt":"2023-11-09T07:21:57","slug":"llega-la-nba-a-cuautitlan-izcalli-en-apoyo-al-deporte","status":"publish","type":"post","link":"https:\/\/www.diarioimagen.net\/?p=600977","title":{"rendered":"Llega la NBA a Cuautitl\u00e1n Izcalli,\u00a0en apoyo al deporte"},"content":{"rendered":"<p>&nbsp;<\/p>\n<p><a href=\"https:\/\/www.diarioimagen.net\/?attachment_id=601058\" rel=\"attachment wp-att-601058\"><img loading=\"lazy\" decoding=\"async\" class=\"aligncenter size-full wp-image-601058\" src=\"https:\/\/www.diarioimagen.net\/wp-content\/uploads\/2023\/11\/llega-nba.jpg\" alt=\"\" width=\"460\" height=\"270\" \/><\/a><\/p>\n<p>&nbsp;<\/p>\n<p><strong>Cuautitl\u00e1n Izcalli, Estado de M\u00e9xico.\u2014<\/strong> Para fomentar el deporte, el gobierno municipal que encabeza Karla Fiesco, de la mano con el Instituto Municipal del Deporte de Cuautitl\u00e1n Izcalli (INMUDECI) y \u201cGuerreros Basquetbol Club\u201d, invitan a todos los ni\u00f1os y j\u00f3venes de 6 a 18 a\u00f1os al evento \u201cJR.NBA\u201d, en\u00a0 donde coaches expertos internacionales estar\u00e1n en diferentes actividades deportivas el s\u00e1bado 11 de noviembre en el gimnasio Pablo Col\u00edn en la colonia La Perla a las 12 del d\u00eda.<\/p>\n<p>Para poder asistir y participar en este evento es necesario hacer un registro previo, en el\u00a0 enlace <em>https:\/\/www.jrnbamexico.com\/school<\/em>, donde los padres o tutores deber\u00e1n llenar los datos solicitados, el evento es totalmente gratis y habr\u00e1 diferentes categor\u00edas para todas las edades.<\/p>\n","protected":false},"excerpt":{"rendered":"<p>Para fomentar el deporte, el gobierno municipal que encabeza Karla Fiesco, de la mano con el Instituto Municipal del Deporte de Cuautitl\u00e1n Izcalli (INMUDECI) y \u201cGuerreros Basquetbol Club\u201d, invitan a todos los ni\u00f1os y j\u00f3venes de 6 a 18 a\u00f1os al evento \u201cJR.NBA\u201d, en\u00a0 donde coaches expertos internacionales estar\u00e1n en diferentes actividades deportivas el s\u00e1bado 11 de noviembre en el gimnasio Pablo Col\u00edn en la colonia La Perla a las 12 del d\u00eda.<\/p>\n","protected":false},"author":3,"featured_media":601058,"comment_status":"open","ping_status":"open","sticky":false,"template":"","format":"standard","meta":{"_monsterinsights_skip_tracking":false,"_monsterinsights_sitenote_active":false,"_monsterinsights_sitenote_note":"","_monsterinsights_sitenote_category":0,"footnotes":""},"categories":[5],"tags":[2701,971,43680,43675],"class_list":["post-600977","post","type-post","status-publish","format-standard","has-post-thumbnail","hentry","category-estado-de-mexico","tag-apoyo","tag-cuautitlan-izcalli","tag-deportes","tag-estado-de-mexico"],"_links":{"self":[{"href":"https:\/\/www.diarioimagen.net\/index.php?rest_route=\/wp\/v2\/posts\/600977","targetHints":{"allow":["GET"]}}],"collection":[{"href":"https:\/\/www.diarioimagen.net\/index.php?rest_route=\/wp\/v2\/posts"}],"about":[{"href":"https:\/\/www.diarioimagen.net\/index.php?rest_route=\/wp\/v2\/types\/post"}],"author":[{"embeddable":true,"href":"https:\/\/www.diarioimagen.net\/index.php?rest_route=\/wp\/v2\/users\/3"}],"replies":[{"embeddable":true,"href":"https:\/\/www.diarioimagen.net\/index.php?rest_route=%2Fwp%2Fv2%2Fcomments&post=600977"}],"version-history":[{"count":0,"href":"https:\/\/www.diarioimagen.net\/index.php?rest_route=\/wp\/v2\/posts\/600977\/revisions"}],"wp:featuredmedia":[{"embeddable":true,"href":"https:\/\/www.diarioimagen.net\/index.php?rest_route=\/wp\/v2\/media\/601058"}],"wp:attachment":[{"href":"https:\/\/www.diarioimagen.net\/index.php?rest_route=%2Fwp%2Fv2%2Fmedia&parent=600977"}],"wp:term":[{"taxonomy":"category","embeddable":true,"href":"https:\/\/www.diarioimagen.net\/index.php?rest_route=%2Fwp%2Fv2%2Fcategories&post=600977"},{"taxonomy":"post_tag","embeddable":true,"href":"https:\/\/www.diarioimagen.net\/index.php?rest_route=%2Fwp%2Fv2%2Ftags&post=600977"}],"curies":[{"name":"wp","href":"https:\/\/api.w.org\/{rel}","templated":true}]}}