{"id":601130,"date":"2023-11-10T00:01:47","date_gmt":"2023-11-10T06:01:47","guid":{"rendered":"https:\/\/www.diarioimagen.net\/?p=601130"},"modified":"2023-11-10T02:01:35","modified_gmt":"2023-11-10T08:01:35","slug":"brisas-acapulco-abrira-al-70-por-ciento-a-mediados-de-diciembre-proximo","status":"publish","type":"post","link":"https:\/\/www.diarioimagen.net\/?p=601130","title":{"rendered":"Brisas Acapulco abrir\u00e1, al 70 por ciento, a mediados de diciembre pr\u00f3ximo"},"content":{"rendered":"<h2>De cinco estrellas<\/h2>\n<h5>Victoria Gonz\u00e1lez Prado<\/h5>\n<p>&nbsp;<\/p>\n<ul>\n<li><strong><em>La catrina m\u00e1s alta del mundo est\u00e1 en Puerto Vallarta y logr\u00f3 r\u00e9cord Guinness<\/em><\/strong><\/li>\n<li><strong><em>Avis donar\u00e1 5 por ciento del total del ingreso de las rentas para Acapulco<\/em><\/strong><\/li>\n<li><strong><em>El 74\u00ba desfile del <\/em>Thanksgiving Day<em> en Houston ser\u00e1 el pr\u00f3ximo jueves 23<\/em><\/strong><\/li>\n<\/ul>\n<p>&nbsp;<\/p>\n<div id=\"attachment_601204\" style=\"width: 470px\" class=\"wp-caption aligncenter\"><a href=\"https:\/\/www.diarioimagen.net\/?attachment_id=601204\" rel=\"attachment wp-att-601204\"><img loading=\"lazy\" decoding=\"async\" aria-describedby=\"caption-attachment-601204\" class=\"size-full wp-image-601204\" src=\"https:\/\/www.diarioimagen.net\/wp-content\/uploads\/2023\/11\/turismo-estrellas-4.jpg\" alt=\"\" width=\"460\" height=\"270\" \/><\/a><p id=\"caption-attachment-601204\" class=\"wp-caption-text\">Antonio Cos\u00edo Pando.<\/p><\/div>\n<p>&nbsp;<\/p>\n<p>Con el compromiso de reactivar lo m\u00e1s pronto la econom\u00eda y el turismo en Acapulco, Grupo Brisas anunci\u00f3 que su ic\u00f3nico resort, Las Brisas Acapulco reabrir\u00e1 a mediados de diciembre pr\u00f3ximo para empezar a recibir a los primeros turistas nacionales a este puerto del Pac\u00edfico afectado por el hurac\u00e1n \u201cOtis\u201d.<\/p>\n<p><strong>Antonio Cos\u00edo Pando<\/strong>, CEO del corporativo tur\u00edstico, tuvo comunicaci\u00f3n con el presidente <strong>Andr\u00e9s Manuel L\u00f3pez Obrador<\/strong> y le inform\u00f3 que Grupo Brisas seguir\u00e1 redoblando esfuerzos con sus colaboradores para reactivar lo m\u00e1s pronto posible las operaciones de su emblem\u00e1tica propiedad ante los da\u00f1os causados por este fen\u00f3meno natural.<\/p>\n<p>\u201cS\u00ed tuvimos da\u00f1os importantes en cristales, puertas y canceler\u00eda, pero gracias a que la construcci\u00f3n del hotel es de concreto no tuvimos da\u00f1os estructurales, lo que nos da la tranquilidad de estar listos al 70 por ciento para el 15 de diciembre y para abril pr\u00f3ximo, al cien por ciento\u201d, coment\u00f3 luego de la conversaci\u00f3n que sostuvo con el titular del ejecutivo federal.<\/p>\n<p>El empresario se mostr\u00f3 optimista con los avances que se tienen en las diferentes \u00e1reas del resort y confi\u00f3 en que sus 251 suites, restaurantes y dem\u00e1s instalaciones queden mejor que nunca con los trabajos que realizan los 250 trabajadores que laboran en la propiedad.<\/p>\n<p>\u201cEstamos comprometidos no s\u00f3lo con el turismo, sino con la gente de Acapulco que necesita que los hoteles est\u00e9n abiertos y operando para generar empleos, esa es nuestra principal misi\u00f3n\u201d, se\u00f1al\u00f3 el CEO de Grupo, quien a\u00f1adi\u00f3 que a trav\u00e9s de su Fundaci\u00f3n est\u00e1n apoyando a sus colaboradores en la reconstrucci\u00f3n de sus viviendas.<\/p>\n<p>Si bien Las Brisas Acapulco ser\u00e1 uno de los pocos resorts abiertos para fin de a\u00f1o, confi\u00f3 en que tendr\u00e1n buena ocupaci\u00f3n por la afluencia de personas que viajar\u00e1n al puerto para esas fechas para revisar la reconstrucci\u00f3n de sus departamentos.<\/p>\n<p>\u2730\u2730\u2730\u2730\u2730 Por segundo a\u00f1o consecutivo, <em>Guinness World Records,<\/em> otorg\u00f3 a la catrina monumental de Puerto Vallarta el r\u00e9cord como la \u201cCatrina m\u00e1s alta del mundo\u201d al medir 28.15 metros, superando los 22.67 metros registrados el a\u00f1o pasado.<\/p>\n<p>La Catrina se ubica en el malec\u00f3n de Puerto Vallarta y fue una de las principales atracciones que enmarcaron la celebraci\u00f3n del \u201cFestival de muertos 2023\u201d y que permanecer\u00e1 todo el mes de noviembre para que locales y visitantes la admiren.<\/p>\n<p>La estructura fue realizada en poco m\u00e1s de tres meses de trabajo utilizando alrededor de cuatro toneladas de material y m\u00e1s de 700 metros de tela.<\/p>\n<p><strong>Luis Villase\u00f1or<\/strong>, director general del Fideicomiso P\u00fablico para la Promoci\u00f3n y Publicidad Tur\u00edstica de Puerto Vallarta asegur\u00f3: \u201cestamos muy orgullosos por este reconocimiento que nos permite seguir posicionando a Puerto Vallarta como el destino de sol y playa m\u00e1s mexicano. Estas celebraciones generan mayor afluencia tur\u00edstica y se sirven como antesala para el arranque de la temporada donde muchos viajeros aprovechan para visitar las c\u00e1lidas playas de la <em>perla verde<\/em> del Pac\u00edfico mexicano\u201d.<\/p>\n<p>Durante el \u201cFestival de muertos 2023\u201d hubo 40 catrinas m\u00e1s que acompa\u00f1aron a la Catrina m\u00e1s alta del mundo, altares, desfiles, exposiciones y actividades culturales y deportivas, como el <em>UTMB World Series<\/em>, donde alrededor de 2 mil atletas de alto rendimiento tuvieron oportunidad de recorrer el malec\u00f3n y observar el ambiente festivo del D\u00eda de Muertos.<\/p>\n<p>\u2730\u2730\u2730\u2730\u2730 Desde el 1 de noviembre y al 30 del mismo mes, la arrendadora de autos Avis donar\u00e1 5 por ciento del total del ingreso de las rentas generadas en sus m\u00e1s de 90 sucursales a nivel nacional as\u00ed lo asegur\u00f3 en un comunicado enviado que se\u00f1ala tambi\u00e9n que fueron testigos de los devastadores efectos del hurac\u00e1n \u201cOtis\u201d en el estado de Guerrero, suceso que impact\u00f3 a miles y caus\u00f3 da\u00f1os vastos y significativos en uno de los destinos tur\u00edsticos m\u00e1s ic\u00f3nicos de nuestro pa\u00eds.<\/p>\n<p>\u201cAcapulco ha sido parte fundamental de nuestra historia y motor de la industria tur\u00edstica. Su gente, sus playas, su gastronom\u00eda y su riqueza cultural se han convertido en embajadores de nuestro M\u00e9xico. Nos mueve profundamente la situaci\u00f3n en la que se encuentran todas las personas afectadas y las p\u00e9rdidas generadas ante este desastre natural\u201d.<\/p>\n<p>Como Empresa Socialmente Responsable, continua el comunicado, \u201csabemos que es momento de mostrar apoyo y sumar esfuerzos para que Acapulco y todas las zonas afectadas de Guerrero logren salir adelante. No ser\u00e1 f\u00e1cil, pero con la ayuda de todos, sabemos que es posible\u201d.<\/p>\n<p>Siguiendo el compromiso con los valores sobre los cuales est\u00e1 constru\u00edda la empresa en M\u00e9xico durante 60 a\u00f1os, decidieron donar 5 por ciento del monto total (antes de impuestos) de las rentas de autos generadas por los clientes en las m\u00e1s de 90 sucursales de Avis M\u00e9xico.<\/p>\n<p>Los fondos ser\u00e1n donados a trav\u00e9s de la Fundaci\u00f3n BBVA y la ayuda estar\u00e1 destinada no solo a la asistencia inmediata para necesidades urgentes, sino tambi\u00e9n para apoyar la reconstrucci\u00f3n de escuelas y becas que contribuyan a que ni\u00f1os y j\u00f3venes puedan continuar su educaci\u00f3n lo antes posible.<\/p>\n<p>Con este esfuerzo conjunto la empresa marca una diferencia significativa y contribuye al bienestar y recuperaci\u00f3n de las familias afectadas en Acapulco y el estado de Guerrero.<\/p>\n<p>Por \u00faltimo, el comunicado agradece a clientes, socios, aliados y colaboradores porque juntos demuestran que la uni\u00f3n con prop\u00f3sito es capaz de superar cualquier obst\u00e1culo, contribuyendo a la recuperaci\u00f3n y bienestar de quienes m\u00e1s lo necesitan en estos momentos dif\u00edciles.<\/p>\n<p>\u2730\u2730\u2730\u2730\u2730 El 74\u00ba desfile anual del <em>Thanksgiving Day<\/em> 2023 de H-E-B (patrocinador) se llevar\u00e1 a cabo el jueves 23 de noviembre de 2023 a partir de las 9 de la ma\u00f1ana en el centro de Houston.<\/p>\n<p>Cabe destacar que el desfile de Acci\u00f3n de Gracias en Houston es uno de los m\u00e1s antiguos de la Uni\u00f3n Americana.<\/p>\n<p>Cada a\u00f1o, los habitantes de Houston se alinean en las calles para animar a los participantes. El desfile atravesar\u00e1 m\u00e1s de 20 calles de la ciudad y contar\u00e1 con elaboradas carrozas, coloridas bandas de m\u00fasica, globos de alto vuelo y otras entradas exclusivas de Houston.<\/p>\n<p>Un comunicado de la alcald\u00eda de Houston asegura que el alcalde, <strong>Sylvester Turner,<\/strong> encabezar\u00e1 el desfile del D\u00eda de Acci\u00f3n de Gracias de H-E-B 2023 junto con las leyendas locales de los <em>Rockets,<\/em> <strong>Rudy T<\/strong> y <strong>Calvin Murphy<\/strong>.<\/p>\n<p>&nbsp;<\/p>\n<blockquote>\n<p style=\"text-align: right;\">\u201c<strong>El<\/strong> <strong>\u00e1ngel de la fama tiene sus alas hechas de papel&#8230; peri\u00f3dico\u201d.<br \/>\n<\/strong><\/p>\n<\/blockquote>\n<p>&nbsp;<\/p>\n<p><em><span class=\"Apple-converted-space\"><a href=\"mailto:victoriagprado@gmail.com\" target=\"_blank\" rel=\"noopener noreferrer\">victoriagprado@gmail.com<\/a><br \/>\nTwitter: <a href=\"https:\/\/twitter.com\/victoriagprado\" target=\"_blank\" rel=\"noopener noreferrer\">@victoriagprado<\/a><\/span><\/em><\/p>\n","protected":false},"excerpt":{"rendered":"<p>Con el compromiso de reactivar lo m\u00e1s pronto la econom\u00eda y el turismo en Acapulco, Grupo Brisas anunci\u00f3 que su ic\u00f3nico resort, Las Brisas Acapulco reabrir\u00e1 a mediados de diciembre pr\u00f3ximo para empezar a recibir a los primeros turistas nacionales a este puerto del Pac\u00edfico afectado por el hurac\u00e1n \u201cOtis\u201d.<\/p>\n","protected":false},"author":3,"featured_media":601204,"comment_status":"open","ping_status":"open","sticky":false,"template":"","format":"standard","meta":{"_monsterinsights_skip_tracking":false,"_monsterinsights_sitenote_active":false,"_monsterinsights_sitenote_note":"","_monsterinsights_sitenote_category":0,"footnotes":""},"categories":[11],"tags":[107,43674,43681,106],"class_list":["post-601130","post","type-post","status-publish","format-standard","has-post-thumbnail","hentry","category-turismo","tag-de-cinco-estrellas","tag-opinion","tag-turismo","tag-victoria-gonzalez-prado"],"_links":{"self":[{"href":"https:\/\/www.diarioimagen.net\/index.php?rest_route=\/wp\/v2\/posts\/601130","targetHints":{"allow":["GET"]}}],"collection":[{"href":"https:\/\/www.diarioimagen.net\/index.php?rest_route=\/wp\/v2\/posts"}],"about":[{"href":"https:\/\/www.diarioimagen.net\/index.php?rest_route=\/wp\/v2\/types\/post"}],"author":[{"embeddable":true,"href":"https:\/\/www.diarioimagen.net\/index.php?rest_route=\/wp\/v2\/users\/3"}],"replies":[{"embeddable":true,"href":"https:\/\/www.diarioimagen.net\/index.php?rest_route=%2Fwp%2Fv2%2Fcomments&post=601130"}],"version-history":[{"count":0,"href":"https:\/\/www.diarioimagen.net\/index.php?rest_route=\/wp\/v2\/posts\/601130\/revisions"}],"wp:featuredmedia":[{"embeddable":true,"href":"https:\/\/www.diarioimagen.net\/index.php?rest_route=\/wp\/v2\/media\/601204"}],"wp:attachment":[{"href":"https:\/\/www.diarioimagen.net\/index.php?rest_route=%2Fwp%2Fv2%2Fmedia&parent=601130"}],"wp:term":[{"taxonomy":"category","embeddable":true,"href":"https:\/\/www.diarioimagen.net\/index.php?rest_route=%2Fwp%2Fv2%2Fcategories&post=601130"},{"taxonomy":"post_tag","embeddable":true,"href":"https:\/\/www.diarioimagen.net\/index.php?rest_route=%2Fwp%2Fv2%2Ftags&post=601130"}],"curies":[{"name":"wp","href":"https:\/\/api.w.org\/{rel}","templated":true}]}}