{"id":601287,"date":"2023-11-13T00:03:10","date_gmt":"2023-11-13T06:03:10","guid":{"rendered":"https:\/\/www.diarioimagen.net\/?p=601287"},"modified":"2023-11-12T23:57:56","modified_gmt":"2023-11-13T05:57:56","slug":"claudia-perdio-con-harfuch","status":"publish","type":"post","link":"https:\/\/www.diarioimagen.net\/?p=601287","title":{"rendered":"Claudia perdi\u00f3 con Harfuch"},"content":{"rendered":"<h2>Centro..!<\/h2>\n<h5>Arturo R\u00edos Ruiz<\/h5>\n<p>&nbsp;<\/p>\n<ul>\n<li><strong><em>Le ganaron los duros morenos <\/em><\/strong><\/li>\n<li><strong><em>AMLO se tuvo que echar atr\u00e1s<\/em><\/strong><\/li>\n<\/ul>\n<p>&nbsp;<\/p>\n<p>Si algo es incierto en las actividades p\u00fablicas, es la pol\u00edtica, la mayor parte de los lectores d\u00e1bamos por seguro que Omar Garc\u00eda Harfuch, ser\u00eda el inminente candidato a la Jefatura del Gobierno de la Ciudad, escogido por la futura candidata Claudia Seinbaum y \u00e9ste gast\u00f3 miles o millones de pesos en publicidad promotora.<\/p>\n<p>Los duros de Morena se impusieron al atacar con todo por incrustar en el lugar tan codiciado a Clara Brugada, ex alcaldesa de Iztapalapa con bagaje de m\u00e9ritos, tanto en la lucha de AMLO cuando estaban en el PRD, en la fundaci\u00f3n de Morena, y la experiencia legislativa.<\/p>\n<p>Exhibieron la carencia en el conocimiento pol\u00edtico del joven aspirante y los dados cargados por parte de Sheinbaum desde su designaci\u00f3n por el mand\u00f3n del pa\u00eds que nunca lo quiso y sin embargo dej\u00f3 correr los sucesos como un plan diab\u00f3lico tan proclive a ellos, pero al final sobresalieron los duros Morenos y se deshicieron del chavo.<\/p>\n<p>Garc\u00eda Harfuch ha tenido cargos policiacos notables, siempre a la sombra de sus ancestros, el abuelo y el padre y colocado por recomendaci\u00f3n, no por m\u00e9ritos propios, y la posibilidad de gobernar la capital hubiera sido su consagraci\u00f3n, que se convirti\u00f3 en la antesala presidencial.<\/p>\n<p>Ahora est\u00e1 fuera del sue\u00f1o guajiro al que lo introdujo la dama, que est\u00e1 muy cerca de la aspiraci\u00f3n pol\u00edtico mayor que ya contaba con el simbolismo del bast\u00f3n de mando, cuya madera qued\u00f3 en carcajada, al demolerse por la polilla que lo desintegr\u00f3.<\/p>\n<p>\u00bfLa enga\u00f1\u00f3 el Presidente? No lo creemos, la jugada no le sali\u00f3 y todo sugiere que enmend\u00f3, de por s\u00ed, la agudeza de su colmillo y astucia rechazaban al suertudo de Harfuch, era una contradicci\u00f3n aceptarlo, por sus ancestros, uno, el abuelo dirigi\u00f3 el ataque a estudiantes del 68 y el otro, con su antecedente de corrupci\u00f3n.<\/p>\n<p>Igualmente, el remolino creado por los duros, que mueven conciencias en el interior de Morena, romper\u00eda el equilibrio gubernamental; la jugada era riesgosa el mandam\u00e1s oper\u00f3 soterrado y con Clara se enderez\u00f3 el camino amenazado por la desestabilizaci\u00f3n en el interior de su partido.<\/p>\n<p>Lo ocurrido en este <em>affaire<\/em> pol\u00edtico, no deja de ser a\u00fan un riesgo, se mancharon todos y las precampa\u00f1as gastaron un dineral tirado al arroyo del abuso, porque el dinero que rom\u00e1nticamente se aduce que es de la poblaci\u00f3n como siempre se arguye, sin que nada le toque a la sociedad. El petr\u00f3leo es nuestro y no nos toca ni un litro y las ganancias se esfuman en cuentas privadas de los dem\u00e1s.<\/p>\n<p>En todos los partidos que han estado en el poder, es s\u00f3lo cambio de manos, no de mentalidad ni acciones; todos se enriquecen, el pueblo aguanta y ya pierde toda esperanza. La poblaci\u00f3n es su burla, que soportan en un silencio ancestral.<\/p>\n<p>La puerta del 2024 ya est\u00e1 abierta para otro encuentro por el poder, AMLO est\u00e1 empecinado, desde que lleg\u00f3, a mantener el mando, as\u00ed mismo o por interp\u00f3sita persona que ser\u00eda Claudia, y no se dejar\u00e1 ganar por motivo alguno, est\u00e1 dispuesto a hacer de todo por quedarse un sexenio m\u00e1s y de ah\u00ed, pal real.<\/p>\n<p>Si lo logra, esta vez, nada quedar\u00e1 del M\u00e9xico que a\u00fan existe.<\/p>\n<p><em><a href=\"mailto:rrrart2000@hotmail.com\" target=\"_blank\" rel=\"noopener noreferrer\">rrrart2000@hotmail.com<\/a><\/em><\/p>\n","protected":false},"excerpt":{"rendered":"<p><span style=\"color: #005497;\"><strong>Arturo R\u00edos Ruiz<\/strong><\/span><\/p>\n","protected":false},"author":3,"featured_media":0,"comment_status":"open","ping_status":"open","sticky":false,"template":"","format":"standard","meta":{"_monsterinsights_skip_tracking":false,"_monsterinsights_sitenote_active":false,"_monsterinsights_sitenote_note":"","_monsterinsights_sitenote_category":0,"footnotes":""},"categories":[82265],"tags":[82266,10806,43674],"class_list":["post-601287","post","type-post","status-publish","format-standard","hentry","category-arturo-rios-ruiz","tag-arturo-rios-ruiz","tag-centro","tag-opinion"],"_links":{"self":[{"href":"https:\/\/www.diarioimagen.net\/index.php?rest_route=\/wp\/v2\/posts\/601287","targetHints":{"allow":["GET"]}}],"collection":[{"href":"https:\/\/www.diarioimagen.net\/index.php?rest_route=\/wp\/v2\/posts"}],"about":[{"href":"https:\/\/www.diarioimagen.net\/index.php?rest_route=\/wp\/v2\/types\/post"}],"author":[{"embeddable":true,"href":"https:\/\/www.diarioimagen.net\/index.php?rest_route=\/wp\/v2\/users\/3"}],"replies":[{"embeddable":true,"href":"https:\/\/www.diarioimagen.net\/index.php?rest_route=%2Fwp%2Fv2%2Fcomments&post=601287"}],"version-history":[{"count":0,"href":"https:\/\/www.diarioimagen.net\/index.php?rest_route=\/wp\/v2\/posts\/601287\/revisions"}],"wp:attachment":[{"href":"https:\/\/www.diarioimagen.net\/index.php?rest_route=%2Fwp%2Fv2%2Fmedia&parent=601287"}],"wp:term":[{"taxonomy":"category","embeddable":true,"href":"https:\/\/www.diarioimagen.net\/index.php?rest_route=%2Fwp%2Fv2%2Fcategories&post=601287"},{"taxonomy":"post_tag","embeddable":true,"href":"https:\/\/www.diarioimagen.net\/index.php?rest_route=%2Fwp%2Fv2%2Ftags&post=601287"}],"curies":[{"name":"wp","href":"https:\/\/api.w.org\/{rel}","templated":true}]}}