{"id":601305,"date":"2023-11-13T00:12:35","date_gmt":"2023-11-13T06:12:35","guid":{"rendered":"https:\/\/www.diarioimagen.net\/?p=601305"},"modified":"2023-11-13T00:12:25","modified_gmt":"2023-11-13T06:12:25","slug":"amlo-satisfecho-con-las-candidaturas-de-morena","status":"publish","type":"post","link":"https:\/\/www.diarioimagen.net\/?p=601305","title":{"rendered":"AMLO, satisfecho con las candidaturas de Morena"},"content":{"rendered":"<h2>Tras la puerta del poder<\/h2>\n<h5>Roberto Vizca\u00edno<\/h5>\n<p>&nbsp;<\/p>\n<p>\u201c\u2026 estoy, la verdad, muy contento, estoy satisfecho, porque fue un proceso ordenado, democr\u00e1tico, de altura de minas\u201d, sostuvo.<\/p>\n<p>Y desde San Felipe, Baja California, consider\u00f3 que el proceso interno para designar virtuales aspirantes de su partido a 8 gubernaturas y a la Jefatura de Gobierno de la Ciudad de M\u00e9xico fue tan ejemplar, que quedar\u00e1 como una muestra no s\u00f3lo para M\u00e9xico sino para el mundo.<\/p>\n<p>\u201cPorque hubieron quienes ganaron, hombres, y declinaron por mujeres, pusieron por delante \u00bfno?, las convicciones, los principios que se tienen en Morena.<\/p>\n<p>\u201cEntonces, me dio mucho gusto, la verdad; se dieron muy bien las cosas y a todos los que participaron, mi agradecimiento, mi reconocimiento por la nobleza, por la madurez, por la responsabilidad\u201d.<\/p>\n<p>Sonriente, el mandatario consider\u00f3 que el proceso interno de Morena estuvo muy bien conducido tanto por <strong>Mario Delgado<\/strong> como por <strong>Claudia Sheinbaum<\/strong>.<\/p>\n<p>\u201c\u2026 yo ya nada m\u00e1s soy, pues, un militante con licencia\u201d, agreg\u00f3.<\/p>\n<p>Y aclar\u00f3:<\/p>\n<p>\u201cQuien conduce el movimiento de transformaci\u00f3n es <strong>Claudia Sheinbaum<\/strong>\u2026 le mando un saludo y la felicito, y estoy contento\u201d, insisti\u00f3.<\/p>\n<p>\u2014\u00bfSiente que los elegidos garantizan la continuidad de la 4T?, se interrog\u00f3.<\/p>\n<p>\u201cNo, no puedo opinar sobre eso porque es la opini\u00f3n de la gente. Dijimos: <strong><em>no va a haber dedazo, no hay tapado, no hay acarreo, no hay ninguna simulaci\u00f3n, no hay antidemocracia<\/em><\/strong>, digo, no hay \u00bfs\u00ed? Actos antidemocr\u00e1ticos y por eso estoy contento&#8230;<\/p>\n<p>\u201cY pues el pueblo tiene siempre la primera y la \u00faltima palabra\u201d.<\/p>\n<p>A partir de esto dijo que espera que el resto de los partidos realicen su selecci\u00f3n de candidatos en forma similar.<\/p>\n<p>\u201c\u2026 que todo sea de manera democr\u00e1tica, y en orden; y que les vaya muy bien a todos. Esto es una muestra de urbanidad pol\u00edtica, es un ejemplo que en M\u00e9xico se lleven a cabo estos procesos ordenados, sin violencia.<\/p>\n<p>\u201cEn donde no predomine la ambici\u00f3n, porque se va entendiendo que lo m\u00e1s importante es luchar en beneficio del pueblo y de la naci\u00f3n. Hay que luchar por causas justas, no por cargos, no es la pol\u00edtica un negocio lucrativo. La pol\u00edtica no es para ambiciosos, la pol\u00edtica es para servir y el poder es humildad\u201d, concluy\u00f3.<\/p>\n<p style=\"text-align: center;\"><strong>Las rupturas e inconformidades, <em>algo normal<\/em><\/strong><\/p>\n<p>Quien igual qued\u00f3 satisfecho, fue Mario Delgado, quien confi\u00f3 en que los portazos e inconformidades de algunos de los participantes s\u00f3lo sean expresiones moment\u00e1neas que no afecten a la unidad de Morena.<\/p>\n<p>La que se apresur\u00f3 a recoger de la basura electoral a su candidato, fue la virtual candidata presidencial de Morena, <strong>Claudia Sheinbaum<\/strong>, para darle a <strong>Omar Garc\u00eda Harfuch<\/strong> una sacudida y unas palmaditas, y ponerlo a su izquierda para una foto de desagravio.<\/p>\n<p>Luego de que sus propios compa\u00f1eros del ala dura de Morena encabezados por <strong>Mart\u00ed Batres<\/strong> \u2014a quien ella dej\u00f3 como su sucesor en la Jefatura de Gobierno de la CDMX\u2014 maltrataron y emboscaron a Garc\u00eda Harfuch para impulsar a <strong>Clara Brugada<\/strong>, la doctora <strong>Sheinbaum<\/strong> se aguant\u00f3 los pucheros y anunci\u00f3 que \u00e9ste se incorporar\u00e1 al grupo de asesores donde se encuentra el ex ministro <strong>Arturo Zald\u00edvar<\/strong>.<\/p>\n<p>Y as\u00ed quedan cubiertos por la bendici\u00f3n suprema las candidaturas de <strong>Clara Brugada<\/strong> por sobre <strong>Omar Garc\u00eda Harfuch<\/strong> en la Ciudad de M\u00e9xico; de <strong>Eduardo Ram\u00edrez<\/strong> en Chiapas; de <strong>Alma Alcaraz<\/strong>, Guanajuato; la diputada <strong>Claudia Delgadillo<\/strong> en Jalisco; <strong>Margarita Gonz\u00e1lez<\/strong> en Morelos; de <strong>Alejandro Armenta<\/strong>, en Puebla; de <strong>Javier May<\/strong>, en Tabasco; de <strong>Roc\u00edo Nahle<\/strong>, en Veracruz y de <strong>Joaqu\u00edn \u201cHuacho\u201d D\u00edaz<\/strong> en Yucat\u00e1n.<\/p>\n<p>Ya se ver\u00e1 el 2 de junio de 2024 si esto realmente fue acertado. Las rupturas internas y los agravios y los rencores generados entre los propios militantes de un partido suelen ser bumerangs en contra de quienes los rebasaron.<\/p>\n<p>En esta contienda ser\u00e1 la primera vez que seis gobernadores de Morena vivir\u00e1n la renovaci\u00f3n de sus mandatos y al refer\u00e9ndum ciudadano, a trav\u00e9s del voto a sus gestiones.<\/p>\n<p style=\"text-align: center;\"><strong>Morena va por un coordinador en el Senad<\/strong>o<\/p>\n<p><strong>Ana Lilia Rivera<\/strong>, presidenta del Senado, inform\u00f3 haber sido ya notificada sobre la aceptaci\u00f3n del Ejecutivo federal de la renuncia del ministro <strong>Arturo Zald\u00edvar<\/strong> a la Suprema Corte.<\/p>\n<p>Indic\u00f3 que este aviso se turn\u00f3 a la Comisi\u00f3n de Justicia para su an\u00e1lisis y para que, esta semana, el Pleno diga si acepta o no esta dimisi\u00f3n.<\/p>\n<p>Este tr\u00e1mite correr\u00e1 al parejo de la selecci\u00f3n de un nuevo coordinador de la bancada de Morena y del Presidente de la Junta de Coordinaci\u00f3n Pol\u00edtica, ya que Eduardo Ram\u00edrez que tiene ambos cargos, deber\u00e1 pedir licencia y dedicarse de lleno a su candidatura para la gubernatura d Morena en Chiapas.<\/p>\n<p>El caso es que los senadores de Morena no tienen ya mucho de d\u00f3nde escoger a un sucesor de <strong>Ram\u00edrez<\/strong>. Luego de buena parte de ellos han optado por salir y pedir licencia para buscar otras posiciones, s\u00f3lo queda entre estos legisladores apenas unos 5 o 6 senadores que pudieran sucederlo.<\/p>\n<p>Est\u00e1n los radicales de uno y otro lado: <strong>Alejandro Rojas D\u00edaz Dur\u00e1n<\/strong> \u2014suplente de <strong>Ricardo Monreal<\/strong>\u2014 y <strong>C\u00e9sar Cravioto<\/strong> \u2014suplente de <strong>Mart\u00ed Batres<\/strong>\u2014.<\/p>\n<p>M\u00e1s seriamente se encuentran la ex ministra <strong>Olga S\u00e1nchez Cordero; la tabasque\u00f1a M\u00f3nica Fern\u00e1ndez ; el michoacano<\/strong> <strong>Crist\u00f3bal Arias<\/strong> o <strong>Citlalli Hern\u00e1ndez<\/strong>, secretaria general de Morena o <strong>Napole\u00f3n G\u00f3mez Urrutia<\/strong>.<\/p>\n<p>Para ser presidente de la Jucopo se requiere tener capacidad de interlocuci\u00f3n con la oposici\u00f3n y al interior de su bancada\u2026<\/p>\n<p>No puede ser <strong>Ana Lilia Rivera<\/strong> porque no s\u00f3lo es ya presidenta del Senado sino que se ha inscrito para buscar su reelecci\u00f3n como senadora por Tlaxcala.<\/p>\n<p>Vaya enredo.<\/p>\n<p><em><a href=\"mailto:rvizcainoa@gmail.com\" target=\"_blank\" rel=\"noopener noreferrer\">vizcainoa@gmail.com<\/a><a href=\"mailto:rvizcainoa@gmail.com\" target=\"_blank\" rel=\"noopener noreferrer\"><br \/>\n<\/a><a href=\"http:\/\/endirecto.mx\" target=\"_blank\" rel=\"noopener noreferrer\">www.endirecto.mx<\/a><a href=\"mailto:rvizcainoa@gmail.com\" target=\"_blank\" rel=\"noopener noreferrer\"><br \/>\n<\/a><a href=\"https:\/\/twitter.com\/_rvizcaino\" target=\"_blank\" rel=\"noopener noreferrer\">@_RVizcaino<\/a><a href=\"mailto:rvizcainoa@gmail.com\" target=\"_blank\" rel=\"noopener noreferrer\"><br \/>\n<\/a><a href=\"https:\/\/www.facebook.com\/rvizcainoa\" target=\"_blank\" rel=\"noopener noreferrer\">facebook.com\/rvizcainoa<\/a><\/em><\/p>\n","protected":false},"excerpt":{"rendered":"<p><span style=\"color: #005497;\"><strong>Roberto Vizca\u00edno<\/strong><\/span><\/p>\n","protected":false},"author":3,"featured_media":0,"comment_status":"open","ping_status":"open","sticky":false,"template":"","format":"standard","meta":{"_monsterinsights_skip_tracking":false,"_monsterinsights_sitenote_active":false,"_monsterinsights_sitenote_note":"","_monsterinsights_sitenote_category":0,"footnotes":""},"categories":[136],"tags":[43674,93,94],"class_list":["post-601305","post","type-post","status-publish","format-standard","hentry","category-roberto-vizcaino-opinion","tag-opinion","tag-roberto-vizcaino","tag-tras-la-puerta-del-poder"],"_links":{"self":[{"href":"https:\/\/www.diarioimagen.net\/index.php?rest_route=\/wp\/v2\/posts\/601305","targetHints":{"allow":["GET"]}}],"collection":[{"href":"https:\/\/www.diarioimagen.net\/index.php?rest_route=\/wp\/v2\/posts"}],"about":[{"href":"https:\/\/www.diarioimagen.net\/index.php?rest_route=\/wp\/v2\/types\/post"}],"author":[{"embeddable":true,"href":"https:\/\/www.diarioimagen.net\/index.php?rest_route=\/wp\/v2\/users\/3"}],"replies":[{"embeddable":true,"href":"https:\/\/www.diarioimagen.net\/index.php?rest_route=%2Fwp%2Fv2%2Fcomments&post=601305"}],"version-history":[{"count":0,"href":"https:\/\/www.diarioimagen.net\/index.php?rest_route=\/wp\/v2\/posts\/601305\/revisions"}],"wp:attachment":[{"href":"https:\/\/www.diarioimagen.net\/index.php?rest_route=%2Fwp%2Fv2%2Fmedia&parent=601305"}],"wp:term":[{"taxonomy":"category","embeddable":true,"href":"https:\/\/www.diarioimagen.net\/index.php?rest_route=%2Fwp%2Fv2%2Fcategories&post=601305"},{"taxonomy":"post_tag","embeddable":true,"href":"https:\/\/www.diarioimagen.net\/index.php?rest_route=%2Fwp%2Fv2%2Ftags&post=601305"}],"curies":[{"name":"wp","href":"https:\/\/api.w.org\/{rel}","templated":true}]}}