{"id":601391,"date":"2023-11-14T00:08:38","date_gmt":"2023-11-14T06:08:38","guid":{"rendered":"https:\/\/www.diarioimagen.net\/?p=601391"},"modified":"2023-11-13T23:06:33","modified_gmt":"2023-11-14T05:06:33","slug":"xochitl-y-su-apuntador-electronico","status":"publish","type":"post","link":"https:\/\/www.diarioimagen.net\/?p=601391","title":{"rendered":"X\u00f3chitl y su apuntador electr\u00f3nico"},"content":{"rendered":"<h2>Punto por punto<\/h2>\n<h5>Augusto Corro<\/h5>\n<p>&nbsp;<\/p>\n<p>Ni el apuntador electr\u00f3nico ni los asesores le funcionan bien a la candidata presidencial de la oposici\u00f3n, la senadora hidalguense X\u00f3chitl G\u00e1lvez. El llamado telepr\u00f3nter se le apag\u00f3 en pleno discurso a la legisladora ante miles de simpatizantes que se reunieron en los alrededores del Monumento a la Revoluci\u00f3n. No pudo avanzar en su perorata y explic\u00f3 el motivo.<\/p>\n<p>Ya sin la ayuda electr\u00f3nica se qued\u00f3 callada. Lo anterior fue reflejo de la improvisaci\u00f3n con la que actu\u00f3, desde que inici\u00f3 su campa\u00f1a electoral la aspirante presidencial, X\u00f3chitl G\u00e1lvez. En t\u00e9rminos generales le qued\u00f3 grande la designaci\u00f3n como abanderada opositora. En sus reuniones p\u00fablicas y en cualquiera de sus eventos pol\u00edticos se expresa con t\u00e9rminos de carretonero, con absoluta falta de respeto a sus seguidores.<\/p>\n<p>La precandidata, siempre que puede, demuestra su nivel de preparaci\u00f3n que no le permite crecer como aspirante a la candidatura presidencial. Sin duda, en el Frente Amplio por M\u00e9xico, la senadora hidalguense representa ya un dolor de cabeza por sus improvisaciones y sus discursos sin sentido.<\/p>\n<p>La situaci\u00f3n se complica en el escenario de los partidos opositores, pues X\u00f3chitl G\u00e1lvez dif\u00edcilmente crecer\u00e1, aunque falta alrededor de siete meses para la elecci\u00f3n presidencial no se ve c\u00f3mo pueda mejorar su campa\u00f1a la senadora hidalguense, que s\u00ed impresion\u00f3 a los electores, pero despu\u00e9s cay\u00f3 en el discurso dicharachero sin mensaje alguno.<\/p>\n<p>En d\u00edas recientes, la candidata opositora se lanz\u00f3 en contra del l\u00edder del Partido Revolucionario Institucional (PRI), Alejandro \u201cAlito\u201d Moreno, al afirmar que no trabajar\u00eda con \u00e9l por considerarlo \u201cmal priista\u201d. Luego, la hidalguense se disculp\u00f3 con el dirigente. Reconoci\u00f3 que estaba orgullosa de \u201ccaminar con el PRI\u201d.<\/p>\n<p>En t\u00e9rminos generales, X\u00f3chitl G\u00e1lvez al criticar a \u201cAlito\u201d s\u00ed ten\u00eda raz\u00f3n al decirle sus verdades al ex gobernador campechano, pero tuvo mal tino, pues en la oposici\u00f3n se viven momentos dif\u00edciles en los que no se acepta el m\u00ednimo intento de divisi\u00f3n. Sin duda, con sus puntos negativos para sus propios socios, lo que sali\u00f3 a flote fue la improvisaci\u00f3n de sus palabras, que ni a sus propios compa\u00f1eros deja de atacarlos.<\/p>\n<p>Con sus palabras, la candidata opositora evidenci\u00f3 lo que no aceptan los militantes panistas: la alianza del PAN y el PRI, el llamado PRIAN, pues su manera de pensar es diferente, a pesar de que como gobierno, blanquiazules y tricolores act\u00faan de la misma manera; como se vio en sexenios anteriores con Vicente Fox y Felipe Calder\u00f3n.<\/p>\n<p>Por cierto, ambos ex presidentes contin\u00faan en la \u201cgrilla\u201d en espera de mejores tiempos. Fox, desde su rancho en Guanajuato, se encarg\u00f3 de echarle porras a X\u00f3chitl G\u00e1lvez, con palabras semejantes a las de su pupila hidalguense. El ex mandatario tambi\u00e9n es asesor de la precandidata, pero sus consejos no le ayudan nada a su subordinada que, como se\u00f1alamos arriba, no crece.<\/p>\n<p>Cabe se\u00f1alar que son m\u00faltiples los problemas que enfrenta la aspirante opositora que tambi\u00e9n deber\u00e1 estar presente en las designaciones de precandidatos de los diferentes partidos, que como se sabe, buscar\u00e1n las candidaturas entre otras de gobernadores, senadores, diputados, presidentes municipales, etc.<\/p>\n<p>La ambici\u00f3n por puestos menores en la pol\u00edtica es lo que mantiene ocupados a los pol\u00edticos de todas las organizaciones. Este asunto provoc\u00f3 que en la oposici\u00f3n descuidaran los apoyos a la hidalguense, pues se encuentran m\u00e1s interesados en conseguir una chamba segura de diputado o senador.<\/p>\n<p>Pero esa lucha por el cargo no es f\u00e1cil en las organizaciones pol\u00edticas que se encuentran en la lona. Los tres partidos de la alianza Frente Amplio por M\u00e9xico (PAN, PRI y PRD) se encuentran en condiciones deplorables, en la lona desde el 2018, cuando gan\u00f3 la silla presidencial el Movimiento de Regeneraci\u00f3n Nacional (Morena).<\/p>\n<p>En el presente, los partidos mencionados se encuentran obligados a multiplicar sus fuerzas para mantener sus registros y ganar m\u00e1s votos para lograr mejores posiciones en el escenario pol\u00edtico, pero principalmente en mantener su sobrevivencia.<\/p>\n<p>\u00bfUsted qu\u00e9 opina amable lector?<\/p>\n<p><a href=\"mailto:augustocorro2742@gmail.com\" target=\"_blank\" rel=\"noopener\"><em>augustocorro2742@gmail.com<\/em><\/a><\/p>\n","protected":false},"excerpt":{"rendered":"<p><span style=\"color: #005497;\"><strong>Augusto Corro<\/strong><\/span><\/p>\n","protected":false},"author":3,"featured_media":0,"comment_status":"open","ping_status":"open","sticky":false,"template":"","format":"standard","meta":{"_monsterinsights_skip_tracking":false,"_monsterinsights_sitenote_active":false,"_monsterinsights_sitenote_note":"","_monsterinsights_sitenote_category":0,"footnotes":""},"categories":[157],"tags":[43686,43674,11515],"class_list":["post-601391","post","type-post","status-publish","format-standard","hentry","category-augusto-corro","tag-augusto-corro","tag-opinion","tag-punto-por-punto"],"_links":{"self":[{"href":"https:\/\/www.diarioimagen.net\/index.php?rest_route=\/wp\/v2\/posts\/601391","targetHints":{"allow":["GET"]}}],"collection":[{"href":"https:\/\/www.diarioimagen.net\/index.php?rest_route=\/wp\/v2\/posts"}],"about":[{"href":"https:\/\/www.diarioimagen.net\/index.php?rest_route=\/wp\/v2\/types\/post"}],"author":[{"embeddable":true,"href":"https:\/\/www.diarioimagen.net\/index.php?rest_route=\/wp\/v2\/users\/3"}],"replies":[{"embeddable":true,"href":"https:\/\/www.diarioimagen.net\/index.php?rest_route=%2Fwp%2Fv2%2Fcomments&post=601391"}],"version-history":[{"count":0,"href":"https:\/\/www.diarioimagen.net\/index.php?rest_route=\/wp\/v2\/posts\/601391\/revisions"}],"wp:attachment":[{"href":"https:\/\/www.diarioimagen.net\/index.php?rest_route=%2Fwp%2Fv2%2Fmedia&parent=601391"}],"wp:term":[{"taxonomy":"category","embeddable":true,"href":"https:\/\/www.diarioimagen.net\/index.php?rest_route=%2Fwp%2Fv2%2Fcategories&post=601391"},{"taxonomy":"post_tag","embeddable":true,"href":"https:\/\/www.diarioimagen.net\/index.php?rest_route=%2Fwp%2Fv2%2Ftags&post=601391"}],"curies":[{"name":"wp","href":"https:\/\/api.w.org\/{rel}","templated":true}]}}