{"id":601401,"date":"2023-11-14T00:10:04","date_gmt":"2023-11-14T06:10:04","guid":{"rendered":"https:\/\/www.diarioimagen.net\/?p=601401"},"modified":"2023-11-13T23:13:46","modified_gmt":"2023-11-14T05:13:46","slug":"el-mundo-de-los-agachadosel-mundo-de-los-agachados","status":"publish","type":"post","link":"https:\/\/www.diarioimagen.net\/?p=601401","title":{"rendered":"El mundo de los agachadosEl mundo de los agachados"},"content":{"rendered":"<h2>De frente y de perfil<\/h2>\n<h5>Ram\u00f3n Zurita Sahag\u00fan<\/h5>\n<p>&nbsp;<\/p>\n<p>El mundo pol\u00edtico de M\u00e9xico es terreno f\u00e9rtil para los agachados o agachones que pululan y obtienen beneficios y mantienen sus carreras activas, mediante esta actitud.<\/p>\n<p>Ya lo dec\u00eda Germ\u00e1n Vald\u00e9s \u201cTin Tan\u201d en una de sus tradicionales canciones \u201cMarcelo, vamos con los agachados\u201d, tal vez, profetizando lo que pasar\u00eda con el hom\u00f3nimo de su carnal en su devenir pol\u00edtico.<\/p>\n<p>Marcelo Ebrard, como otros pol\u00edticos mexicanos dejaron ver en los d\u00edas recientes que sus bravatas, desplantes y declaraciones no son m\u00e1s que poses adoptadas ante el desprecio que tienen sus partidos por ellos.<\/p>\n<p>En realidad, son, simplemente, agachones, que negocian en lo oscurito, ante la imposibilidad de alcanzar la meta propuesta.<\/p>\n<p>Amenazan, gesticulan, se muestran retadores, pero cuando les aprietan, reculan, dan marcha atr\u00e1s se agachan y dejan que el tiempo cure las heridas, mientras reciben el b\u00e1lsamo del consuelo.<\/p>\n<p>As\u00ed, Marcelo Ebrard puso a temblar, supuestamente, las estructuras de Morena, con sus dichos que no corresponden con sus acciones. Amag\u00f3 con irse a otra opci\u00f3n pol\u00edtica, presentarse como candidato y el l\u00edder de su partido simplemente mostr\u00f3 desd\u00e9n a su persona y lo alent\u00f3 a dar el paso de costado, sin que el ex secretario de Relaciones Exteriores lo hiciese.\u00a0 Lo anim\u00f3, lo estimul\u00f3, apoy\u00f3 y hasta le marc\u00f3 los tiempos para ser candidato independiente y Marcelo simplemente segu\u00eda su rebeld\u00eda que no lo era tanto. Desde MC, su amigo Dante Delgado le ofreci\u00f3 el excitante el\u00edxir de la nominaci\u00f3n y lo dej\u00f3 pasar.<\/p>\n<p>Marcelo se ve sin ma\u00f1ana y con la cabeza gacha,\u00a0aceptar lo que le ofrecieron desde hace mucho tiempo, ser senador y coordinador de la fracci\u00f3n de Morena. Los tiempos se agotaron y poco de futuro le queda.<\/p>\n<p>El caso de Nacho Mier es similar, confiado en ser candidato al gobierno de Puebla, por los servicios prestados al Presidente de la Rep\u00fablica, que no al bienestar del pa\u00eds, recibi\u00f3 un fuerte rev\u00e9s y en los procesos \u201cdemocr\u00e1ticos\u201d de su partido fue vencido por su odiado primo, Alejandro Armenta. Mier se agit\u00f3, manote\u00f3, se ausent\u00f3 del evento y amag\u00f3 con algo que en realidad no sucedi\u00f3. Se dijo dispuesto a encabezar la f\u00f3rmula senatorial de su partido, algo que hasta ahora no le han ofrecido.<\/p>\n<p>A Omar Garc\u00eda, un polic\u00eda que creci\u00f3 s\u00fabitamente de la mano de Claudia Sheinbaum y confi\u00f3 en ese manto protector para ser candidato al gobierno de la CDMX, la nueva \u201cdemocracia\u201d dise\u00f1ada por Morena lo puso como la mejor opci\u00f3n, pero sacando 14 puntos de ventaja a su principal adversaria, fue sacrificado y dejado de lado en su prop\u00f3sito, simplemente agach\u00f3 la cabeza y acept\u00f3 el veredicto.<\/p>\n<p>Carlos Lomel\u00ed y Ricardo Sheffield, trabajaron arduamente seis a\u00f1os para ser nuevamente candidatos a los gobiernos de Jalisco y Guanajuato, ganaron la encuesta, pero los venci\u00f3 el g\u00e9nero y la forma en que lo manejan los altos mandos del partido. Los dos, resignados, aceptaron ir, ellos s\u00ed, en la f\u00f3rmula senatorial de sus respectivos estados.<\/p>\n<p>Jorge Carlos Ram\u00edrez renunci\u00f3 al PRI, se fue al Verde con la finalidad de competir por el gobierno de Yucat\u00e1n y se dio cuenta que es muy poco el respaldo que tiene entre los electores de aquella entidad y se sum\u00f3, de inmediato, con quien ser\u00e1 el candidato de la alianza conformada por su nuevo partido.<\/p>\n<p>Antonio P\u00e9rez Garibay, un so\u00f1ador que crey\u00f3 que al conjuro del nombre de su hijo (\u201cCheco\u201d) conseguir\u00eda la nominaci\u00f3n al gobierno de Jalisco, del que siempre estuvo lejano, reaccion\u00f3 con coraje y molestia y anunci\u00f3 su separaci\u00f3n de Morena.<\/p>\n<p>Como ellos, otros tanto de pol\u00edticos nacionales son eso, simplemente agachones o agachados, sin capacidades para hacer v\u00e1lidas sus palabras de reto, sus desplantes o bravuconadas. Veremos qu\u00e9 pasa con los opositores y si tambi\u00e9n llegan a formar parte de los agachados.<\/p>\n<p style=\"text-align: center;\"><strong>*******<\/strong><\/p>\n<p>Samuel Garc\u00eda se convirti\u00f3 en la nueva joya pol\u00edtica que se sabe. \u00c9l y su esposa Mariana Rodr\u00edguez, saben para qu\u00e9 sirven las redes sociales. El gobernador de Nuevo Le\u00f3n busca 500 mil firmas para convertirse en candidato presidencial de MC. Eso s\u00ed, al estilo Vicente Fox, tendr\u00e1 su pareja presidencial en la figura de su esposa, a la que promueve para el Senado de la Rep\u00fablica, basado en su experiencia como influencer. Veremos si esta ser\u00e1 una nueva modalidad pol\u00edtica y cuantas personas de este medio deciden buscar una candidatura.<\/p>\n<p><a href=\"mailto:ramonzurita44@hotmail.com\" target=\"_blank\" rel=\"noopener noreferrer\"><em>ramonzurita44@hotmail.com<\/em><\/a><br \/>\n<a href=\"mailto:ramonzurita44@gmail.com\" target=\"_blank\" rel=\"noopener\"><em>ramonzurita44@gmail.com<\/em><\/a><\/p>\n","protected":false},"excerpt":{"rendered":"<p><span style=\"color: #005497;\"><strong>Ram\u00f3n Zurita Sahag\u00fan<\/strong><\/span><\/p>\n","protected":false},"author":3,"featured_media":0,"comment_status":"open","ping_status":"open","sticky":false,"template":"","format":"standard","meta":{"_monsterinsights_skip_tracking":false,"_monsterinsights_sitenote_active":false,"_monsterinsights_sitenote_note":"","_monsterinsights_sitenote_category":0,"footnotes":""},"categories":[234],"tags":[304,43674,43687],"class_list":["post-601401","post","type-post","status-publish","format-standard","hentry","category-ramon-zurita-sahagun","tag-de-frente-y-de-perfil","tag-opinion","tag-ramon-zurita-sahagun"],"_links":{"self":[{"href":"https:\/\/www.diarioimagen.net\/index.php?rest_route=\/wp\/v2\/posts\/601401","targetHints":{"allow":["GET"]}}],"collection":[{"href":"https:\/\/www.diarioimagen.net\/index.php?rest_route=\/wp\/v2\/posts"}],"about":[{"href":"https:\/\/www.diarioimagen.net\/index.php?rest_route=\/wp\/v2\/types\/post"}],"author":[{"embeddable":true,"href":"https:\/\/www.diarioimagen.net\/index.php?rest_route=\/wp\/v2\/users\/3"}],"replies":[{"embeddable":true,"href":"https:\/\/www.diarioimagen.net\/index.php?rest_route=%2Fwp%2Fv2%2Fcomments&post=601401"}],"version-history":[{"count":0,"href":"https:\/\/www.diarioimagen.net\/index.php?rest_route=\/wp\/v2\/posts\/601401\/revisions"}],"wp:attachment":[{"href":"https:\/\/www.diarioimagen.net\/index.php?rest_route=%2Fwp%2Fv2%2Fmedia&parent=601401"}],"wp:term":[{"taxonomy":"category","embeddable":true,"href":"https:\/\/www.diarioimagen.net\/index.php?rest_route=%2Fwp%2Fv2%2Fcategories&post=601401"},{"taxonomy":"post_tag","embeddable":true,"href":"https:\/\/www.diarioimagen.net\/index.php?rest_route=%2Fwp%2Fv2%2Ftags&post=601401"}],"curies":[{"name":"wp","href":"https:\/\/api.w.org\/{rel}","templated":true}]}}