{"id":601427,"date":"2023-11-14T00:06:47","date_gmt":"2023-11-14T06:06:47","guid":{"rendered":"https:\/\/www.diarioimagen.net\/?p=601427"},"modified":"2023-11-14T00:44:33","modified_gmt":"2023-11-14T06:44:33","slug":"ideologia-o-popularidad","status":"publish","type":"post","link":"https:\/\/www.diarioimagen.net\/?p=601427","title":{"rendered":"Ideolog\u00eda o popularidad"},"content":{"rendered":"<h2>Aunque pese<\/h2>\n<h5>Salvador Mart\u00ednez Garc\u00eda<\/h5>\n<p><strong>\u00a0<\/strong><\/p>\n<p>Los principios ideol\u00f3gicos son y deben ser la base de todo partido pol\u00edtico a fin de que sea transparente para la elecci\u00f3n ciudadana.<\/p>\n<p>Esto no ha sido as\u00ed siempre, mucho menos en los \u00faltimos a\u00f1os en la que muchos partidos, lejos de afianzar sus ideolog\u00edas de origen, las desde\u00f1aron, ocultaron, traicionaron o de plano transformaron, como sucedi\u00f3 con el PRI o el PRD, para citar s\u00f3lo casos presentes.<\/p>\n<p>El PAN es el partido que ha mantenido mayor fidelidad a sus principios de derecha, de defensa de las clases superiores, escondida en su frase de \u201cbien com\u00fan\u201d, pero tambi\u00e9n traicionados actualmente con su alianza con el PRI-PRD.<\/p>\n<p>Para Morena, su definici\u00f3n de izquierda y su discurso en favor de los pobres le ha dado buenos frutos con triunfos electorales en la mayor\u00eda de los comicios en que ha participado, mismos que hoy le permiten contar con la Presidencia de la Rep\u00fablica y gobierno de 23 estados.<\/p>\n<p>En ese marco se desarroll\u00f3 la pugna interna por alcanzar la candidatura al gobierno de la Ciudad de M\u00e9xico entre Clara Brugada, hoy ungida como virtual candidata, y Omar Garc\u00eda Harfuch, convertido en el nuevo \u201cJuanito\u201d, aquel triste personaje que cedi\u00f3 su postulaci\u00f3n a la entonces delegaci\u00f3n de Iztapalapa, a la misma Brugada, quien hoy con menores simpat\u00edas que el polic\u00eda se apodera la bandera morenista para la capital del pa\u00eds.<\/p>\n<p>Clara, con larga trayectoria de trabajo pol\u00edtico de izquierda, era para muchos la m\u00e1s indicada para dar continuidad a la 4T en la Ciudad de M\u00e9xico, frente a un Harfuch, sin ideolog\u00eda ni trayectoria pol\u00edtica ni partidista.<\/p>\n<p>Sin haber todav\u00eda candidatos registrados, Brugada se proyecta como la nueva Jefa de Gobierno para el periodo 2024-2030, porque Morena, de acuerdo a todas las encuestas, ganar\u00eda con cualquiera de los aspirantes al Frente Amplio Por M\u00e9xico, tambi\u00e9n con quien ellos pusieran, de los suspirantes.<\/p>\n<p style=\"text-align: center;\"><strong>Susurros<\/strong><\/p>\n<p>La UNAM se decant\u00f3 por el continuismo, no por el cambio. El nuevo rector Leonardo Lomel\u00ed Vanegas, como secretario general de la UNAM, form\u00f3 parte del grupo que mantiene el control de la m\u00e1xima casa de estudios desde hace d\u00e9cadas.<\/p>\n<p>Las esperanzas de que la UNAM avance hacia una mayor democratizaci\u00f3n interna en las formas de gobierno y aumente la representaci\u00f3n estudiantil en las tomas de decisiones, viejas banderas de la comunidad universitaria, se ven lejanas.<\/p>\n<p>Quiz\u00e1 el mayor esfuerzo que pueda hacer Lomel\u00ed es buscar mejorar la comunicaci\u00f3n y el di\u00e1logo con el gobierno federal, hoy representado por Andr\u00e9s Manuel L\u00f3pez Obrador y a partir del pr\u00f3ximo sexenio, seguramente, por Claudia Sheinbaum Pardo, universitaria de cepa.<\/p>\n<p>Caminar juntos, UNAM y Gobierno, es conveniente para ambas entidades. Ojal\u00e1 se alcance.<\/p>\n<p><a href=\"mailto:salvadormartinez@visionmx.com\" target=\"_blank\" rel=\"noopener\"><em>salvadormartinez@visionmx.com<\/em><\/a><br \/>\n<em>Twitter: <a href=\"https:\/\/twitter.com\/salvador_mtz\" target=\"_blank\" rel=\"noopener\">@salvador_mtz<\/a><\/em><\/p>\n","protected":false},"excerpt":{"rendered":"<p><span style=\"color: #005497;\"><strong>Salvador Mart\u00ednez Garc\u00eda<\/strong><\/span><\/p>\n","protected":false},"author":3,"featured_media":0,"comment_status":"open","ping_status":"open","sticky":false,"template":"","format":"standard","meta":{"_monsterinsights_skip_tracking":false,"_monsterinsights_sitenote_active":false,"_monsterinsights_sitenote_note":"","_monsterinsights_sitenote_category":0,"footnotes":""},"categories":[96743],"tags":[96744,43674,96745],"class_list":["post-601427","post","type-post","status-publish","format-standard","hentry","category-salvador-martinez-garcia","tag-aunque-pese","tag-opinion","tag-salvador-martinez-garcia"],"_links":{"self":[{"href":"https:\/\/www.diarioimagen.net\/index.php?rest_route=\/wp\/v2\/posts\/601427","targetHints":{"allow":["GET"]}}],"collection":[{"href":"https:\/\/www.diarioimagen.net\/index.php?rest_route=\/wp\/v2\/posts"}],"about":[{"href":"https:\/\/www.diarioimagen.net\/index.php?rest_route=\/wp\/v2\/types\/post"}],"author":[{"embeddable":true,"href":"https:\/\/www.diarioimagen.net\/index.php?rest_route=\/wp\/v2\/users\/3"}],"replies":[{"embeddable":true,"href":"https:\/\/www.diarioimagen.net\/index.php?rest_route=%2Fwp%2Fv2%2Fcomments&post=601427"}],"version-history":[{"count":0,"href":"https:\/\/www.diarioimagen.net\/index.php?rest_route=\/wp\/v2\/posts\/601427\/revisions"}],"wp:attachment":[{"href":"https:\/\/www.diarioimagen.net\/index.php?rest_route=%2Fwp%2Fv2%2Fmedia&parent=601427"}],"wp:term":[{"taxonomy":"category","embeddable":true,"href":"https:\/\/www.diarioimagen.net\/index.php?rest_route=%2Fwp%2Fv2%2Fcategories&post=601427"},{"taxonomy":"post_tag","embeddable":true,"href":"https:\/\/www.diarioimagen.net\/index.php?rest_route=%2Fwp%2Fv2%2Ftags&post=601427"}],"curies":[{"name":"wp","href":"https:\/\/api.w.org\/{rel}","templated":true}]}}