{"id":601515,"date":"2023-11-15T00:02:52","date_gmt":"2023-11-15T06:02:52","guid":{"rendered":"https:\/\/www.diarioimagen.net\/?p=601515"},"modified":"2023-11-15T21:28:06","modified_gmt":"2023-11-16T03:28:06","slug":"alerta-de-posible-formacion-de-ciclon-en-el-mar-caribe-en-los-proximos-dias","status":"publish","type":"post","link":"https:\/\/www.diarioimagen.net\/?p=601515","title":{"rendered":"Alerta de posible formaci\u00f3n de cicl\u00f3n en el Mar Caribe, en los pr\u00f3ximos d\u00edas"},"content":{"rendered":"<p>&nbsp;<\/p>\n<h3 style=\"text-align: center;\">Continuar\u00e1n las lluvias<\/h3>\n<p>&nbsp;<\/p>\n<ul>\n<li><strong><em>Emiten recomendaciones para la poblaci\u00f3n, as\u00ed como para la navegaci\u00f3n mar\u00edtima y a\u00e9rea\u00a0<\/em><\/strong><\/li>\n<\/ul>\n<p><strong>\u00a0<\/strong><\/p>\n<div id=\"attachment_601591\" style=\"width: 470px\" class=\"wp-caption aligncenter\"><a href=\"https:\/\/www.diarioimagen.net\/?attachment_id=601591\" rel=\"attachment wp-att-601591\"><img loading=\"lazy\" decoding=\"async\" aria-describedby=\"caption-attachment-601591\" class=\"size-full wp-image-601591\" src=\"https:\/\/www.diarioimagen.net\/wp-content\/uploads\/2023\/11\/CICLON.jpg\" alt=\"\" width=\"460\" height=\"270\" \/><\/a><p id=\"caption-attachment-601591\" class=\"wp-caption-text\">Un fen\u00f3meno meteorol\u00f3gico se est\u00e1 formando en el centro del Mar Caribe y tiene un 70% de probabilidad de convertirse en un evento cicl\u00f3nico.<\/p><\/div>\n<p>&nbsp;<\/p>\n<p>De acuerdo con el Servicio Meteorol\u00f3gico Nacional de M\u00e9xico (SMN), un fen\u00f3meno meteorol\u00f3gico se est\u00e1 formando en el centro del Mar Caribe y tiene un 70% de probabilidad de convertirse en un evento cicl\u00f3nico durante los pr\u00f3ximos d\u00edas, por lo que lo mantendr\u00e1n en vigilancia, para dar aviso oportuno en caso de cualquier eventualidad.<\/p>\n<p>Destacaron que este sistema podr\u00eda afectar a varios pa\u00edses de la regi\u00f3n, como Costa Rica, Nicaragua, Colombia y M\u00e9xico, con lluvias intensas, vientos fuertes y oleaje elevado, aunque de momento, en el caso espec\u00edfico de Quintana Roo no representa peligro.<\/p>\n<p>La trayectoria del posible cicl\u00f3n hasta ayer, afirman que era incierta, pero se espera que se desplace hacia el oeste o el noroeste, acerc\u00e1ndose a las costas mexicanas. Algunos modelos meteorol\u00f3gicos indican que podr\u00eda ingresar al Golfo de M\u00e9xico y amenazar a los estados de Veracruz, Tabasco y Campeche.<\/p>\n<p>No obstante, otros pron\u00f3sticos sugieren que podr\u00eda dirigirse hacia el norte y afectar a Campeche, Yucat\u00e1n y Quintana Roo, adem\u00e1s de a Cuba. Hasta ayer, el fen\u00f3meno meteorol\u00f3gico se est\u00e1 moviendo al oeste a una velocidad de 37 km\/hora, con vientos m\u00e1ximos cerca del centro de 65 km\/hora, con rachas m\u00e1s fuertes. Por su lejan\u00eda y trayectoria actual, no representa riesgo para las costas de Quintana Roo, pero se mantiene en vigilancia. Las autoridades de los pa\u00edses en riesgo han emitido alertas y recomendaciones para la poblaci\u00f3n, as\u00ed como para la navegaci\u00f3n mar\u00edtima y a\u00e9rea. Para el Caribe Mexicano se recomienda estar atentos a medios oficiales como la Comisi\u00f3n Nacional del Agua (Conagua) y Protecci\u00f3n Civil.<\/p>\n","protected":false},"excerpt":{"rendered":"<p>De acuerdo con el Servicio Meteorol\u00f3gico Nacional de M\u00e9xico (SMN), un fen\u00f3meno meteorol\u00f3gico se est\u00e1 formando en el centro del Mar Caribe y tiene un 70% de probabilidad de convertirse en un evento cicl\u00f3nico durante los pr\u00f3ximos d\u00edas, por\u00a0lo\u00a0que\u00a0lo\u00a0mantendr\u00e1n\u00a0en vigilancia, para dar aviso oportuno en caso de cualquier eventualidad.<\/p>\n","protected":false},"author":3,"featured_media":601591,"comment_status":"open","ping_status":"open","sticky":false,"template":"","format":"standard","meta":{"_monsterinsights_skip_tracking":false,"_monsterinsights_sitenote_active":false,"_monsterinsights_sitenote_note":"","_monsterinsights_sitenote_category":0,"footnotes":""},"categories":[17,3],"tags":[18679,6407,28550],"class_list":["post-601515","post","type-post","status-publish","format-standard","has-post-thumbnail","hentry","category-especiales","category-nacional","tag-alerta","tag-chetumal","tag-ciclon"],"_links":{"self":[{"href":"https:\/\/www.diarioimagen.net\/index.php?rest_route=\/wp\/v2\/posts\/601515","targetHints":{"allow":["GET"]}}],"collection":[{"href":"https:\/\/www.diarioimagen.net\/index.php?rest_route=\/wp\/v2\/posts"}],"about":[{"href":"https:\/\/www.diarioimagen.net\/index.php?rest_route=\/wp\/v2\/types\/post"}],"author":[{"embeddable":true,"href":"https:\/\/www.diarioimagen.net\/index.php?rest_route=\/wp\/v2\/users\/3"}],"replies":[{"embeddable":true,"href":"https:\/\/www.diarioimagen.net\/index.php?rest_route=%2Fwp%2Fv2%2Fcomments&post=601515"}],"version-history":[{"count":0,"href":"https:\/\/www.diarioimagen.net\/index.php?rest_route=\/wp\/v2\/posts\/601515\/revisions"}],"wp:featuredmedia":[{"embeddable":true,"href":"https:\/\/www.diarioimagen.net\/index.php?rest_route=\/wp\/v2\/media\/601591"}],"wp:attachment":[{"href":"https:\/\/www.diarioimagen.net\/index.php?rest_route=%2Fwp%2Fv2%2Fmedia&parent=601515"}],"wp:term":[{"taxonomy":"category","embeddable":true,"href":"https:\/\/www.diarioimagen.net\/index.php?rest_route=%2Fwp%2Fv2%2Fcategories&post=601515"},{"taxonomy":"post_tag","embeddable":true,"href":"https:\/\/www.diarioimagen.net\/index.php?rest_route=%2Fwp%2Fv2%2Ftags&post=601515"}],"curies":[{"name":"wp","href":"https:\/\/api.w.org\/{rel}","templated":true}]}}