{"id":601543,"date":"2023-11-15T00:03:16","date_gmt":"2023-11-15T06:03:16","guid":{"rendered":"https:\/\/www.diarioimagen.net\/?p=601543"},"modified":"2023-11-14T23:28:12","modified_gmt":"2023-11-15T05:28:12","slug":"lelo-de-larrea-no-se-vendio","status":"publish","type":"post","link":"https:\/\/www.diarioimagen.net\/?p=601543","title":{"rendered":"Lelo de Larrea no se vendi\u00f3"},"content":{"rendered":"<h2>Centro..!<\/h2>\n<h5>Arturo R\u00edos Ruiz<\/h5>\n<p>&nbsp;<\/p>\n<ul>\n<li><strong><em>Su ambici\u00f3n de poder lo venci\u00f3<\/em><\/strong><\/li>\n<li><strong><em>Traicion\u00f3 la toga por comod\u00edn<\/em><\/strong><\/li>\n<\/ul>\n<p>&nbsp;<\/p>\n<p>La reciente renuncia del ministro Arturo Zald\u00edvar Lelo de Larrea a la Suprema Corte de Justicia de la Naci\u00f3n, acto pol\u00edtico electorero que evidencia el permanente ataque que desde hace meses el jefe Ejecutivo realiza hacia el Poder Judicial Federal, advierte M\u00e9xico Justo en un posicionamiento p\u00fablico.<\/p>\n<p>Se abri\u00f3 de capa en la traici\u00f3n a la Suprema Corte y compa\u00f1eros para acercarse al poder con ventaja personal, no institucional. Al que traiciona, le va mal. Habr\u00e1 que esperar el final.<\/p>\n<p>La mencionada organizaci\u00f3n civil lamenta que el comportamiento pol\u00edtico del ministro Arturo Zald\u00edvar Lelo de Larrea. Hecho in\u00e9dito en el que se anteponen los intereses personales por encima de los de la Naci\u00f3n. Parece r\u00e9plica a la costumbre presidencial.<\/p>\n<p>El todav\u00eda ministro Lelo de Larrea renunci\u00f3 a la Corte y se integr\u00f3 a la campa\u00f1a de la aspirante presidencial de Morena. Con ello revela su capacidad camale\u00f3nica para buscar otro poder, al hacer a un lado el prestigio de la SCJN.<\/p>\n<p>La mejor prueba de su ambici\u00f3n, es su lugar al lado de Claudia Sheinbaum, visi\u00f3n acomodaticia y pondr\u00e1 su experiencia, que es mucha, al servicio del partido oficial que es Morena y tirar\u00e1 a la basura lo que hizo para el PRI, que le dio la posici\u00f3n de la que hoy goza.<\/p>\n<p>La renuncia de todo ministro de la Corte debe ser por razones de fuerza mayor, seg\u00fan la ley y este suceso s\u00f3lo demuestra el ataque que desde hace meses se realiza hacia el Poder Judicial federal por parte del titular del Poder Ejecutivo. Acusa el organismo y agregamos que, se traiciona, a s\u00ed mismo.<\/p>\n<p>Lamentan como organizaci\u00f3n no gubernamental el comportamiento del ministro, no obstante que fue presidente de la Corte, el Ejecutivo federal pretend\u00eda ampliar su periodo, pero lo importante es que Zald\u00edvar est\u00e1 consciente de que se pretende doblegar a un Poder otorgado por la Constituci\u00f3n que la mancha.<\/p>\n<p>En esto hay total falta de \u00e9tica profesional del ministro; sus palabras de entrega lo dibujan a la perfecci\u00f3n: \u201cToca ahora seguir sirviendo a mi pa\u00eds en la consolidaci\u00f3n de la transformaci\u00f3n de un M\u00e9xico m\u00e1s justo e igualitario\u201d un navajazo al gusto de AMLO.<\/p>\n<p>Se advierte una estrategia generada desde un partido pol\u00edtico, Morena, y del Poder Ejecutivo Federal que, a trav\u00e9s de Lelo de Larrea, pretenda imponer por adelantado a un ministro af\u00edn a un movimiento para lograr votos en la Corte.<\/p>\n<p>La organizaci\u00f3n llam\u00f3 a los poderes del gobierno mexicano, Ejecutivo, Legislativo y Judicial a respetar los l\u00edmites que cada uno tiene y trabajen a favor de los mexicanos y no de un proyecto pol\u00edtico electoral.<\/p>\n<p>Hoy, la Corte perdi\u00f3 un ministro y expuso el nivel de influencia al que est\u00e1n expuestos los integrantes de la Suprema Corte de Justicia de la Naci\u00f3n, Lelo de Larrea se qued\u00f3 como tr\u00e1nsfuga en busca de m\u00e1s poder.<\/p>\n<p><em><a href=\"mailto:rrrart2000@hotmail.com\" target=\"_blank\" rel=\"noopener noreferrer\">rrrart2000@hotmail.com<\/a><\/em><\/p>\n","protected":false},"excerpt":{"rendered":"<p><span style=\"color: #005497;\"><strong>Arturo R\u00edos Ruiz<\/strong><\/span><\/p>\n","protected":false},"author":3,"featured_media":0,"comment_status":"open","ping_status":"open","sticky":false,"template":"","format":"standard","meta":{"_monsterinsights_skip_tracking":false,"_monsterinsights_sitenote_active":false,"_monsterinsights_sitenote_note":"","_monsterinsights_sitenote_category":0,"footnotes":""},"categories":[82265],"tags":[82266,10806,43674],"class_list":["post-601543","post","type-post","status-publish","format-standard","hentry","category-arturo-rios-ruiz","tag-arturo-rios-ruiz","tag-centro","tag-opinion"],"_links":{"self":[{"href":"https:\/\/www.diarioimagen.net\/index.php?rest_route=\/wp\/v2\/posts\/601543","targetHints":{"allow":["GET"]}}],"collection":[{"href":"https:\/\/www.diarioimagen.net\/index.php?rest_route=\/wp\/v2\/posts"}],"about":[{"href":"https:\/\/www.diarioimagen.net\/index.php?rest_route=\/wp\/v2\/types\/post"}],"author":[{"embeddable":true,"href":"https:\/\/www.diarioimagen.net\/index.php?rest_route=\/wp\/v2\/users\/3"}],"replies":[{"embeddable":true,"href":"https:\/\/www.diarioimagen.net\/index.php?rest_route=%2Fwp%2Fv2%2Fcomments&post=601543"}],"version-history":[{"count":0,"href":"https:\/\/www.diarioimagen.net\/index.php?rest_route=\/wp\/v2\/posts\/601543\/revisions"}],"wp:attachment":[{"href":"https:\/\/www.diarioimagen.net\/index.php?rest_route=%2Fwp%2Fv2%2Fmedia&parent=601543"}],"wp:term":[{"taxonomy":"category","embeddable":true,"href":"https:\/\/www.diarioimagen.net\/index.php?rest_route=%2Fwp%2Fv2%2Fcategories&post=601543"},{"taxonomy":"post_tag","embeddable":true,"href":"https:\/\/www.diarioimagen.net\/index.php?rest_route=%2Fwp%2Fv2%2Ftags&post=601543"}],"curies":[{"name":"wp","href":"https:\/\/api.w.org\/{rel}","templated":true}]}}