{"id":601646,"date":"2023-11-16T00:01:41","date_gmt":"2023-11-16T06:01:41","guid":{"rendered":"https:\/\/www.diarioimagen.net\/?p=601646"},"modified":"2023-11-16T23:13:02","modified_gmt":"2023-11-17T05:13:02","slug":"se-recrudeceran-ataques-al-gobierno-en-precampanas-politicas-anticipa-amlo","status":"publish","type":"post","link":"https:\/\/www.diarioimagen.net\/?p=601646","title":{"rendered":"Se recrudecer\u00e1n ataques al gobierno en precampa\u00f1as pol\u00edticas, anticipa AMLO"},"content":{"rendered":"<p>&nbsp;<\/p>\n<h3 style=\"text-align: center;\">Reproche a medios de comunicaci\u00f3n<\/h3>\n<p>&nbsp;<\/p>\n<ul>\n<li><em><strong>Refuta cr\u00edticas sobre actuaci\u00f3n de autoridades en caso Acapulco<\/strong> <\/em><\/li>\n<\/ul>\n<p>&nbsp;<\/p>\n<div id=\"attachment_601716\" style=\"width: 470px\" class=\"wp-caption aligncenter\"><a href=\"https:\/\/www.diarioimagen.net\/?attachment_id=601716\" rel=\"attachment wp-att-601716\"><img loading=\"lazy\" decoding=\"async\" aria-describedby=\"caption-attachment-601716\" class=\"size-full wp-image-601716\" src=\"https:\/\/www.diarioimagen.net\/wp-content\/uploads\/2023\/11\/amlo-3.jpg\" alt=\"\" width=\"460\" height=\"270\" \/><\/a><p id=\"caption-attachment-601716\" class=\"wp-caption-text\">El presidente Andr\u00e9s Manuel L\u00f3pez Obrador advirti\u00f3 que las campa\u00f1as medi\u00e1ticas en contra de su gobierno se recrudecer\u00e1n a partir de la pr\u00f3xima semana cuando inicie el periodo de las precampa\u00f1as pol\u00edticas.<\/p><\/div>\n<p>&nbsp;<\/p>\n<p>Luego de reprochar que algunos medios de comunicaci\u00f3n pongan en duda la cifra oficial de fallecidos a causa del impacto del hurac\u00e1n \u201cOtis\u201d en Acapulco, el presidente Andr\u00e9s Manuel L\u00f3pez Obrador plante\u00f3 que este tipo de se\u00f1alamientos buscan desprestigiar a su gobierno y advirti\u00f3 que las campa\u00f1as medi\u00e1ticas en contra de su gobierno se recrudecer\u00e1n a partir de la pr\u00f3xima semana cuando inicie el periodo de las precampa\u00f1as para la elecci\u00f3n presidencial de 2024, el pr\u00f3ximo lunes 20 de noviembre.<\/p>\n<p>\u201cEl 20 de noviembre, d\u00eda de la Revoluci\u00f3n, inician las precampa\u00f1as, entonces ya van a haber much\u00edsimas cosas, por eso decirle a la gente, mucho ojo, si de por s\u00ed hay que estar pendientes y actuar de manera precavida, ahora m\u00e1s, porque, como dir\u00edan en Tabasco \u201cy lo mejor es lo peor que se va a poner\u201d, para que no nos asustemos, todos tranquilos, van a ir cada vez m\u00e1s ense\u00f1ando m\u00e1s el cobre, pero aqu\u00ed tenemos formas de replicar y todos participamos, y prohibida la censura\u201d, declar\u00f3 el mandatario en su ma\u00f1anera.<\/p>\n<p>\u201cEmpezaron a difundir de que hab\u00eda m\u00e1s de 300 muertos en Acapulco y se extendi\u00f3. \u00bfY ustedes creen que es por falta de informaci\u00f3n, porque fueron sorprendidos, es un asunto espont\u00e1neo? No, es para socavar al gobierno, pensando que as\u00ed van a poder desprestigiar al gobierno y entonces van a poder regresar la mafia por sus fueros\u201d, afirm\u00f3.<\/p>\n<p>El 20 de noviembre, d\u00eda de la Revoluci\u00f3n, inician las precampa\u00f1as, entonces ya van a haber much\u00edsimas cosas, por eso le digo a la gente, mucho ojo, si de por s\u00ed hay que estar pendientes y actuar de manera precavida, ahora m\u00e1s, porque, como dir\u00edan en Tabasco \u201cy lo mejor es lo peor que se va a poner\u201d, para que no nos asustemos, todos tranquilos, van a ir cada vez m\u00e1s ense\u00f1ando m\u00e1s el cobre, pero aqu\u00ed tenemos formas de replicar y todos participamos, y prohibida la censura.<\/p>\n<p>Asever\u00f3 que seguir\u00e1 respondiendo desde su conferencia matutina a lo que considera que son campa\u00f1as en contra de su administraci\u00f3n, pero dijo que esto no significa que busque que se censure a ning\u00fan periodista, pues dijo que se debe garantizar la libertad.<\/p>\n<p>\u201cSi estamos aceptando hasta lo que ya se est\u00e1 convirtiendo en deporte nacional, de que me mienten la madre, no va a haber denuncias para nadie, ning\u00fan perseguido, no vamos, por ejemplo, a los reporteros de los medios, a la reportera de Televisa que dio la noticia de los 300 muertos o en Azteca no vamos a pedir qu\u00edtenlos, no, no\u201d, expres\u00f3.<\/p>\n<p>\u201cPrimero hay que garantizar la libertad y valen m\u00e1s los excesos, es mejor que haya excesos a que haya censura y, segundo, se terminan martirizando y nos van a echar la culpa de que ya estamos censurando y no, nada, di\u00e1logo, horizontal, circular, derecho de r\u00e9plica, pol\u00e9mica, debate, es interesante\u201d, sigui\u00f3.<\/p>\n<p>Coment\u00f3 que \u201cel INE ya no me ha sancionado, porque estoy haciendo mi derecho a expresarme, adem\u00e1s el compromiso que tengo de informarle a la gente, tengo esa obligaci\u00f3n, informarle al pueblo, y es lo que estoy haciendo todos los d\u00edas y lo voy a seguir haciendo\u201d.<\/p>\n<p style=\"text-align: center;\"><strong>\u00a0Arremete AMLO contra \u2018cretinos\u2019 que no pagaban impuestos<\/strong><\/p>\n<p>El presidente L\u00f3pez Obrador arremeti\u00f3 nuevamente contra empresarios de medios de comunicaci\u00f3n que no pagaban impuestos y eran beneficiados con condonaciones millonarias.<\/p>\n<p>\u201cLe echaban la culpa a los ambulantes de que no hab\u00eda recaudaci\u00f3n porque no pagaban impuestos los de la econom\u00eda informal, cuando la gente se buscaba la vida como pod\u00eda y lo sigue haciendo, como puede, porque no ten\u00eda opciones, no ten\u00eda alternativas porque imperaba la corrupci\u00f3n\u201d.<\/p>\n<p>\u201cEstos caraduras, cretinos que no pagaban los impuestos, los de arriba, los de mero arriba, ech\u00e1ndole la culpa a los \u2018viene viene\u2019 y los que venden en la calle para tener algunos ingresos, porque la econom\u00eda formal no funcionaba\u201d.<\/p>\n<p>\u201cLos due\u00f1os de los medios de informaci\u00f3n convencionales, constructores o grandes empresarios y para qu\u00e9 quer\u00edan el medio de informaci\u00f3n, pues para proteger y tener la influencia suficiente para que el Gobierno les diera todo lo que ped\u00edan\u201d.<\/p>\n<p>\u201c\u00bfY cu\u00e1nto costaba eso? Miles de millones de pesos, porque, entre otras cosas, no estoy hablando nada m\u00e1s de una empresa, sino de varias vinculadas con los medios de manipulaci\u00f3n, no pagaban impuestos, estoy hablando de condonaciones de miles de millones de pesos para que guardaran silencio y le quemaran incienso al Presidente\u201d.<\/p>\n<p>El Jefe del Ejecutivo federal asever\u00f3 que lo que obten\u00edan algunos periodistas a trav\u00e9s del \u201cchayote\u201d era \u201cuna bicoca\u201d comparado con los due\u00f1os de los medios de comunicaci\u00f3n.<\/p>\n","protected":false},"excerpt":{"rendered":"<p>Luego de reprochar que algunos medios de comunicaci\u00f3n pongan en duda la cifra oficial de fallecidos a causa del impacto del hurac\u00e1n \u201cOtis\u201d en Acapulco, el presidente Andr\u00e9s Manuel L\u00f3pez Obrador plante\u00f3 que este tipo de se\u00f1alamientos buscan desprestigiar a su gobierno y advirti\u00f3 que las campa\u00f1as medi\u00e1ticas en contra de su gobierno se recrudecer\u00e1n a partir de la pr\u00f3xima semana cuando inicie el periodo de las precampa\u00f1as para la elecci\u00f3n presidencial de 2024, el pr\u00f3ximo lunes 20 de noviembre.<\/p>\n","protected":false},"author":3,"featured_media":601716,"comment_status":"open","ping_status":"open","sticky":false,"template":"","format":"standard","meta":{"_monsterinsights_skip_tracking":false,"_monsterinsights_sitenote_active":false,"_monsterinsights_sitenote_note":"","_monsterinsights_sitenote_category":0,"footnotes":""},"categories":[3],"tags":[2545,6915,98807],"class_list":["post-601646","post","type-post","status-publish","format-standard","has-post-thumbnail","hentry","category-nacional","tag-amlo","tag-impuestos","tag-otis"],"_links":{"self":[{"href":"https:\/\/www.diarioimagen.net\/index.php?rest_route=\/wp\/v2\/posts\/601646","targetHints":{"allow":["GET"]}}],"collection":[{"href":"https:\/\/www.diarioimagen.net\/index.php?rest_route=\/wp\/v2\/posts"}],"about":[{"href":"https:\/\/www.diarioimagen.net\/index.php?rest_route=\/wp\/v2\/types\/post"}],"author":[{"embeddable":true,"href":"https:\/\/www.diarioimagen.net\/index.php?rest_route=\/wp\/v2\/users\/3"}],"replies":[{"embeddable":true,"href":"https:\/\/www.diarioimagen.net\/index.php?rest_route=%2Fwp%2Fv2%2Fcomments&post=601646"}],"version-history":[{"count":0,"href":"https:\/\/www.diarioimagen.net\/index.php?rest_route=\/wp\/v2\/posts\/601646\/revisions"}],"wp:featuredmedia":[{"embeddable":true,"href":"https:\/\/www.diarioimagen.net\/index.php?rest_route=\/wp\/v2\/media\/601716"}],"wp:attachment":[{"href":"https:\/\/www.diarioimagen.net\/index.php?rest_route=%2Fwp%2Fv2%2Fmedia&parent=601646"}],"wp:term":[{"taxonomy":"category","embeddable":true,"href":"https:\/\/www.diarioimagen.net\/index.php?rest_route=%2Fwp%2Fv2%2Fcategories&post=601646"},{"taxonomy":"post_tag","embeddable":true,"href":"https:\/\/www.diarioimagen.net\/index.php?rest_route=%2Fwp%2Fv2%2Ftags&post=601646"}],"curies":[{"name":"wp","href":"https:\/\/api.w.org\/{rel}","templated":true}]}}