{"id":601660,"date":"2023-11-16T00:03:39","date_gmt":"2023-11-16T06:03:39","guid":{"rendered":"https:\/\/www.diarioimagen.net\/?p=601660"},"modified":"2023-11-16T01:15:16","modified_gmt":"2023-11-16T07:15:16","slug":"piden-voltear-a-ver-a-mujeres-en-seleccion-de-candidaturas","status":"publish","type":"post","link":"https:\/\/www.diarioimagen.net\/?p=601660","title":{"rendered":"Piden voltear a ver a mujeres en selecci\u00f3n de candidaturas"},"content":{"rendered":"<p>&nbsp;<\/p>\n<ul>\n<li><em><strong>Demanda a Morena en Edomex<\/strong><\/em><\/li>\n<\/ul>\n<p><strong>\u00a0<\/strong><\/p>\n<h6>Arturo Baena<\/h6>\n<p>&nbsp;<\/p>\n<div id=\"attachment_601737\" style=\"width: 470px\" class=\"wp-caption aligncenter\"><a href=\"https:\/\/www.diarioimagen.net\/?attachment_id=601737\" rel=\"attachment wp-att-601737\"><img loading=\"lazy\" decoding=\"async\" aria-describedby=\"caption-attachment-601737\" class=\"size-full wp-image-601737\" src=\"https:\/\/www.diarioimagen.net\/wp-content\/uploads\/2023\/11\/piden-voltear.jpg\" alt=\"\" width=\"460\" height=\"270\" \/><\/a><p id=\"caption-attachment-601737\" class=\"wp-caption-text\">La consejera estatal Andrea Jard\u00f3n se\u00f1al\u00f3 que Morena debe voltear a ver a las mujeres de base al momento de seleccionar candidaturas.<\/p><\/div>\n<p>&nbsp;<\/p>\n<p><strong>Valle de M\u00e9xico.\u2014<\/strong> A la hora de las definiciones para elegir a candidatos a puestos de elecci\u00f3n popular, Movimiento de Regeneraci\u00f3n Nacional (Morena), debe de dar prioridad a las mujeres y\/o respetar la equidad de g\u00e9nero, es decir, voltear a verlas.<\/p>\n<p>La consejera estatal por el municipio de Toluca, Andrea Jard\u00f3n, sostuvo lo anterior, al tiempo de destacar \u201cla necesidad del partido Morena de voltear a ver a las mujeres de base, aquellas que no tiene padrinos pol\u00edticos y est\u00e1n cercanas a los problemas en las comunidades, porque en ellas, encontrar\u00e1 personas con empat\u00eda hac\u00eda las mujeres del pueblo y la sensibilidad para acercarse a las familias en las colonias y comunidades\u201d.<\/p>\n<p>Por otra parte, puntualiz\u00f3: \u201cEstamos listas para la encuesta, confiamos en el proceso y sabemos que hay mucha militancia femenina que tiene el potencial para ganar, porque se\u00a0 ha trabajado a ras de piso y no les da miedo ensuciarse los zapatos para salir a tocar puertas y convencer a la gente del proyecto de la Cuarta Transformaci\u00f3n, son caras conocidas en las colonias y pueblos, pero caras nuevas en los cargos de elecci\u00f3n popular\u201d.<\/p>\n<p>Muchas mujeres en las bases de Morena, asegur\u00f3, tienen la capacidad de encabezar proyectos y tienen los principios ideol\u00f3gicos para ayudar a conseguir el estado de bienestar que tanto desean, la gobernadora, Delfina G\u00f3mez y el presidente, Andr\u00e9s Manuel L\u00f3pez Obrador, s\u00f3lo quieren una oportunidad para demostrar que pueden trabajar en el desarrollo del pa\u00eds.<\/p>\n<p>Es momento de terminar con la marginaci\u00f3n y dar paso a nuevas caras, dijo Andrea Jard\u00f3n. \u201cHay mujeres que se han preparado de manera profesional, tienen la capacidad, el amor a sus municipios, estados y pa\u00eds, que han esperado mucho tiempo para acceder a un cargo p\u00fablico, pero ahora la selecci\u00f3n tiene que ser por trabajo, por m\u00e9ritos y no por padrinazgo pol\u00edtico\u201d, concluy\u00f3.<\/p>\n","protected":false},"excerpt":{"rendered":"<p>A la hora de las definiciones para elegir a candidatos a puestos de elecci\u00f3n popular, Movimiento de Regeneraci\u00f3n Nacional (Morena), debe de dar prioridad a las mujeres y\/o respetar la equidad de g\u00e9nero, es decir, voltear a verlas.<\/p>\n","protected":false},"author":3,"featured_media":601737,"comment_status":"open","ping_status":"open","sticky":false,"template":"","format":"standard","meta":{"_monsterinsights_skip_tracking":false,"_monsterinsights_sitenote_active":false,"_monsterinsights_sitenote_note":"","_monsterinsights_sitenote_category":0,"footnotes":""},"categories":[5],"tags":[17036,76049,34],"class_list":["post-601660","post","type-post","status-publish","format-standard","has-post-thumbnail","hentry","category-estado-de-mexico","tag-candidatura","tag-seleccion","tag-valle-de-mexico"],"_links":{"self":[{"href":"https:\/\/www.diarioimagen.net\/index.php?rest_route=\/wp\/v2\/posts\/601660","targetHints":{"allow":["GET"]}}],"collection":[{"href":"https:\/\/www.diarioimagen.net\/index.php?rest_route=\/wp\/v2\/posts"}],"about":[{"href":"https:\/\/www.diarioimagen.net\/index.php?rest_route=\/wp\/v2\/types\/post"}],"author":[{"embeddable":true,"href":"https:\/\/www.diarioimagen.net\/index.php?rest_route=\/wp\/v2\/users\/3"}],"replies":[{"embeddable":true,"href":"https:\/\/www.diarioimagen.net\/index.php?rest_route=%2Fwp%2Fv2%2Fcomments&post=601660"}],"version-history":[{"count":0,"href":"https:\/\/www.diarioimagen.net\/index.php?rest_route=\/wp\/v2\/posts\/601660\/revisions"}],"wp:featuredmedia":[{"embeddable":true,"href":"https:\/\/www.diarioimagen.net\/index.php?rest_route=\/wp\/v2\/media\/601737"}],"wp:attachment":[{"href":"https:\/\/www.diarioimagen.net\/index.php?rest_route=%2Fwp%2Fv2%2Fmedia&parent=601660"}],"wp:term":[{"taxonomy":"category","embeddable":true,"href":"https:\/\/www.diarioimagen.net\/index.php?rest_route=%2Fwp%2Fv2%2Fcategories&post=601660"},{"taxonomy":"post_tag","embeddable":true,"href":"https:\/\/www.diarioimagen.net\/index.php?rest_route=%2Fwp%2Fv2%2Ftags&post=601660"}],"curies":[{"name":"wp","href":"https:\/\/api.w.org\/{rel}","templated":true}]}}