{"id":601671,"date":"2023-11-16T00:02:46","date_gmt":"2023-11-16T06:02:46","guid":{"rendered":"https:\/\/www.diarioimagen.net\/?p=601671"},"modified":"2023-11-16T23:11:22","modified_gmt":"2023-11-17T05:11:22","slug":"son-capacitados-en-espana-los-militares-que-operaran-tren-maya","status":"publish","type":"post","link":"https:\/\/www.diarioimagen.net\/?p=601671","title":{"rendered":"Son capacitados en Espa\u00f1a los militares que operar\u00e1n Tren Maya"},"content":{"rendered":"<p>&nbsp;<\/p>\n<h3 style=\"text-align: center;\">Curso de medio a\u00f1o<\/h3>\n<p>&nbsp;<\/p>\n<ul>\n<li><strong><em>Viajaron a Madrid y a M\u00e1laga 50 maquinistas y 30 controladores de tr\u00e1fico<\/em><\/strong><\/li>\n<\/ul>\n<p><strong>\u00a0<\/strong><\/p>\n<div id=\"attachment_601720\" style=\"width: 470px\" class=\"wp-caption aligncenter\"><a href=\"https:\/\/www.diarioimagen.net\/?attachment_id=601720\" rel=\"attachment wp-att-601720\"><img loading=\"lazy\" decoding=\"async\" aria-describedby=\"caption-attachment-601720\" class=\"size-full wp-image-601720\" src=\"https:\/\/www.diarioimagen.net\/wp-content\/uploads\/2023\/11\/TREN01-2.jpg\" alt=\"\" width=\"460\" height=\"270\" \/><\/a><p id=\"caption-attachment-601720\" class=\"wp-caption-text\">El presidente Andr\u00e9s Manuel L\u00f3pez Obrador, inform\u00f3 que los futuros conductores del Tren Maya se est\u00e1n formando en Espa\u00f1a.<\/p><\/div>\n<p>&nbsp;<\/p>\n<p>El presidente Andr\u00e9s Manuel L\u00f3pez Obrador inform\u00f3 que los futuros conductores del Tren Maya se est\u00e1n formando en Espa\u00f1a y aclar\u00f3 que la preparaci\u00f3n t\u00e9cnica de los militares que manejar\u00e1n el proyecto, corre a cargo de la empresa espa\u00f1ola Renfe.<\/p>\n<p>A partir de enero, 50 maquinistas y 30 controladores han viajado a Madrid y M\u00e1laga para completar los seis meses del programa, dise\u00f1ado espec\u00edficamente para la Secretar\u00eda de la Defensa mexicana y que se desarrolla a ambos lados del Atl\u00e1ntico.<\/p>\n<p>De tal manera que, el mandatario ha redoblado la presi\u00f3n en la fase final de la construcci\u00f3n del pol\u00e9mico tren, cuyos primeros tramos tienen que inaugurarse el 15 de diciembre.<\/p>\n<p>Con m\u00e1s de 1,500 kil\u00f3metros, siete tramos, 28 estaciones y una traves\u00eda por cinco Estados, el coste del Tren Maya supera los 95 mil millones de pesos, es decir, unos 5 mil 600 millones de d\u00f3lares.<\/p>\n<p>Para el presidente, el proyecto supone el impulso tur\u00edstico y econ\u00f3mico que necesita el sureste mexicano, no obstante, para sus detractores, se trata de un ecocidio a uno de los pulmones naturales del pa\u00eds.<\/p>\n<p>Renfe, la principal compa\u00f1\u00eda ferroviaria de Espa\u00f1a, lleva desde final de 2020 vinculada al Tren Maya, cuando firm\u00f3 un contrato por 14,5 millones de d\u00f3lares para asesorar, supervisar la fabricaci\u00f3n y entregar material rodante durante tres a\u00f1os adem\u00e1s de revisar la puesta en marcha de todos los sistemas. \u201cDe esta forma, la compa\u00f1\u00eda ser\u00e1 parte de inicio a fin\u201d, anunciaba la compa\u00f1\u00eda.<\/p>\n<p>Renfe, refiere que para la capacitaci\u00f3n del personal, existe un programa de 850 horas, repartidas en dos meses de teor\u00eda en Ciudad de M\u00e9xico, una semana en Madrid, un mes en el centro de formaci\u00f3n de M\u00e1laga, al sur del pa\u00eds, que se ha estrenado para este curso, y tres meses de pr\u00e1cticas con trenes de Renfe por Espa\u00f1a.<\/p>\n<p>En enero empez\u00f3 el primer grupo y finaliz\u00f3 su programa en julio como \u201cla primera promoci\u00f3n de maquinistas del Tren Maya\u201d. Durante el verano, cuatro instructores de Renfe estuvieron en Ciudad de M\u00e9xico para empezar la formaci\u00f3n te\u00f3rica de los siguientes militares \u201cEn el centro de formaci\u00f3n de M\u00e1laga la segunda promoci\u00f3n ha completado un mes m\u00e1s de formaci\u00f3n te\u00f3rica y ha iniciado recientemente los tres meses de pr\u00e1cticas, en simuladores de conducci\u00f3n y a bordo de distintos modelos de trenes Renfe: Civia en la red de Cercan\u00edas de M\u00e1laga y trenes AVE en viajes a Madrid, Granada o C\u00f3rdoba, para familiarizarse veh\u00edculos y sistemas semejantes a los que tendr\u00e1n en M\u00e9xico\u201d, puntualizaron.<\/p>\n<p style=\"text-align: center;\"><strong>Ser\u00e1n 30 responsables de circulaci\u00f3n<\/strong><\/p>\n<p>\u00a0Tras la formaci\u00f3n en Espa\u00f1a, informaron que \u201cel programa ser\u00e1 completado con contenidos espec\u00edficos de normativas y reglamentos de la circulaci\u00f3n en el Tren Maya sobre el terreno y tambi\u00e9n con conocimientos sobre el veh\u00edculo, sobre la infraestructura y aquellos procedimientos espec\u00edficos que deban aplicarse para la puesta en servicio y explotaci\u00f3n comercial\u201d.<\/p>\n<p>Al mismo tiempo, se ha formado a un total de 30 responsables de circulaci\u00f3n, que comenzaron en la capital mexicana el 28 de agosto y despu\u00e9s viajaron a Espa\u00f1a para completar el ciclo formativo.<\/p>\n<p>Renfe refiere que este programa se incluye en la rama de proyectos de formaci\u00f3n internacionales que la empresa ha desarrollado tambi\u00e9n en Arabia Saud\u00ed, con los primeros conductores del tren de alta velocidad de La Meca, o la de los maquinistas de la l\u00ednea entre Oporto y Vigo, en el norte de Espa\u00f1a.<\/p>\n","protected":false},"excerpt":{"rendered":"<p>El presidente Andr\u00e9s Manuel L\u00f3pez Obrador inform\u00f3 que los futuros conductores del Tren Maya se est\u00e1n formando en Espa\u00f1a y aclar\u00f3 que la preparaci\u00f3n t\u00e9cnica de los militares que manejar\u00e1n el proyecto, corre a cargo de la empresa espa\u00f1ola Renfe.<\/p>\n","protected":false},"author":3,"featured_media":601720,"comment_status":"open","ping_status":"open","sticky":false,"template":"","format":"standard","meta":{"_monsterinsights_skip_tracking":false,"_monsterinsights_sitenote_active":false,"_monsterinsights_sitenote_note":"","_monsterinsights_sitenote_category":0,"footnotes":""},"categories":[17,3],"tags":[204,64622,850,76415],"class_list":["post-601671","post","type-post","status-publish","format-standard","has-post-thumbnail","hentry","category-especiales","category-nacional","tag-ciudad-de-mexico","tag-entrenamiento","tag-espana","tag-tren-maya"],"_links":{"self":[{"href":"https:\/\/www.diarioimagen.net\/index.php?rest_route=\/wp\/v2\/posts\/601671","targetHints":{"allow":["GET"]}}],"collection":[{"href":"https:\/\/www.diarioimagen.net\/index.php?rest_route=\/wp\/v2\/posts"}],"about":[{"href":"https:\/\/www.diarioimagen.net\/index.php?rest_route=\/wp\/v2\/types\/post"}],"author":[{"embeddable":true,"href":"https:\/\/www.diarioimagen.net\/index.php?rest_route=\/wp\/v2\/users\/3"}],"replies":[{"embeddable":true,"href":"https:\/\/www.diarioimagen.net\/index.php?rest_route=%2Fwp%2Fv2%2Fcomments&post=601671"}],"version-history":[{"count":0,"href":"https:\/\/www.diarioimagen.net\/index.php?rest_route=\/wp\/v2\/posts\/601671\/revisions"}],"wp:featuredmedia":[{"embeddable":true,"href":"https:\/\/www.diarioimagen.net\/index.php?rest_route=\/wp\/v2\/media\/601720"}],"wp:attachment":[{"href":"https:\/\/www.diarioimagen.net\/index.php?rest_route=%2Fwp%2Fv2%2Fmedia&parent=601671"}],"wp:term":[{"taxonomy":"category","embeddable":true,"href":"https:\/\/www.diarioimagen.net\/index.php?rest_route=%2Fwp%2Fv2%2Fcategories&post=601671"},{"taxonomy":"post_tag","embeddable":true,"href":"https:\/\/www.diarioimagen.net\/index.php?rest_route=%2Fwp%2Fv2%2Ftags&post=601671"}],"curies":[{"name":"wp","href":"https:\/\/api.w.org\/{rel}","templated":true}]}}