{"id":601683,"date":"2023-11-16T00:02:51","date_gmt":"2023-11-16T06:02:51","guid":{"rendered":"https:\/\/www.diarioimagen.net\/?p=601683"},"modified":"2023-11-15T23:09:34","modified_gmt":"2023-11-16T05:09:34","slug":"arturo-zaldivar-se-fue-de-la-corte-sin-despedirse-de-nadie","status":"publish","type":"post","link":"https:\/\/www.diarioimagen.net\/?p=601683","title":{"rendered":"Arturo Zald\u00edvar se fue de la Corte sin despedirse de nadie"},"content":{"rendered":"<h2>La Retaguardia<\/h2>\n<h5>Adriana Moreno Cordero<\/h5>\n<p>&nbsp;<\/p>\n<ul>\n<li><strong><em>F\u00e9lix Salgado Macedonio, \u201camor de padre jalando un tren\u201d<\/em><\/strong><\/li>\n<\/ul>\n<p>&nbsp;<\/p>\n<p>Por 63 votos a favor y 43 en contra, y desde luego, con la consabida \u201corientaci\u00f3n\u201d brindada amablemente desde Palacio Nacional, fue aprobada en el Senado de la Rep\u00fablica la licencia del ministro de la Suprema Corte de la Naci\u00f3n, (SCJN), <strong>Arturo Zald\u00edvar Lelo de Larrea<\/strong>.<\/p>\n<p>Lo anterior ya estaba m\u00e1s que \u201ccantado\u201d y como prueba de ello est\u00e1 que el flamante ex presidente de la Suprema Corte, se fue sin decir adi\u00f3s, pues pr\u00e1cticamente de nadie se despidi\u00f3, un\u00a0 modo muy peculiar de irse, ya que se \u201cle quemaban las habas\u201d para alinearse a las \u00f3rdenes de la flamante coordinadora de los comit\u00e9s de defensa de esta errada y llamada Cuarta Transformaci\u00f3n, Claudia Sheinbaum y aunque los legisladores del partido guinda y r\u00e9moras que los acompa\u00f1an, reconocieron que no hab\u00eda causa grave para que el ex ministro Zald\u00edvar dejara su cargo, volvieron a decir que a nadie se le puede obligar permanecer en su puesto, porque eso se llama presi\u00f3n. \u00a1Pobrecito del ex ministro!<\/p>\n<p>Aun as\u00ed, al presentar el dictamen, la presidenta de la Comisi\u00f3n de Justicia de la C\u00e1mara aAlta,\u00a0<strong>Olga S\u00e1nchez Cordero<\/strong>, sostuvo que al anunciar su dimisi\u00f3n, Zald\u00edvar plante\u00f3 motivos suficientes para abandonar su cargo en el m\u00e1ximo tribunal del pa\u00eds, por lo que exhort\u00f3 a votar en favor, al considerar \u201cv\u00e1lidos\u201d sus argumentos.<\/p>\n<p>\u00a1Qu\u00e9 raro!, ahora s\u00ed se aplic\u00f3 la ministra en retiro para que la renuncia del ex presidente del m\u00e1ximo tribunal pasara, porque cuando se discuti\u00f3 lo concerniente a la extinci\u00f3n de 13 Fideicomisos del Poder Judicial de la Federaci\u00f3n, la ex secretaria de Gobernaci\u00f3n fue contra la voluntad y capricho del presidente <strong>Andr\u00e9s Manuel L\u00f3pez Obrador<\/strong>. \u00bfLe habr\u00e1n \u201cjalado las orejas\u201d a S\u00e1nchez Cordero?<\/p>\n<p>De cualquier manera, durante la discusi\u00f3n, los senadores del PRI pusieron en evidencia el oportunismo de Zald\u00edvar. Por ejemplo, la senadora <strong>Claudia Anaya<\/strong>, afirm\u00f3 que, en la tan llevada y tra\u00edda renuncia, \u201cno hay causa grave, aqu\u00ed hay una causa personal, la gravedad de la causa radica en dejar de lado el inter\u00e9s de defender a la Constituci\u00f3n a trav\u00e9s de la Corte e irse a escalar pol\u00edticamente a otros lugares e irse a abonar pol\u00edtico electoralmente a otros proyectos. Esa es la gravedad de la causa\u201d.<\/p>\n<p>Asimismo, la senadora Anaya refiri\u00f3 que lo que ha sucedido en este sexenio es una absoluta y evidente distorsi\u00f3n al equilibrio de los Poderes de esta naci\u00f3n\u201d\u00a0 \u00a0A su vez, la senadora <strong>Nancy de la Sierra Ar\u00e1mburu<\/strong> asegur\u00f3 que Zald\u00edvar \u201cpasar\u00e1 a la historia, pero por la verg\u00fcenza de actuar por consigna como ministro y luego como presidente de la Corte, con la intentona de querer quedarse dos a\u00f1os m\u00e1s. S\u00ed pasar\u00e1 a la historia, pero pasar\u00e1 a la historia con esta causa grave, inexistente, de origen en su renuncia: sumarse a un proyecto pol\u00edtico que ha dejado clara su decisi\u00f3n de destruir al Poder Judicial\u201d.<\/p>\n<p style=\"text-align: center;\"><strong>Municiones<\/strong><\/p>\n<p>*** \u201cAmor de padre jalando un tren\u201d, reza un conocido refr\u00e1n que ayer fue perfectamente aplicable ni m\u00e1s ni menos que al senador <strong>F\u00e9lix Salgado Macedonio<\/strong>, que se deshizo en halagos para reconocer -seg\u00fan \u00e9l- la labor del gobierno federal para reconstruir el puerto de Acapulco y apoyar a las comunidades de Guerrero, que fueron afectadas por el paso del hurac\u00e1n \u201cOtis\u201d. Bueno, como se puede apreciar, el controvertido legislador se cuid\u00f3 para no mencionar el nombre de su hija, la gobernadora <strong>Evelyn Salgado<\/strong>, que si a esas vamos, ha hecho una labor deplorable, adem\u00e1s de cada declaraci\u00f3n que deja a m\u00e1s de uno con los ojos muy abiertos, como aquella de que en un hurac\u00e1n, hay que ocultarse bajo el mar. Desde luego que Salgado Macedonio intent\u00f3 salir al quite para cubrir la evidente incompetencia de su hija. Pero lo peor es que F\u00e9lix Salgado invit\u00f3 a la poblaci\u00f3n a viajar al puerto de Acapulco, igualito a lo anunciado hace unos d\u00edas por el propio L\u00f3pez Obrador, en una declaraci\u00f3n que record\u00f3 mucho a cuando a los inicios de la pandemia, dec\u00eda que no exist\u00eda y que la gente pod\u00eda salir a la calle. Total que el legislador morenista dijo que para fin de a\u00f1o, Acapulco estar\u00e1 en condiciones de recibir visitantes. \u201cLa playa est\u00e1 limpia, la costera ya est\u00e1 limpia, las avenidas, la carretera, la autopista est\u00e1n en muy buenas condiciones\u201d, pero acaso se le olvida al senador del oficialismo, que contin\u00faan las labores de limpieza. Los olores f\u00e9tidos contin\u00faan en las colonias populares del puerto porque ah\u00ed llegan los camiones de basura a tirarla, lo que ha derivado en una crisis sanitaria con la consabida falta de medicamentos y m\u00e9dicos, am\u00e9n de las quejas de empresarios del sector tur\u00edstico acapulque\u00f1o, que coinciden en que esta errada y llamada Cuarta Transformaci\u00f3n les dio la espalda y por decreto, supuso que podr\u00eda acabar con la tragedia. Sin embargo, en su af\u00e1n de buen padre, Salgado Macedonio consider\u00f3 que la reconstrucci\u00f3n \u201cva m\u00e1s r\u00e1pido de lo que se pensaba, con el trabajo del gobierno federal, la Marina y la Guardia Nacional.<\/p>\n<p>*** La diputada prii\u00edsta <strong>Paloma S\u00e1nchez<\/strong> present\u00f3 una iniciativa que busca que todas las mujeres v\u00edctimas de violencia tengan derecho a un permiso laboral de hasta 90 d\u00edas para ingresar a un refugio o centro de justicia, con goce de sueldo. Desde Tribuna, la legisladora tricolor subray\u00f3 que esta propuesta, brindar\u00e1 a las v\u00edctimas la oportunidad de ser atendidas y recuperar su vida. Lo anterior, luego de recordar que, cada d\u00eda, son asesinadas 11 mexicanas, m\u00e1s de 65 son v\u00edctimas de violaci\u00f3n, 9 desaparecen y alrededor de mil marcan a los n\u00fameros de emergencia por ser v\u00edctimas de violencia. Agreg\u00f3 que, en un refugio se tiene apoyo m\u00e9dico, psicol\u00f3gico, alimentos de calidad y seguridad para las mujeres y sus hijos, as\u00ed como un entorno seguro para reencontrarse y salir adelante. \u201cPara las mujeres mexicanas es muy dif\u00edcil acudir a un refugio porque tienen que seguir trabajando. Ser v\u00edctima de violencia extrema no te permite tener un permiso para ausentarte de tu trabajo con goce de sueldo\u201d<\/p>\n<p>*** La Videoacademia Penitenciaria de M\u00e9xico, es un proyecto que naci\u00f3 como iniciativa de la <em>Fundaci\u00f3n Plan B<\/em> para ayudar al sistema penitenciario de nuestro pa\u00eds y mejorar las condiciones internas en las c\u00e1rceles femeniles. Es una escuela por internet, \u201cen l\u00ednea\u201d, dise\u00f1ada especialmente para mujeres privadas de su libertad que, desde hace cuatro a\u00f1os, imparte clases semanales por zoom de manera simult\u00e1nea y en la actualidad est\u00e1 presente en 23 penales femeniles del pa\u00eds. Con sus clases han cambiado la forma de narrar lo que la violencia significa en este pa\u00eds, ya que tenemos el prop\u00f3sito de ense\u00f1ar a las alumnas a privilegiar nuevas historias acerca de ellas mismas, por eso desarrollamos talleres orientados a prevenir la erosi\u00f3n de la empat\u00eda, para lograr en ellas procesos de transformaci\u00f3n que mejoren sus condiciones. Ser\u00e1 hoy cuando se haga el lanzamiento de esta ambiciosa empresa que lideran <strong>Tatiana Ortiz Monasterio<\/strong> y <strong>Vanessa Coppel.<\/strong> Enhorabuena.<\/p>\n<p><u><a href=\"mailto:morcora@gmail.com\" target=\"_blank\" rel=\"noopener noreferrer\"><em>morcora@gmail.com<\/em><\/a><\/u><\/p>\n","protected":false},"excerpt":{"rendered":"<p><span style=\"color: #005497;\"><strong>Adriana Moreno Cordero<\/strong><\/span><\/p>\n","protected":false},"author":3,"featured_media":0,"comment_status":"open","ping_status":"open","sticky":false,"template":"","format":"standard","meta":{"_monsterinsights_skip_tracking":false,"_monsterinsights_sitenote_active":false,"_monsterinsights_sitenote_note":"","_monsterinsights_sitenote_category":0,"footnotes":""},"categories":[69370],"tags":[69369,69368,98471],"class_list":["post-601683","post","type-post","status-publish","format-standard","hentry","category-adriana-moreno-cordero","tag-adriana-moreno-cordero","tag-la-retaguardia","tag-opinon"],"_links":{"self":[{"href":"https:\/\/www.diarioimagen.net\/index.php?rest_route=\/wp\/v2\/posts\/601683","targetHints":{"allow":["GET"]}}],"collection":[{"href":"https:\/\/www.diarioimagen.net\/index.php?rest_route=\/wp\/v2\/posts"}],"about":[{"href":"https:\/\/www.diarioimagen.net\/index.php?rest_route=\/wp\/v2\/types\/post"}],"author":[{"embeddable":true,"href":"https:\/\/www.diarioimagen.net\/index.php?rest_route=\/wp\/v2\/users\/3"}],"replies":[{"embeddable":true,"href":"https:\/\/www.diarioimagen.net\/index.php?rest_route=%2Fwp%2Fv2%2Fcomments&post=601683"}],"version-history":[{"count":0,"href":"https:\/\/www.diarioimagen.net\/index.php?rest_route=\/wp\/v2\/posts\/601683\/revisions"}],"wp:attachment":[{"href":"https:\/\/www.diarioimagen.net\/index.php?rest_route=%2Fwp%2Fv2%2Fmedia&parent=601683"}],"wp:term":[{"taxonomy":"category","embeddable":true,"href":"https:\/\/www.diarioimagen.net\/index.php?rest_route=%2Fwp%2Fv2%2Fcategories&post=601683"},{"taxonomy":"post_tag","embeddable":true,"href":"https:\/\/www.diarioimagen.net\/index.php?rest_route=%2Fwp%2Fv2%2Ftags&post=601683"}],"curies":[{"name":"wp","href":"https:\/\/api.w.org\/{rel}","templated":true}]}}