{"id":601687,"date":"2023-11-16T00:03:08","date_gmt":"2023-11-16T06:03:08","guid":{"rendered":"https:\/\/www.diarioimagen.net\/?p=601687"},"modified":"2023-11-16T01:26:18","modified_gmt":"2023-11-16T07:26:18","slug":"jose-ramon-se-siente-opinador","status":"publish","type":"post","link":"https:\/\/www.diarioimagen.net\/?p=601687","title":{"rendered":"Jos\u00e9 Ram\u00f3n se siente opinador\u00a0"},"content":{"rendered":"<h2>Centro..!<\/h2>\n<h5>Arturo R\u00edos Ruiz<\/h5>\n<p>&nbsp;<\/p>\n<ul>\n<li><strong><em>Remedo de j\u00fanior, a los que critica pap\u00e1<\/em><\/strong><\/li>\n<li><strong><em>\u00bfCansado ya de gozar la vida?<\/em><\/strong><\/li>\n<\/ul>\n<p>&nbsp;<\/p>\n<p>El hijo de Andr\u00e9s Manuel L\u00f3pez Obrador dijo que X\u00f3chitl G\u00e1lvez \u201cno tiene decencia\u201d, tras una pol\u00e9mica en redes. Por segunda ocasi\u00f3n arremeti\u00f3 contra la aspirante a la candidatura presidencial del Frente Amplio por M\u00e9xico. Se nota la escuela paterna.<\/p>\n<p>Le pidi\u00f3 a la legisladora reconsiderar su futuro pol\u00edtico como eventual candidata presidencial de la oposici\u00f3n.: \u201cEntiendo que X\u00f3chitl G\u00e1lvez se ofenda por mis comentarios acerca de su decencia, que no tiene\u201d. Dijo el chamac\u00f3n.<\/p>\n<p>\u201cMi intenci\u00f3n era expresar mi preocupaci\u00f3n sobre ciertas acciones que, en mi opini\u00f3n, ponen en cuesti\u00f3n su conducta\u201d, escribi\u00f3 en su tuit, contra\u00a0la legisladora hidalguense, como si tuviera calidad moral para hablar y criticar. EL j\u00fanior la ha gozado hasta en mansiones de Houston, gracias a pap\u00e1.<\/p>\n<p>El hijo mayor del Presidente acus\u00f3 a la panista de usar \u201cbots\u201d en su contra en la red social X, antes Twitter. Seguramente no sabe contar, pero que revise lo de su pap\u00e1, que se dan por muchos miles.<\/p>\n<p>\u201cMe llam\u00f3 la atenci\u00f3n como reaccion\u00f3, incluyendo el uso intensivo de cuentas automatizadas en redes sociales en mi contra. El panorama pol\u00edtico cambia y los mexicanos estamos m\u00e1s informados y menos tolerantes hacia la corrupci\u00f3n, injusticias y privilegios\u201d, agreg\u00f3. Wooow \u2026! hasta patriota se quiere ver.<\/p>\n<p>Hasta el momento, X\u00f3chitl G\u00e1lvez no se ha pronunciado por las declaraciones de L\u00f3pez Beltr\u00e1n ya que se encuentra de gira. Ni vale la pena, ser\u00eda rebajarse a tan poco tama\u00f1o de un flojo y vago que de la inactividad al lado del padre se ha dedicado a gozar de las mieles que le arroja el poder de pap\u00e1.<\/p>\n<p>L\u00f3pez Beltr\u00e1n critic\u00f3 a la senadora por un video, donde le pide a alguien que le ponga cr\u00e9dito a su celular tras haberse quedado sin saldo.<\/p>\n<p>Entre risas, pidi\u00f3 que \u201calguien\u201d la ayude a recargar saldo durante un recorrido por el estado de Quintana Roo.<\/p>\n<p>En s\u00ed es una vacilada de poca monta del joven vividor, pero ello demuestra su calidad por los suelos el meterse con una mujer y sin argumentos que merezcan su atribulada cr\u00edtica sin valor. S\u00f3lo es una corriente exhibici\u00f3n.<\/p>\n<p>\u201cAquellos que piensan que traigo un chingo de lana, intent\u00e9 marcar a mi marido y miren lo que me dice. \u00a1No tengo cr\u00e9dito! Por favor alguien h\u00e1ganme una recarga de 100 pesos para llamarle a mi marido\u201d, se escucha decir a la legisladora con una sonrisa, pues todo se trataba de una broma. Eso dijo G\u00e1lvez en tono socarr\u00f3n.<\/p>\n<p>Esa frase es la que anim\u00f3 al joven de la vida alegre para criticar a la dama que se opone a la decisi\u00f3n de su pap\u00e1, al apoyar a Claudia Sheinbaum para la Presidencia. Este joven que, pr\u00e1cticamente no es nadie, s\u00f3lo un nuevo j\u00fanior de los tantos que ha criticado su progenitor<\/p>\n<p>A trav\u00e9s de su cuenta de X, el hijo mayor de AMLO respondi\u00f3 al video y afirm\u00f3 que \u201clo que no tiene esa se\u00f1ora es decencia\u201d, ya que G\u00e1lvez es due\u00f1a de dos empresas.<\/p>\n<p>Seguramente ya debe estar cansado de tanto viajar, se ha dado todos los lujos por el globo terr\u00e1queo, ha disfrutado mansiones de petroleros beneficiados por el r\u00e9gimen y sin pizca de calidad moral se anima a criticar a los dem\u00e1s con tonter\u00edas. Pronto deber\u00e1n irse y M\u00e9xico ser\u00e1 feliz.<\/p>\n<p><em><a href=\"mailto:rrrart2000@hotmail.com\" target=\"_blank\" rel=\"noopener noreferrer\">rrrart2000@hotmail.com<\/a><\/em><\/p>\n","protected":false},"excerpt":{"rendered":"<p><span style=\"color: #005497;\"><strong>Arturo R\u00edos Ruiz<\/strong><\/span><\/p>\n","protected":false},"author":3,"featured_media":0,"comment_status":"open","ping_status":"open","sticky":false,"template":"","format":"standard","meta":{"_monsterinsights_skip_tracking":false,"_monsterinsights_sitenote_active":false,"_monsterinsights_sitenote_note":"","_monsterinsights_sitenote_category":0,"footnotes":""},"categories":[82265],"tags":[82266,10806,43674],"class_list":["post-601687","post","type-post","status-publish","format-standard","hentry","category-arturo-rios-ruiz","tag-arturo-rios-ruiz","tag-centro","tag-opinion"],"_links":{"self":[{"href":"https:\/\/www.diarioimagen.net\/index.php?rest_route=\/wp\/v2\/posts\/601687","targetHints":{"allow":["GET"]}}],"collection":[{"href":"https:\/\/www.diarioimagen.net\/index.php?rest_route=\/wp\/v2\/posts"}],"about":[{"href":"https:\/\/www.diarioimagen.net\/index.php?rest_route=\/wp\/v2\/types\/post"}],"author":[{"embeddable":true,"href":"https:\/\/www.diarioimagen.net\/index.php?rest_route=\/wp\/v2\/users\/3"}],"replies":[{"embeddable":true,"href":"https:\/\/www.diarioimagen.net\/index.php?rest_route=%2Fwp%2Fv2%2Fcomments&post=601687"}],"version-history":[{"count":0,"href":"https:\/\/www.diarioimagen.net\/index.php?rest_route=\/wp\/v2\/posts\/601687\/revisions"}],"wp:attachment":[{"href":"https:\/\/www.diarioimagen.net\/index.php?rest_route=%2Fwp%2Fv2%2Fmedia&parent=601687"}],"wp:term":[{"taxonomy":"category","embeddable":true,"href":"https:\/\/www.diarioimagen.net\/index.php?rest_route=%2Fwp%2Fv2%2Fcategories&post=601687"},{"taxonomy":"post_tag","embeddable":true,"href":"https:\/\/www.diarioimagen.net\/index.php?rest_route=%2Fwp%2Fv2%2Ftags&post=601687"}],"curies":[{"name":"wp","href":"https:\/\/api.w.org\/{rel}","templated":true}]}}