{"id":601707,"date":"2023-11-16T00:06:06","date_gmt":"2023-11-16T06:06:06","guid":{"rendered":"https:\/\/www.diarioimagen.net\/?p=601707"},"modified":"2023-11-15T23:31:37","modified_gmt":"2023-11-16T05:31:37","slug":"seguira-el-crecimiento","status":"publish","type":"post","link":"https:\/\/www.diarioimagen.net\/?p=601707","title":{"rendered":"Seguir\u00e1 el crecimiento"},"content":{"rendered":"<h2>Aunque pese<\/h2>\n<h5>Salvador Mart\u00ednez Garc\u00eda<\/h5>\n<p>&nbsp;<\/p>\n<p>Como todos los a\u00f1os, el salario m\u00ednimo subir\u00e1 a partir del pr\u00f3ximo primero de enero en un porcentaje a\u00fan no determinado, pero ser\u00e1 un incremento real, esto es m\u00e1s alto que la inflaci\u00f3n, como ha sucedido desde el principio de esta administraci\u00f3n federal.<\/p>\n<p>Las variaciones posibles van del 12.8 por ciento propuesto por el sector empresarial al 20 por ciento solicitado por el gobierno, para continuar con el mejoramiento del poder adquisitivo de los sueldos b\u00e1sicos del trabajador mexicano.<\/p>\n<p>La pol\u00edtica salarial se relaciona tambi\u00e9n con las intenciones de inversi\u00f3n por parte del sector privado, tanto nacional como extranjero, siendo los capitalistas locales los que m\u00e1s reclaman la contenci\u00f3n de las alzas de sueldos, alegando que hacen incosteables sus negocios.<\/p>\n<p>Sin embargo, la Inversi\u00f3n Extranjera Directa (IED), mantenida al alza en los \u00faltimos a\u00f1os, sigue viendo atractivo a M\u00e9xico, porque los sueldos son considerablemente m\u00e1s bajos que lo que se paga en los pa\u00edses industrializados.<\/p>\n<p>Adem\u00e1s, el nearshoring es un elemento de atracci\u00f3n mayor a la inversi\u00f3n for\u00e1nea sin importar mucho la carga salarial, pues son m\u00e1s los beneficios que le otorga la cercan\u00eda a los centros de consumo, en este caso Estados Unidos.<\/p>\n<p>Por ello es que las calificadoras, como Moody\u2019s, o bancos, como el JP Morgan &amp; Chase, ubican a nuestro pa\u00eds en el primer lugar de la lista de oportunidades de inversi\u00f3n.<\/p>\n<p>Para Jamie Dimon, CEO de JP Morgan, \u201cM\u00e9xico es un mercado cr\u00edtico para nosotros. Hemos estado aqu\u00ed por 120 a\u00f1os. Si tuviera que elegir un pa\u00eds, este podr\u00eda ser el n\u00famero uno en oportunidades\u201d, estableci\u00f3.<\/p>\n<p>Igualmente, elogi\u00f3 la capacidad empresarial del pa\u00eds, sus universidades, infraestructura y tecnolog\u00eda, elementos claves para un crecimiento econ\u00f3mico sostenible. Salarios e inversiones ir\u00edan de la mano para incrementar producci\u00f3n, exportaciones y nivel de vida.<\/p>\n<p style=\"text-align: center;\"><strong>Susurros<\/strong><\/p>\n<p>Tambi\u00e9n en San Juan hace aire, refr\u00e1n que viene a cuento porque cientos de personas en Estados Unidos son investigadas y procesadas judicialmente por robar millones de d\u00f3lares que Washington entreg\u00f3 con laxo control para ayuda por los efectos de la Covid-19.<\/p>\n<p>Se habla de 280 mil millones de d\u00f3lares robados y 123 mil millones m\u00e1s malgastados o desperdiciados. En un s\u00f3lo caso, Patrick Parker Walsh rob\u00f3 7.8 millones de d\u00f3lares, parte utilizada para comprarse una isla en Florida. \u00bfQu\u00e9 le parece?<\/p>\n<p><a href=\"mailto:salvadormartinez@visionmx.com\" target=\"_blank\" rel=\"noopener\"><em>salvadormartinez@visionmx.com<\/em><\/a><br \/>\n<em>Twitter: <a href=\"https:\/\/twitter.com\/salvador_mtz\" target=\"_blank\" rel=\"noopener\">@salvador_mtz<\/a><\/em><\/p>\n","protected":false},"excerpt":{"rendered":"<p><span style=\"color: #005497;\"><strong>Salvador Mart\u00ednez Garc\u00eda<\/strong><\/span><\/p>\n","protected":false},"author":3,"featured_media":0,"comment_status":"open","ping_status":"open","sticky":false,"template":"","format":"standard","meta":{"_monsterinsights_skip_tracking":false,"_monsterinsights_sitenote_active":false,"_monsterinsights_sitenote_note":"","_monsterinsights_sitenote_category":0,"footnotes":""},"categories":[96743],"tags":[96744,43674,96745],"class_list":["post-601707","post","type-post","status-publish","format-standard","hentry","category-salvador-martinez-garcia","tag-aunque-pese","tag-opinion","tag-salvador-martinez-garcia"],"_links":{"self":[{"href":"https:\/\/www.diarioimagen.net\/index.php?rest_route=\/wp\/v2\/posts\/601707","targetHints":{"allow":["GET"]}}],"collection":[{"href":"https:\/\/www.diarioimagen.net\/index.php?rest_route=\/wp\/v2\/posts"}],"about":[{"href":"https:\/\/www.diarioimagen.net\/index.php?rest_route=\/wp\/v2\/types\/post"}],"author":[{"embeddable":true,"href":"https:\/\/www.diarioimagen.net\/index.php?rest_route=\/wp\/v2\/users\/3"}],"replies":[{"embeddable":true,"href":"https:\/\/www.diarioimagen.net\/index.php?rest_route=%2Fwp%2Fv2%2Fcomments&post=601707"}],"version-history":[{"count":0,"href":"https:\/\/www.diarioimagen.net\/index.php?rest_route=\/wp\/v2\/posts\/601707\/revisions"}],"wp:attachment":[{"href":"https:\/\/www.diarioimagen.net\/index.php?rest_route=%2Fwp%2Fv2%2Fmedia&parent=601707"}],"wp:term":[{"taxonomy":"category","embeddable":true,"href":"https:\/\/www.diarioimagen.net\/index.php?rest_route=%2Fwp%2Fv2%2Fcategories&post=601707"},{"taxonomy":"post_tag","embeddable":true,"href":"https:\/\/www.diarioimagen.net\/index.php?rest_route=%2Fwp%2Fv2%2Ftags&post=601707"}],"curies":[{"name":"wp","href":"https:\/\/api.w.org\/{rel}","templated":true}]}}