{"id":601791,"date":"2023-11-17T00:01:26","date_gmt":"2023-11-17T06:01:26","guid":{"rendered":"https:\/\/www.diarioimagen.net\/?p=601791"},"modified":"2023-11-19T21:08:12","modified_gmt":"2023-11-20T03:08:12","slug":"sigue-expropiacion-de-inmuebles-para-la-construccion-del-tren-maya","status":"publish","type":"post","link":"https:\/\/www.diarioimagen.net\/?p=601791","title":{"rendered":"Sigue expropiaci\u00f3n de inmuebles para la construcci\u00f3n del Tren Maya"},"content":{"rendered":"<p>&nbsp;<\/p>\n<h3 style=\"text-align: center;\">Trabajos a marchas forzadas<\/h3>\n<p>&nbsp;<\/p>\n<ul>\n<li><strong><em>Esta vez fueron 90 propiedades en los estados de Chiapas, Yucat\u00e1n y Quintana Roo<\/em><\/strong><\/li>\n<\/ul>\n<p><strong>\u00a0<\/strong><\/p>\n<div id=\"attachment_601824\" style=\"width: 470px\" class=\"wp-caption aligncenter\"><a href=\"https:\/\/www.diarioimagen.net\/?attachment_id=601824\" rel=\"attachment wp-att-601824\"><img loading=\"lazy\" decoding=\"async\" aria-describedby=\"caption-attachment-601824\" class=\"size-full wp-image-601824\" src=\"https:\/\/www.diarioimagen.net\/wp-content\/uploads\/2023\/11\/TREN1-1.jpg\" alt=\"\" width=\"460\" height=\"270\" \/><\/a><p id=\"caption-attachment-601824\" class=\"wp-caption-text\">Desde el gobierno de AMLO, sigue expropiaci\u00f3n de inmuebles\u00a0para construcci\u00f3n del Tren Maya.<\/p><\/div>\n<p>&nbsp;<\/p>\n<p>Las expropiaciones a favor del Tren Maya ya son cuantiosas en algunos de los estados por los que atraviesa el megaproyecto de infraestructura, del gobierno federal, pues la meta es inaugurarlo en diciembre de este a\u00f1o.<\/p>\n<p>En este marco, el presidente Andr\u00e9s Manuel L\u00f3pez Obrador se adjudic\u00f3 esta semana otra expropiaci\u00f3n, esta vez por 90 inmuebles privados localizados en Chiapas, Campeche, Yucat\u00e1n y Quintana Roo; que en conjunto se trata de una extensi\u00f3n total de m\u00e1s de 750 mil metros cuadrados, que servir\u00e1n para dar seguimiento a obras de los tramos 1, 2, 3, 6 y 7.<\/p>\n<p>La Secretar\u00eda de Desarrollo Agrario, Territorial y Urbano (Sedatu) qued\u00f3 a cargo de estos inmuebles y en conjunto con el Fondo Nacional de Fomento al Turismo, a trav\u00e9s de la empresa Fonatur Tren Maya, deber\u00e1n autorizar el monto correspondiente a la indemnizaci\u00f3n para los ex propietarios.<\/p>\n<p>En Chiapas, la expropiaci\u00f3n se realizar\u00e1 en playas en el municipio de Palenque, en Catazaj\u00e1, cuya superficie asciende a m\u00e1s de 2 mil 400 metros cuadrados, correspondientes al Tramo 1. Asimismo, se suman expropiaciones en los municipios de Tenosique y Balanc\u00e1n, en el estado de Tabasco, tambi\u00e9n como parte del Tramo 1 del Tren Maya.<\/p>\n<p>El documento que se public\u00f3 en la edici\u00f3n matutina del Diario Oficial de la Federaci\u00f3n, aclara que son 16 los inmuebles que se expropian en Campeche, espec\u00edficamente en los municipios de Dzitbalch\u00e9, en la capital del estado y Esc\u00e1rcega, para los tramos 2 y 3.<\/p>\n<p>Mientras tanto, en Yucat\u00e1n es donde se realiz\u00f3 la expropiaci\u00f3n m\u00e1s amplia, con bienes inmuebles cuya superficie es superior a los 23 mil 724 s\u00f3lo en uno de los procedimientos.<\/p>\n<p>En este caso, las expropiaciones se realizan en los municipios de Maxcan\u00fa, Chochol\u00e1, Um\u00e1n, M\u00e9rida, Kanas\u00edn, Tixpeual, Tixkokob, Cacalch\u00e9n e Izamal, para un total de 46 bienes inmuebles.<\/p>\n<p>En el caso de Quintana Roo, se decret\u00f3 la expropiaci\u00f3n de seis inmuebles, para una superficie de m\u00e1s de 60 mil metros cuadrados y finalmente se tiene registro de una expropiaci\u00f3n de cuatro inmuebles m\u00e1s en el estado de Campeche, pero esta vez para el tramo 7.<\/p>\n<p>El documento en el DOF se\u00f1ala que se trata de una expropiaci\u00f3n en una superficie de 750 mil 734 metros cuadrados, en inmuebles privados, los cuales podr\u00e1n ser devueltos a sus propietarios \u00fanicamente en caso de que la superficie no se destine total o parcialmente al objetivo de la misma, que son las obras del Tren Maya.<\/p>\n","protected":false},"excerpt":{"rendered":"<p>Las expropiaciones a favor del Tren Maya ya son cuantiosas en algunos de los estados por los que atraviesa el megaproyecto de infraestructura, del gobierno federal, pues la meta es inaugurarlo en diciembre de este a\u00f1o.<\/p>\n","protected":false},"author":3,"featured_media":601824,"comment_status":"open","ping_status":"open","sticky":false,"template":"","format":"standard","meta":{"_monsterinsights_skip_tracking":false,"_monsterinsights_sitenote_active":false,"_monsterinsights_sitenote_note":"","_monsterinsights_sitenote_category":0,"footnotes":""},"categories":[17,3],"tags":[17625,66902,76415],"class_list":["post-601791","post","type-post","status-publish","format-standard","has-post-thumbnail","hentry","category-especiales","category-nacional","tag-construccion","tag-expropiacion","tag-tren-maya"],"_links":{"self":[{"href":"https:\/\/www.diarioimagen.net\/index.php?rest_route=\/wp\/v2\/posts\/601791","targetHints":{"allow":["GET"]}}],"collection":[{"href":"https:\/\/www.diarioimagen.net\/index.php?rest_route=\/wp\/v2\/posts"}],"about":[{"href":"https:\/\/www.diarioimagen.net\/index.php?rest_route=\/wp\/v2\/types\/post"}],"author":[{"embeddable":true,"href":"https:\/\/www.diarioimagen.net\/index.php?rest_route=\/wp\/v2\/users\/3"}],"replies":[{"embeddable":true,"href":"https:\/\/www.diarioimagen.net\/index.php?rest_route=%2Fwp%2Fv2%2Fcomments&post=601791"}],"version-history":[{"count":0,"href":"https:\/\/www.diarioimagen.net\/index.php?rest_route=\/wp\/v2\/posts\/601791\/revisions"}],"wp:featuredmedia":[{"embeddable":true,"href":"https:\/\/www.diarioimagen.net\/index.php?rest_route=\/wp\/v2\/media\/601824"}],"wp:attachment":[{"href":"https:\/\/www.diarioimagen.net\/index.php?rest_route=%2Fwp%2Fv2%2Fmedia&parent=601791"}],"wp:term":[{"taxonomy":"category","embeddable":true,"href":"https:\/\/www.diarioimagen.net\/index.php?rest_route=%2Fwp%2Fv2%2Fcategories&post=601791"},{"taxonomy":"post_tag","embeddable":true,"href":"https:\/\/www.diarioimagen.net\/index.php?rest_route=%2Fwp%2Fv2%2Ftags&post=601791"}],"curies":[{"name":"wp","href":"https:\/\/api.w.org\/{rel}","templated":true}]}}