{"id":601804,"date":"2023-11-17T00:01:50","date_gmt":"2023-11-17T06:01:50","guid":{"rendered":"https:\/\/www.diarioimagen.net\/?p=601804"},"modified":"2023-11-19T19:38:44","modified_gmt":"2023-11-20T01:38:44","slug":"dolores-lopez-lira-reconocida-como-una-de-las-200-mujeres-mas-importantes-de-mexico","status":"publish","type":"post","link":"https:\/\/www.diarioimagen.net\/?p=601804","title":{"rendered":"Dolores L\u00f3pez Lira, reconocida como una de las 200 Mujeres M\u00e1s Importantes de M\u00e9xico"},"content":{"rendered":"<h2>De cinco estrellas<\/h2>\n<h5>Victoria Gonz\u00e1lez Prado<\/h5>\n<p>&nbsp;<\/p>\n<ul>\n<li><strong><em>\u00bfTienes apodo?, comp\u00e1rtelo con Volaris y lo ver\u00e1s en uno de sus aviones<\/em><\/strong><\/li>\n<li><strong><em>La 2\u00aa edici\u00f3n del festival Sabores de Yucat\u00e1n<\/em><\/strong><\/li>\n<\/ul>\n<p>&nbsp;<\/p>\n<div id=\"attachment_601842\" style=\"width: 470px\" class=\"wp-caption aligncenter\"><a href=\"https:\/\/www.diarioimagen.net\/?attachment_id=601842\" rel=\"attachment wp-att-601842\"><img loading=\"lazy\" decoding=\"async\" aria-describedby=\"caption-attachment-601842\" class=\"size-full wp-image-601842\" src=\"https:\/\/www.diarioimagen.net\/wp-content\/uploads\/2023\/11\/turismo-estrellas-7.jpg\" alt=\"\" width=\"460\" height=\"270\" \/><\/a><p id=\"caption-attachment-601842\" class=\"wp-caption-text\">Dolores L\u00f3pez Lira.<\/p><\/div>\n<p>&nbsp;<\/p>\n<p><strong>Dolores L\u00f3pez Lira<\/strong>, presidente y fundadora de Grupo Lomas, uno de los corporativos tur\u00edsticos y hoteleros m\u00e1s prestigiados de M\u00e9xico con m\u00e1s de 40 a\u00f1os en el Caribe Mexicano y Baja California, fue reconocida como una de las 200 Mujeres M\u00e1s Importantes de M\u00e9xico.<\/p>\n<p>Mundo Ejecutivo, plataforma editorial, incluy\u00f3 a la empresaria en el codiciado listado de este a\u00f1o que re\u00fane a personalidades sobresalientes en el mundo de los negocios, pol\u00edtica y luchadoras sociales que est\u00e1n cambiando la idea de lo que es hacer negocios y abriendo espacios en la sociedad y en la econom\u00eda.<\/p>\n<p>El grupo editorial destaca la trayectoria tur\u00edstica de 50 a\u00f1os de <strong>Dolores L\u00f3pez Lira<\/strong> as\u00ed como sus inicios en esta industria en el Caribe Mexicano. Al recibir el reconocimiento <strong>Lolita,<\/strong> como le gusta que le digan, asegur\u00f3: \u201cno hab\u00eda nada en Canc\u00fan, fue una experiencia impresionante, me siento orgullosa de sobrevivir en aquellos tiempos, fue un reto aprender a vivir luchando\u201d.<\/p>\n<p>La presidente de Grupo Lomas destac\u00f3 las ventajas competitivas que ofrece Canc\u00fan y reconoci\u00f3 los retos que han tenido que enfrentar a lo largo de estos a\u00f1os como huracanes y crisis econ\u00f3micas causadas por los atentados en Estados Unidos, la gripe aviar H1N1 y\u00a0 recientemente, la pandemia por Covid-19.<\/p>\n<p>\u201cComo empresarios los retos te hacen crecer, las crisis son oportunidades\u201d, enfatiz\u00f3 <strong>L\u00f3pez Lira<\/strong> y a\u00f1adi\u00f3 que entre las principales metas de la compa\u00f1\u00eda es hacer felices a los turistas y tambi\u00e9n a sus 5 mil colaboradores al brindarles ingresos dignos, mejores oportunidades de vida y la seguridad de que no perder\u00e1n sus empleos a pesar de las adversidades.<\/p>\n<p>Los retos que han tenido que afrontar en los \u00faltimos a\u00f1os son falta de personal a causa de la pandemia ya que mucha gente cambi\u00f3 de residencia, otros m\u00e1s realizan trabajo en casa y las construcciones en el sureste redujeron la fuerza laboral.<\/p>\n<p>\u201cEl super peso tambi\u00e9n nos est\u00e1 afectando porque ha bajado 30 por ciento el ingreso del d\u00f3lar, mientras que los costos se han incrementado en todo\u201d, coment\u00f3 la empresaria, quien reconoci\u00f3 que para hacer frente a este reto se han apoyado en los colaboradores para cuidar costos, optimizar recursos y trabajar en conjunto.<\/p>\n<p><strong>Lolita<\/strong> defini\u00f3 como uno de sus secretos para ser buen l\u00edder, ser coherente y poner el ejemplo al exigir a los dem\u00e1s. \u201cT\u00fa no puedes exigir algo que no puedes dar\u201d, puntualiz\u00f3.<\/p>\n<p>Adem\u00e1s, asegur\u00f3 que su f\u00f3rmula de \u00e9xito es ser como una palmera que es capaz de resistir un hurac\u00e1n. \u201cTe pueden despeinar, quitar palmas, pero si tienes ra\u00edces firmes, ah\u00ed vas a seguir\u201d.<\/p>\n<p>Reconoci\u00f3 que la participaci\u00f3n femenina en el sector tur\u00edstico ha crecido pero, todav\u00eda se vive en un M\u00e9xico machista, donde las mujeres requieren m\u00e1s espacios para demostrar sus capacidades. \u201cLa mujer por instinto es protectora, controladora y promueve la supervivencia de la especie desde tiempos antiguos, lo que nos da una visi\u00f3n m\u00e1s amplia de la vida\u201d, dijo al aplaudir la mayor presencia de mujeres en puestos gerenciales en la industria.<\/p>\n<p>\u201cLas mujeres deben creer en ellas mismas, todas deben sentirse como palmeras, no importa que nos despeinen, mientras tengamos las ra\u00edces firmes seguiremos de pie. Y lo m\u00e1s importante es que seguimos siendo la base de la familia. No debemos sentirnos culpables por trabajar, pero s\u00ed debemos seguir educando a los hijos, porque la educaci\u00f3n es lo que har\u00e1 un M\u00e9xico mejor\u201d, concluy\u00f3.<\/p>\n<p>\u2730\u2730\u2730\u2730\u2730 Si tienes un apodo singular como ninguno Volaris te invita a ganar un a\u00f1o de vuelos ilimitados, \u00a1y presumirlo con orgullo! Para ello, la\u00a0 aerol\u00ednea mexicana de ultra bajo costo, lanza su nueva din\u00e1mica \u201cPonle tu apodo a un avi\u00f3n\u201d, con la que aquellos que se sientan \u201cmuy chichos\u201d con su sobrenombre, podr\u00e1n ver premiada su creatividad bautizando con su apodo una aeronave de Volaris o ganando vuelos ilimitados durante un a\u00f1o.<\/p>\n<p>S\u00f3lo hay que entrar a www.ponletuapodoaunavion.com, llenar el formulario de participaci\u00f3n y contar una breve historia o an\u00e9cdota de tu apodo, ese que nunca falla para voltear cuando te hablan. Los 25 m\u00e1s originales y creativos ser\u00e1n los ganadores.<\/p>\n<p>Para la aerol\u00ednea, que cada a\u00f1o lanza divertidas convocatorias, buscar nombres para sus aviones ya no era suficiente. Por ello, este a\u00f1o est\u00e1 en la b\u00fasqueda de los sobrenombres m\u00e1s \u00e9picos del pa\u00eds, abriendo la recepci\u00f3n de historias el pasado 6 de noviembre del 2023 y cerrando la din\u00e1mica el pr\u00f3ximo 6 de diciembre a las 23:59 horas (tiempo del centro de M\u00e9xico).<\/p>\n<p>Del 7 al 10 de diciembre, un jurado interno de Volaris seleccionar\u00e1 las mejores historias, para anunciar a los ganadores con los apodos m\u00e1s originales y creativos, el lunes 11 de diciembre del 2023.<\/p>\n<p>Echa tu mejor rollo en la p\u00e1gina de \u201cPonle tu apodo a un avi\u00f3n\u201d y haz que ese otro nombre, que no viene en tu acta de nacimiento, se inmortalice por los aires o te haga ganar un a\u00f1o de vuelos ilimitados. Conoce m\u00e1s detalles, as\u00ed como t\u00e9rminos y condiciones en <em>www.ponletuapodoaunavion.com<\/em> y en las redes sociales de Volaris: <em>TikTok<\/em>, <em>Instagram<\/em>, <em>Facebook<\/em>, <em>X<\/em> (<em>Twitter<\/em>) y <em>YouTube<\/em>.<\/p>\n<p>\u2730\u2730\u2730\u2730\u2730 M\u00e9rida es epicentro gastron\u00f3mico del mundo durante la celebraci\u00f3n de la 2\u00aa edici\u00f3n del Festival Sabores de Yucat\u00e1n, donde los actores m\u00e1s importantes de la industria gastron\u00f3mica internacional se re\u00fanen en esta gran celebraci\u00f3n desde ayer jueves16 y hasta el 20 de noviembre del 2023.<\/p>\n<p><strong>Michelle Fridman<\/strong>, titular de la Secretar\u00eda de Fomento Tur\u00edstico de Yucat\u00e1n (Sefotur) dijo que Yucat\u00e1n es sede por primera vez de <em>The Best Chef<\/em> (siendo la primera vez que sale de Europa) y est\u00e1 directamente ligado al concepto de origen y cultura, ya que en la entidad siempre se busca innovar sin olvidarse de su pasado.<\/p>\n<p>As\u00ed la capital de Yucat\u00e1n, \u201creunir\u00e1 tres eventos simult\u00e1neos de alta relevancia para la industria gastron\u00f3mica, <em>The Best Chef Award, Concourse Mondial de Bruxelle<\/em> y <em>Barra M\u00e9xico<\/em>, adicional a las muchas actividades que se llevar\u00e1n a cabo en M\u00e9rida\u201d, dijo la secretaria de Turismo.<\/p>\n<p>El Festival Sabores de Yucat\u00e1n ofrecer\u00e1 gran variedad de actividades para disfrutar\u00a0 de M\u00e9rida como capital cien por ciento gastron\u00f3mica, con actividades gratuitas, como <em>tours <\/em>en mercados, el Mercadito de Sabores instalado en Casa El Minaret (Paseo de Montejo) con m\u00e1s de 68 productores yucatecos, donde habr\u00e1 degustaciones de bebidas y alimentos, adem\u00e1s de programa de paneles y conferencias en el programa acad\u00e9mico que tendr\u00e1 lugar en el Centro Internacional de Congresos (CIC) ma\u00f1ana s\u00e1bado 18 de las 11:00 a las 13:00 horas y el domingo 19 de 10:00 a 12:00 horas.<\/p>\n<p>Las cenas a seis manos que ofrecen diferentes restaurantes de la ciudad, tendr\u00e1n como invitado un chef internacional y uno nacional, quienes junto con el chef \u201cde casa\u201d presentar\u00e1n un men\u00fa especial; cenas \u201cSabores M\u00e1gicos\u201d en las que los restaurantes de M\u00e9rida recibir\u00e1n a un cocinero o cocinera tradicional de los siete Pueblos M\u00e1gicos de Yucat\u00e1n, y se llevar\u00e1n a cabo tres circuitos gastron\u00f3micos que recorrer\u00e1n m\u00e1s de 20 restaurantes por el Paseo de Montejo, 47 y 55 del Centro.<\/p>\n<p>&nbsp;<\/p>\n<blockquote>\n<p style=\"text-align: right;\">\u201c<strong>El<\/strong> <strong>\u00e1ngel de la fama tiene sus alas hechas de papel&#8230; peri\u00f3dico\u201d.<br \/>\n<\/strong><\/p>\n<\/blockquote>\n<p>&nbsp;<\/p>\n<p><em><span class=\"Apple-converted-space\"><a href=\"mailto:victoriagprado@gmail.com\" target=\"_blank\" rel=\"noopener noreferrer\">victoriagprado@gmail.com<\/a><br \/>\nTwitter: <a href=\"https:\/\/twitter.com\/victoriagprado\" target=\"_blank\" rel=\"noopener noreferrer\">@victoriagprado<\/a><\/span><\/em><\/p>\n","protected":false},"excerpt":{"rendered":"<p><strong>Dolores L\u00f3pez Lira<\/strong>, presidente y fundadora de Grupo Lomas, uno de los corporativos tur\u00edsticos y hoteleros m\u00e1s prestigiados de M\u00e9xico con m\u00e1s de 40 a\u00f1os en el Caribe Mexicano y Baja California, fue reconocida como una de las 200 Mujeres M\u00e1s Importantes de M\u00e9xico.<\/p>\n","protected":false},"author":3,"featured_media":601842,"comment_status":"open","ping_status":"open","sticky":false,"template":"","format":"standard","meta":{"_monsterinsights_skip_tracking":false,"_monsterinsights_sitenote_active":false,"_monsterinsights_sitenote_note":"","_monsterinsights_sitenote_category":0,"footnotes":""},"categories":[11],"tags":[107,43674,43681,106],"class_list":["post-601804","post","type-post","status-publish","format-standard","has-post-thumbnail","hentry","category-turismo","tag-de-cinco-estrellas","tag-opinion","tag-turismo","tag-victoria-gonzalez-prado"],"_links":{"self":[{"href":"https:\/\/www.diarioimagen.net\/index.php?rest_route=\/wp\/v2\/posts\/601804","targetHints":{"allow":["GET"]}}],"collection":[{"href":"https:\/\/www.diarioimagen.net\/index.php?rest_route=\/wp\/v2\/posts"}],"about":[{"href":"https:\/\/www.diarioimagen.net\/index.php?rest_route=\/wp\/v2\/types\/post"}],"author":[{"embeddable":true,"href":"https:\/\/www.diarioimagen.net\/index.php?rest_route=\/wp\/v2\/users\/3"}],"replies":[{"embeddable":true,"href":"https:\/\/www.diarioimagen.net\/index.php?rest_route=%2Fwp%2Fv2%2Fcomments&post=601804"}],"version-history":[{"count":0,"href":"https:\/\/www.diarioimagen.net\/index.php?rest_route=\/wp\/v2\/posts\/601804\/revisions"}],"wp:featuredmedia":[{"embeddable":true,"href":"https:\/\/www.diarioimagen.net\/index.php?rest_route=\/wp\/v2\/media\/601842"}],"wp:attachment":[{"href":"https:\/\/www.diarioimagen.net\/index.php?rest_route=%2Fwp%2Fv2%2Fmedia&parent=601804"}],"wp:term":[{"taxonomy":"category","embeddable":true,"href":"https:\/\/www.diarioimagen.net\/index.php?rest_route=%2Fwp%2Fv2%2Fcategories&post=601804"},{"taxonomy":"post_tag","embeddable":true,"href":"https:\/\/www.diarioimagen.net\/index.php?rest_route=%2Fwp%2Fv2%2Ftags&post=601804"}],"curies":[{"name":"wp","href":"https:\/\/api.w.org\/{rel}","templated":true}]}}