{"id":601911,"date":"2023-11-20T00:01:21","date_gmt":"2023-11-20T06:01:21","guid":{"rendered":"https:\/\/www.diarioimagen.net\/?p=601911"},"modified":"2023-11-20T01:08:21","modified_gmt":"2023-11-20T07:08:21","slug":"dubai-parks-and-resort-y-real-madrid-fc-abriran-el-primer-parque-tematico","status":"publish","type":"post","link":"https:\/\/www.diarioimagen.net\/?p=601911","title":{"rendered":"<em>Dub\u00e1i Parks and Resort<\/em> y Real Madrid FC abrir\u00e1n el primer parque tem\u00e1tico"},"content":{"rendered":"<h2>De cinco estrellas<\/h2>\n<h5>Victoria Gonz\u00e1lez Prado<\/h5>\n<p>&nbsp;<\/p>\n<ul>\n<li><strong>United<em> anunci\u00f3 que ofrecer\u00e1 22 vuelos semanales, sin escalas, entre Estados Unidos y Tulum<\/em><\/strong><\/li>\n<li><strong><em>Toma de protesta de la mesa directiva del Cap\u00edtulo MPI Baj\u00edo Occidente Mexicano, siendo presidente, Salvador de Anda<\/em><\/strong><\/li>\n<\/ul>\n<p>&nbsp;<\/p>\n<div id=\"attachment_601996\" style=\"width: 470px\" class=\"wp-caption aligncenter\"><a href=\"https:\/\/www.diarioimagen.net\/?attachment_id=601996\" rel=\"attachment wp-att-601996\"><img loading=\"lazy\" decoding=\"async\" aria-describedby=\"caption-attachment-601996\" class=\"size-full wp-image-601996\" src=\"https:\/\/www.diarioimagen.net\/wp-content\/uploads\/2023\/11\/turismo-estrellas-8.jpg\" alt=\"\" width=\"460\" height=\"270\" \/><\/a><p id=\"caption-attachment-601996\" class=\"wp-caption-text\">El club de futbol Real Madrid, tendr\u00e1 un parque de atracciones en Dub\u00e1i.<\/p><\/div>\n<p>&nbsp;<\/p>\n<p><em>Dub\u00e1i Parks and Resorts<\/em> y el Real Madrid CF dieronn a conocer el nombre del primer parque tem\u00e1tico del Real Madrid: <em>Real Madrid World<\/em>, que se inaugurar\u00e1 en el destino de parques tem\u00e1ticos m\u00e1s grande de Medio Oriente y dar\u00e1 la bienvenida a fan\u00e1ticos de los deportes, familias y amigos que podr\u00e1n disfrutar de atracciones tem\u00e1ticas llenas de adrenalina, experiencias inmersivas y oportunidades de participaci\u00f3n de los fan\u00e1ticos, celebrando el f\u00fatbol y el baloncesto al estilo del Real Madrid.<\/p>\n<p>Inspirados por las habilidades, el esp\u00edritu ganador y los valores del club, los visitantes de todas las edades emprender\u00e1n un viaje atemporal para experimentar el pasado, presente y futuro del club. Aqu\u00ed, los invitados se encontrar\u00e1n cara a cara con \u00edconos de diferentes \u00e9pocas y compartir\u00e1n la pasi\u00f3n de algunas de las remontadas heroicas y los mayores logros que han creado la leyenda del Real Madrid, tanto dentro como fuera de la cancha.<\/p>\n<p>El parque <em>Real Madrid World<\/em> promete albergar experiencias nuevas y emocionantes para visitantes de todas las edades, incluidas atracciones llenas de adrenalina, atracciones para familias, comidas y cenas tem\u00e1ticas, tiendas minoristas \u00fanicas que ofrecen una colecci\u00f3n de productos oficiales del Real Madrid, que celebran la fundaci\u00f3n del club. El parque ser\u00e1 el hogar de experiencias emocionantes dise\u00f1adas para cada aficionado.<\/p>\n<p><em>Dub\u00e1i Parks and Resorts<\/em> es el primer destino de parques tem\u00e1ticos del mundo en anunciar una asociaci\u00f3n importante con el Real Madrid CF. Pr\u00f3ximamente se anunciar\u00e1n los detalles, incluida m\u00e1s informaci\u00f3n sobre las monta\u00f1as rusas exclusivas, comida y restaurantes, tiendas minoristas oficiales y atracciones interactivas y virtuales juegos de habilidad que pasar\u00e1n a formar parte del nuevo destino del parque tem\u00e1tico.<\/p>\n<p>\u2730\u2730\u2730\u2730\u2730 <em>United <\/em>anunci\u00f3 que ofrecer\u00e1 vuelos sin escalas entre Estados Unidos y el Aeropuerto Internacional de Tulum (TQO), que pronto abrir\u00e1 en Quintana Roo, con 22 vuelos semanales desde Newark\/New York, Houston y Chicago a partir del 31 de marzo de 2024.<\/p>\n<p>El 23 de mayo, <em>United<\/em> agregar\u00e1 un servicio diario de temporada desde Los \u00c1ngeles, lo que resultar\u00e1 en hasta cinco vuelos diarios desde los centros de operaciones de la aerol\u00ednea a Tulum este pr\u00f3ximo verano. Los vuelos est\u00e1n disponibles para la venta desde el pasado 18 de noviembre.<\/p>\n<p>M\u00e9xico sigue siendo un destino de ocio l\u00edder y Tulum se ha convertido r\u00e1pidamente en uno de los m\u00e1s populares de M\u00e9xico para los viajeros estadounidenses. Ubicado aproximadamente a 90 millas al sur de Canc\u00fan, el nuevo Aeropuerto Internacional de Tulum brindar\u00e1 a los clientes de <em>United <\/em>un acceso directo a la ciudad y m\u00e1s oportunidades para viajar a la siempre popular regi\u00f3n de la Riviera Maya, complementando los servicios existentes de la compa\u00f1\u00eda a\u00e9rea a Canc\u00fan y Cozumel.<\/p>\n<p><strong>Patrick Quayle<\/strong>, vicepresidente senior de Alianzas y Planificaci\u00f3n de Redes de aerol\u00ednea dijo: \u201cTulum encabeza muchas listas de viajes: excelentes playas y restaurantes, y regi\u00f3n que presenta una rica historia y una espectacular belleza natural. Nuestros nuevos vuelos directos ayudan a las personas a llegar m\u00e1s r\u00e1pido que nunca, brind\u00e1ndoles a\u00fan m\u00e1s tiempo para disfrutar de uno de los destinos m\u00e1s exclusivos de M\u00e9xico\u201d.<\/p>\n<p>Este invierno, la aerol\u00ednea m\u00e1s grande entre Estados Unidos y la regi\u00f3n de la Riviera Maya tendr\u00e1 la mayor cantidad de vuelos a Canc\u00fan en su historia al ofrecer m\u00e1s de 200 vuelos semanales desde ocho ciudades estadounidenses a Canc\u00fan durante el pico invernal, incluidos vuelos en avi\u00f3n <em>Boeing 777<\/em> de fuselaje ancho de la aerol\u00ednea desde Chicago, Denver y Houston. Tambi\u00e9n, continuar\u00e1 volando entre Cozumel y Chicago, Denver y Houston, operando hasta 11 vuelos semanales este invierno.<\/p>\n<p>\u2730\u2730\u2730\u2730\u2730 Con la intenci\u00f3n de potenciar la profesionalizaci\u00f3n y desarrollo de la industria de reuniones en esta zona del Baj\u00edo, se llev\u00f3 a cabo la toma de protesta de la mesa directiva del Cap\u00edtulo MPI Baj\u00edo Occidente Mexicano, siendo presidente, <strong>Salvador de Anda<\/strong> para el periodo 2023-2025. Lo anterior en el marco del Congreso <em>Meeting Place M\u00e9xico, 2023<\/em> celebrado en Aguascalientes.<\/p>\n<p>La ceremonia tuvo lugar en el palacio municipal de la ciudad de Aguascalientes, marcando el inicio del cap\u00edtulo para la comunidad de profesionales de reuniones y eventos en la regi\u00f3n. El Cap\u00edtulo MPI Baj\u00edo Occidente Mexicano, proyecto en el que <strong>Salvador de Anda<\/strong>, <strong>Ang\u00e9lica Anguiano<\/strong>, <strong>Ricardo Manzanares<\/strong> y <strong>Juan Manuel Rend\u00f3n<\/strong>, fueron quienes impulsaron su creaci\u00f3n, inicialmente queda conformado por los estados de Aguascalientes, Guanajuato y Zacatecas, y se tiene la intenci\u00f3n de que se integren otros estados en futuro pr\u00f3ximo.<\/p>\n<p>Durante la toma de protesta, <strong>Salvador de Anda<\/strong> expres\u00f3 su gratitud por la confianza depositada en \u00e9l por los miembros del cap\u00edtulo y comparti\u00f3 su visi\u00f3n para el pr\u00f3ximo a\u00f1o. Destac\u00f3 la importancia de la colaboraci\u00f3n, innovaci\u00f3n y formaci\u00f3n continua como pilares fundamentales para el crecimiento y \u00e9xito de la comunidad de profesionales de reuniones en la regi\u00f3n y se\u00f1al\u00f3 que \u201cllevar\u00e1n a cabo las funciones del MPI teniendo siempre la finalidad de trabajar en pro de la industria de reuniones\u201d.<\/p>\n<p><strong>Salvador<\/strong>, es reconocido por su dedicaci\u00f3n y liderazgo en la industria de reuniones y eventos, asume la presidencia de MPI Cap\u00edtulo Baj\u00edo Occidente Mexicano con un compromiso renovado para fortalecer la red de profesionales, fomentar el desarrollo profesional y promover la excelencia en la gesti\u00f3n de eventos.<\/p>\n<p>La reuni\u00f3n cont\u00f3 con la presencia de la directora general del Bur\u00f3 de Congresos y Visitantes, <strong>Ver\u00f3nica Gonz\u00e1lez L\u00f3pez<\/strong> quien fungi\u00f3 como testigo de honor, miembros de la industria, l\u00edderes empresariales y colaboradores clave como <strong>Alfonso Ibarra Macedo<\/strong>, presidente de MPI Cap\u00edtulo M\u00e9xico y CEO en <em>Wondrus Meeting Planner<\/em>; <strong>Bernardo Santillana Rousselon<\/strong>, presidente MPI Cap\u00edtulo Caribe Mexicano y director comercial corporativo de <em>RCD Hotels.<\/em><\/p>\n<p><em>Meeting Professionals International,<\/em> (MPI), fue fundada en 1972 y se ha convertido en asociaci\u00f3n l\u00edder mundial que integra a m\u00e1s de 12 mil profesionales de la industria de reuniones, en 67 cap\u00edtulos y clubes de 75 pa\u00edses alrededor del mundo en Norteam\u00e9rica, Sudam\u00e9rica, Europa y Asia Pac\u00edfico, con poder adquisitivo mundial de 26 billones de d\u00f3lares, trabajando bajo los tres pilares fundamentales, capacitaci\u00f3n a los miembros, trabajo en equipo y red de contactos.<\/p>\n<p>Es as\u00ed como los integrantes del Cap\u00edtulo MPI Baj\u00edo Occidente Mexicano asumen con entusiasmo, determinaci\u00f3n y compromiso elevar la calidad de los eventos en la regi\u00f3n, promover las mejores pr\u00e1cticas en la industria y crear oportunidades significativas para el desarrollo profesional de quienes lo integran.<\/p>\n<p>&nbsp;<\/p>\n<blockquote>\n<p style=\"text-align: right;\">\u201c<strong>El<\/strong> <strong>\u00e1ngel de la fama tiene sus alas hechas de papel&#8230; peri\u00f3dico\u201d.<br \/>\n<\/strong><\/p>\n<\/blockquote>\n<p>&nbsp;<\/p>\n<p><em><span class=\"Apple-converted-space\"><a href=\"mailto:victoriagprado@gmail.com\" target=\"_blank\" rel=\"noopener noreferrer\">victoriagprado@gmail.com<\/a><br \/>\nTwitter: <a href=\"https:\/\/twitter.com\/victoriagprado\" target=\"_blank\" rel=\"noopener noreferrer\">@victoriagprado<\/a><\/span><\/em><\/p>\n","protected":false},"excerpt":{"rendered":"<p><em>Dub\u00e1i Parks and Resorts<\/em> y el Real Madrid CF dieronn a conocer el nombre del primer parque tem\u00e1tico del Real Madrid: <em>Real Madrid World<\/em>, que se inaugurar\u00e1 en el destino de parques tem\u00e1ticos m\u00e1s grande de Medio Oriente y dar\u00e1 la bienvenida a fan\u00e1ticos de los deportes, familias y amigos que podr\u00e1n disfrutar de atracciones tem\u00e1ticas llenas de adrenalina, experiencias inmersivas y oportunidades de participaci\u00f3n de los fan\u00e1ticos, celebrando el f\u00fatbol y el baloncesto al estilo del Real Madrid.<\/p>\n","protected":false},"author":3,"featured_media":601996,"comment_status":"open","ping_status":"open","sticky":false,"template":"","format":"standard","meta":{"_monsterinsights_skip_tracking":false,"_monsterinsights_sitenote_active":false,"_monsterinsights_sitenote_note":"","_monsterinsights_sitenote_category":0,"footnotes":""},"categories":[11],"tags":[107,43674,43681,106],"class_list":["post-601911","post","type-post","status-publish","format-standard","has-post-thumbnail","hentry","category-turismo","tag-de-cinco-estrellas","tag-opinion","tag-turismo","tag-victoria-gonzalez-prado"],"_links":{"self":[{"href":"https:\/\/www.diarioimagen.net\/index.php?rest_route=\/wp\/v2\/posts\/601911","targetHints":{"allow":["GET"]}}],"collection":[{"href":"https:\/\/www.diarioimagen.net\/index.php?rest_route=\/wp\/v2\/posts"}],"about":[{"href":"https:\/\/www.diarioimagen.net\/index.php?rest_route=\/wp\/v2\/types\/post"}],"author":[{"embeddable":true,"href":"https:\/\/www.diarioimagen.net\/index.php?rest_route=\/wp\/v2\/users\/3"}],"replies":[{"embeddable":true,"href":"https:\/\/www.diarioimagen.net\/index.php?rest_route=%2Fwp%2Fv2%2Fcomments&post=601911"}],"version-history":[{"count":0,"href":"https:\/\/www.diarioimagen.net\/index.php?rest_route=\/wp\/v2\/posts\/601911\/revisions"}],"wp:featuredmedia":[{"embeddable":true,"href":"https:\/\/www.diarioimagen.net\/index.php?rest_route=\/wp\/v2\/media\/601996"}],"wp:attachment":[{"href":"https:\/\/www.diarioimagen.net\/index.php?rest_route=%2Fwp%2Fv2%2Fmedia&parent=601911"}],"wp:term":[{"taxonomy":"category","embeddable":true,"href":"https:\/\/www.diarioimagen.net\/index.php?rest_route=%2Fwp%2Fv2%2Fcategories&post=601911"},{"taxonomy":"post_tag","embeddable":true,"href":"https:\/\/www.diarioimagen.net\/index.php?rest_route=%2Fwp%2Fv2%2Ftags&post=601911"}],"curies":[{"name":"wp","href":"https:\/\/api.w.org\/{rel}","templated":true}]}}