{"id":601952,"date":"2023-11-20T00:08:00","date_gmt":"2023-11-20T06:08:00","guid":{"rendered":"https:\/\/www.diarioimagen.net\/?p=601952"},"modified":"2023-11-19T20:52:53","modified_gmt":"2023-11-20T02:52:53","slug":"el-pri-en-caida-libre","status":"publish","type":"post","link":"https:\/\/www.diarioimagen.net\/?p=601952","title":{"rendered":"El PRI, en ca\u00edda libre"},"content":{"rendered":"<h2>Punto por punto<\/h2>\n<h5>Augusto Corro<\/h5>\n<p>&nbsp;<\/p>\n<p>El Partido Revolucionario Institucional (PRI) registra m\u00e1s renuncias de militantes distinguidos.<\/p>\n<p>Por ejemplo, el fin de semana decidieron dejar esa organizaci\u00f3n pol\u00edtica el alcalde de Cuajimalpa, Adri\u00e1n Rubalcava; y el ex gobernador de Oaxaca, Alejandro Murat.<\/p>\n<p>El \u00e9xodo de priistas inici\u00f3 en todos los niveles, principalmente en su l\u00ednea de dirigentes.<\/p>\n<p>El partido se qued\u00f3 en manos de un aspirante a dictadorzuelo, Alejandro \u201cAlito\u201d Moreno, diputado y ex gobernador de Campeche.<\/p>\n<p>El edil Adri\u00e1n Rubalcava decidi\u00f3 alejarse de su instituto pol\u00edtico porque lo bajaron de la contienda electoral para designar candidato opositor a la Jefatura de Gobierno de la Ciudad de M\u00e9xico (CDMX).<\/p>\n<p>El Frente Amplio por M\u00e9xico, integrado por PAN, PRI y PRD, acord\u00f3 seleccionar a los representantes de los partidos con aspiraciones de competir en los comicios capitalinos.<\/p>\n<p>Se estableci\u00f3 un sistema para llevar a cabo la designaci\u00f3n, pero esta no se cumpli\u00f3 y el PAN nombr\u00f3 a su precandidato e ignor\u00f3 a los dem\u00e1s.<\/p>\n<p>El Frente Amplio por M\u00e9xico acept\u00f3, en un supuesto acto de unidad, la candidatura de Santiago Taboada.<\/p>\n<p>Las acciones de la mencionada coalici\u00f3n fueron parecidas a las registradas con la pre candidata X\u00f3chitl G\u00e1lvez, en las que no se concluy\u00f3 el sistema planteado para llevar a cabo la designaci\u00f3n.<\/p>\n<p>El PRI, con su representante, la senadora Beatriz Paredes, no tuvieron la oportunidad de mostrar que la hidalguense nada ten\u00eda que hacer como aspirante.<\/p>\n<p>Pero el l\u00edder \u201cAlito\u201d, con su manera de actuar lo primero que hizo fue solidarizarse con X\u00f3chitl G\u00e1lvez.<\/p>\n<p style=\"text-align: center;\"><strong>Lo mismo con Rubalcava<\/strong><\/p>\n<p>La lucha por el gobierno capitalino apenas empieza. Cuando se supon\u00eda que en el Frente Amplio por M\u00e9xico estaban superados los problemas, se advirti\u00f3 que en materia de unidad andan mal.<\/p>\n<p>En un preconvenio de PAN, PRI y PRD se acord\u00f3 que el partido tricolor se encargar\u00eda de manejar lo relacionado con las elecciones en el Estado de M\u00e9xico, incluida a la designaci\u00f3n del aspirante a la gubernatura; y el blanquiazul se dedicar\u00eda a nombrar al abanderado opositor a competir por el gobierno capitalino.<\/p>\n<p>Al final todo cambi\u00f3 y el PAN en su condici\u00f3n del partido m\u00e1s fuerte acab\u00f3 con imponerse con sus decisiones.<\/p>\n<p>PRI y PRD s\u00f3lo sirvieron de comparsas. El PAN tendr\u00e1 que evitar el incremento en los pleitos que debilitar\u00e1n m\u00e1s a la oposici\u00f3n partidista.<\/p>\n<p>Se ten\u00eda la idea de que a la contienda electoral capitalina el Frente Amplio iba a llegar unido. Casi lo logra.<\/p>\n<p>Se ve\u00eda una oposici\u00f3n con el prop\u00f3sito de arrebatarle m\u00e1s alcald\u00edas a Morena, pero ya no parece tan claro.<\/p>\n<p>La renuncia de Adri\u00e1n Rubalcava a su partido env\u00eda la informaci\u00f3n que en el tricolor las pugnas siguen presentes; sin posibilidades de cambio.<\/p>\n<p>Mientras \u201cAlito\u201d siga en la \u201cgerencia\u201d lo que lograr\u00e1 es que aumente el n\u00famero de deserciones de priistas inconformes.<\/p>\n<p>El PAN quiz\u00e1 no calcul\u00f3 bien la designaci\u00f3n de Santiago Taboada, como el representante del Frente Amplio por M\u00e9xico, pues se trata de dirigente pol\u00edtico que viene de una alcald\u00eda sumida en conflictos.<\/p>\n<p>Aunque el citado Taboada no tiene carpetas de investigaci\u00f3n, quienes le antecedieron en el cargo, con cargos importantes en el gobierno local, fueron acusados de fundar y participar en el \u201cc\u00e1rtel Inmobiliario\u201d de la alcald\u00eda Benito Ju\u00e1rez.<\/p>\n<p>Esos se\u00f1alamientos pesar\u00e1n contra Taboada.<\/p>\n<p style=\"text-align: center;\"><strong>El asunto de Alejandro Murat<\/strong><\/p>\n<p>El ex gobernador de Oaxaca, Alejandro Murat, opt\u00f3 por renunciar al PRI. De su actitud de dejar al tricolor se empez\u00f3 hablar tras terminar su gesti\u00f3n como mandatario estatal.<\/p>\n<p>Sus relaciones pol\u00edticas lo ubicaban m\u00e1s cerca del lopezobradorismo que del priismo. Como pol\u00edtico oportunista, durante varios d\u00edas manifest\u00f3 su deseo de convertirse en candidato presidencial.<\/p>\n<p>Ahora, el ex mandatario vuelve a estar en los comentarios pol\u00edticos por su renuncia al tricolor.<\/p>\n<p>Lo interesante estriba en que el PRI poco a poco queda m\u00e1s vac\u00edo.<\/p>\n<p>\u00bfUsted qu\u00e9 opina amable lector?<\/p>\n<p><a href=\"mailto:augustocorro2742@gmail.com\" target=\"_blank\" rel=\"noopener\"><em>augustocorro2742@gmail.com<\/em><\/a><\/p>\n","protected":false},"excerpt":{"rendered":"<p><span style=\"color: #005497;\"><strong>Augusto Corro<\/strong><\/span><\/p>\n","protected":false},"author":3,"featured_media":0,"comment_status":"open","ping_status":"open","sticky":false,"template":"","format":"standard","meta":{"_monsterinsights_skip_tracking":false,"_monsterinsights_sitenote_active":false,"_monsterinsights_sitenote_note":"","_monsterinsights_sitenote_category":0,"footnotes":""},"categories":[157],"tags":[43686,43674,11515],"class_list":["post-601952","post","type-post","status-publish","format-standard","hentry","category-augusto-corro","tag-augusto-corro","tag-opinion","tag-punto-por-punto"],"_links":{"self":[{"href":"https:\/\/www.diarioimagen.net\/index.php?rest_route=\/wp\/v2\/posts\/601952","targetHints":{"allow":["GET"]}}],"collection":[{"href":"https:\/\/www.diarioimagen.net\/index.php?rest_route=\/wp\/v2\/posts"}],"about":[{"href":"https:\/\/www.diarioimagen.net\/index.php?rest_route=\/wp\/v2\/types\/post"}],"author":[{"embeddable":true,"href":"https:\/\/www.diarioimagen.net\/index.php?rest_route=\/wp\/v2\/users\/3"}],"replies":[{"embeddable":true,"href":"https:\/\/www.diarioimagen.net\/index.php?rest_route=%2Fwp%2Fv2%2Fcomments&post=601952"}],"version-history":[{"count":0,"href":"https:\/\/www.diarioimagen.net\/index.php?rest_route=\/wp\/v2\/posts\/601952\/revisions"}],"wp:attachment":[{"href":"https:\/\/www.diarioimagen.net\/index.php?rest_route=%2Fwp%2Fv2%2Fmedia&parent=601952"}],"wp:term":[{"taxonomy":"category","embeddable":true,"href":"https:\/\/www.diarioimagen.net\/index.php?rest_route=%2Fwp%2Fv2%2Fcategories&post=601952"},{"taxonomy":"post_tag","embeddable":true,"href":"https:\/\/www.diarioimagen.net\/index.php?rest_route=%2Fwp%2Fv2%2Ftags&post=601952"}],"curies":[{"name":"wp","href":"https:\/\/api.w.org\/{rel}","templated":true}]}}