{"id":602161,"date":"2023-11-21T00:10:41","date_gmt":"2023-11-21T06:10:41","guid":{"rendered":"https:\/\/www.diarioimagen.net\/?p=602161"},"modified":"2023-11-21T03:03:53","modified_gmt":"2023-11-21T09:03:53","slug":"se-derrumba-el-frente-amplio-por-mexico","status":"publish","type":"post","link":"https:\/\/www.diarioimagen.net\/?p=602161","title":{"rendered":"Se derrumba el Frente Amplio por M\u00e9xico"},"content":{"rendered":"<h2>Triple Erre<\/h2>\n<h5>Francisco Reynoso<\/h5>\n<p>&nbsp;<\/p>\n<p>La esperanza, que seg\u00fan X\u00f3chitl G\u00e1lvez Ruiz hab\u00eda cambiado de manos, huye asqueada de la corrupci\u00f3n en el PRI y busca los brazos un poco menos canallas de ya saben quien.<\/p>\n<p>Irremediablemente, el Frente Amplio por M\u00e9xico se derrumba. Hay quienes dicen que el principal culpable es Alejandro Moreno \u201cAlito\u201d. Y lo ubican como el sinverg\u00fcenza m\u00e1s grande del PRI, no de todos los tiempos porque la competencia es gigantesca, pero s\u00ed de los \u00faltimos meses.<\/p>\n<p>Porque si el campechano es un reverendo granuja, otros le dicen qu\u00edtate que ah\u00ed voy. Los ex gobernadores de Hidalgo y Oaxaca, Omar Fayad y Alejandro Murat, son dos mojones enormes de podredumbre.<\/p>\n<p>Y Adri\u00e1n Ruvalcaba no canta mal las rancheras. Muy pronto, despu\u00e9s de que el PRI y \u201cAlito\u201d lo humillaron, encontr\u00f3 acomodo en las fuerzas morenistas de la C\u00e1mara de Diputados de la Ciudad de M\u00e9xico.<\/p>\n<p>As\u00ed que si \u201cAlito\u201d Moreno opera para servir a L\u00f3pez Obrador y la 4T quienes tienen menos derecho y calidad moral de condenarlo son la runfla que casi p\u00fablicamente vendi\u00f3 su alma al diablo.<\/p>\n<p>Fayad Meneses sigui\u00f3 el mismo patr\u00f3n que Quirino Ordaz, Claudia Pavlovich, Carlos Miguel Aysa. Y recibi\u00f3 su premio: la embajada de Noruega.<\/p>\n<p>A L\u00f3pez Obrador no le import\u00f3 que el esposo de la actriz Victoria Ruffo tenga observaciones e irregularidades por aclarar ante la Auditor\u00eda Superior del Estado por m\u00e1s de 300 millones de pesos, s\u00f3lo de un a\u00f1o de su sexenio.<\/p>\n<p>Tampoco que funcionarios de su gobierno, hasta ahora dos, uno de la Secretar\u00eda de Educaci\u00f3n y otro de la Contralor\u00eda, est\u00e9n en la c\u00e1rcel por su implicaci\u00f3n en desfalcos y malos manejos que Santiago Nieto, otrora verdugo de la 4T y ahora fiscal encargado en Hidalgo, intitula \u201cla estafa siniestra\u201d.<\/p>\n<p>\u201cAlito\u201d Moreno ha de decir: \u201cah ching\u00e1, si ustedes cambiaron el gobierno de sus estados por una embajada \u00bfpor qu\u00e9 yo no he de hacer negocios con el se\u00f1or del Palacio Nacional?\u201d.<\/p>\n<p>Toda esa carro\u00f1a tricolor tiene al Frente Amplio por M\u00e9xico a punto de derrumbarse. Y arrastrar en su ca\u00edda a X\u00f3chitl G\u00e1lvez, precandidata presidencial de la oposici\u00f3n que hasta hace unas cuantas semanas festejaba optimista que la esperanza hab\u00eda cambiado de manos.<\/p>\n<p style=\"text-align: center;\"><strong>Se busca fiscal \u201ccarnal\u201d<\/strong><\/p>\n<p>El 30 de octubre pasado, Francisco Jos\u00e9 Murillo Ruiseco present\u00f3 su renuncia, con car\u00e1cter de irreversible, a la Fiscal\u00eda General de Justicia de Zacatecas. Desde entonces se inici\u00f3 el proceso para sustituirlo. Y tanto en el Ejecutivo a cargo de David Monreal como en la 64 Legislatura han incurrido en irregularidades que podr\u00edan cuestionar y anular la designaci\u00f3n.<\/p>\n<p>La intenci\u00f3n del gobernador Monreal se ve tan clara como el cerro de La Bufa. Quiere un \u201cfiscal carnal\u201d y ese ser\u00eda Christian Paul Camacho Osnaya, actual delegado de la Fiscal\u00eda de la Rep\u00fablica en Zacatecas.<\/p>\n<p>El procedimiento legal consigna que la Legislatura convoque a los aspirantes y la Comisi\u00f3n de Justicia los entreviste e integre una lista de cinco.<\/p>\n<p>En Zacatecas se inscribieron 27. En la depuraci\u00f3n fue eliminado Juan Carlos Valdivia, el fiscal interino, encargado del despacho que dej\u00f3 Murillo. Inexplicablemente tanto \u00e9l como Ana Laura Rivero, otra aspirante eliminada, fueron restituidos y la lista que se envi\u00f3 al gobernador Monreal no fue de cinco, como marca la ley, sino de siete.<\/p>\n<p>La ley dice que el gobernador deber\u00e1 revisar la preparaci\u00f3n y experiencia de los cinco candidatos que le mande el Congreso. Y formar una terna para que de ella la mayor\u00eda calificada de diputados elija al mejor o a la mejor.<\/p>\n<p>Se calcula que todo este vodevil termine a finales de diciembre y el gobernador Monreal tenga su fiscal carnal. Los enterados no dudan que ser\u00e1 Christian Paul Camacho.<\/p>\n<p>&nbsp;<\/p>\n<blockquote>\n<p style=\"text-align: right;\"><em><strong>La verdad es la verdad<br \/>\ny no admite otros datos<\/strong><\/em><\/p>\n<\/blockquote>\n<p>&nbsp;<\/p>\n<p><a href=\"mailto:donrunrun@yahoo.es\" target=\"_blank\" rel=\"noopener\"><em>donrunrun@yahoo.es<\/em><\/a><\/p>\n","protected":false},"excerpt":{"rendered":"<p><span style=\"color: #005497;\"><strong>Francisco Reynoso<\/strong><\/span><\/p>\n","protected":false},"author":3,"featured_media":0,"comment_status":"open","ping_status":"open","sticky":false,"template":"","format":"standard","meta":{"_monsterinsights_skip_tracking":false,"_monsterinsights_sitenote_active":false,"_monsterinsights_sitenote_note":"","_monsterinsights_sitenote_category":0,"footnotes":""},"categories":[94855],"tags":[94857,43674,94856],"class_list":["post-602161","post","type-post","status-publish","format-standard","hentry","category-francisco-reynoso","tag-francisco-reynoso","tag-opinion","tag-triple-erre"],"_links":{"self":[{"href":"https:\/\/www.diarioimagen.net\/index.php?rest_route=\/wp\/v2\/posts\/602161","targetHints":{"allow":["GET"]}}],"collection":[{"href":"https:\/\/www.diarioimagen.net\/index.php?rest_route=\/wp\/v2\/posts"}],"about":[{"href":"https:\/\/www.diarioimagen.net\/index.php?rest_route=\/wp\/v2\/types\/post"}],"author":[{"embeddable":true,"href":"https:\/\/www.diarioimagen.net\/index.php?rest_route=\/wp\/v2\/users\/3"}],"replies":[{"embeddable":true,"href":"https:\/\/www.diarioimagen.net\/index.php?rest_route=%2Fwp%2Fv2%2Fcomments&post=602161"}],"version-history":[{"count":0,"href":"https:\/\/www.diarioimagen.net\/index.php?rest_route=\/wp\/v2\/posts\/602161\/revisions"}],"wp:attachment":[{"href":"https:\/\/www.diarioimagen.net\/index.php?rest_route=%2Fwp%2Fv2%2Fmedia&parent=602161"}],"wp:term":[{"taxonomy":"category","embeddable":true,"href":"https:\/\/www.diarioimagen.net\/index.php?rest_route=%2Fwp%2Fv2%2Fcategories&post=602161"},{"taxonomy":"post_tag","embeddable":true,"href":"https:\/\/www.diarioimagen.net\/index.php?rest_route=%2Fwp%2Fv2%2Ftags&post=602161"}],"curies":[{"name":"wp","href":"https:\/\/api.w.org\/{rel}","templated":true}]}}