{"id":602199,"date":"2023-11-22T00:05:20","date_gmt":"2023-11-22T06:05:20","guid":{"rendered":"https:\/\/www.diarioimagen.net\/?p=602199"},"modified":"2023-11-22T22:35:30","modified_gmt":"2023-11-23T04:35:30","slug":"expresa-estudiantado-a-traves-de-la-oratoria-riqueza-historica-y-cultural-de-la-uaemex","status":"publish","type":"post","link":"https:\/\/www.diarioimagen.net\/?p=602199","title":{"rendered":"Expresa estudiantado a trav\u00e9s de la oratoria, riqueza hist\u00f3rica y cultural de la UAEM\u00e9x"},"content":{"rendered":"<p>&nbsp;<\/p>\n<div id=\"attachment_602250\" style=\"width: 470px\" class=\"wp-caption aligncenter\"><a href=\"https:\/\/www.diarioimagen.net\/?attachment_id=602250\" rel=\"attachment wp-att-602250\"><img loading=\"lazy\" decoding=\"async\" aria-describedby=\"caption-attachment-602250\" class=\"size-full wp-image-602250\" src=\"https:\/\/www.diarioimagen.net\/wp-content\/uploads\/2023\/11\/uaem-expresa-estudiantado.jpg\" alt=\"\" width=\"460\" height=\"270\" \/><\/a><p id=\"caption-attachment-602250\" class=\"wp-caption-text\">En la Sala \u201cIgnacio Manuel Altamirano\u201d del Edificio de Rector\u00eda se llev\u00f3 a cabo el Concurso Universitario de Oratoria Estudiantil, \u201cConmemoraci\u00f3n de los 195 a\u00f1os de la Fundaci\u00f3n del Instituto Literario del Estado de M\u00e9xico\u201d.<\/p><\/div>\n<p>&nbsp;<\/p>\n<p><strong>Toluca, Estado de M\u00e9xico.\u2014<\/strong> La Universidad Aut\u00f3noma del Estado de M\u00e9xico (UAEM\u00e9x) llev\u00f3 a cabo la edici\u00f3n 2023 del Concurso Universitario de Oratoria Estudiantil \u201cConmemoraci\u00f3n de los 195 a\u00f1os de la Fundaci\u00f3n del Instituto Literario del Estado de M\u00e9xico\u201d, en el que participaron 64 estudiantes de nivel superior de los distintos espacios acad\u00e9micos de esta casa de estudios.<\/p>\n<p>En la Sala \u201cIgnacio Manuel Altamirano\u201d del Edificio de Rector\u00eda, acompa\u00f1ado de la encargada del despacho de la Direcci\u00f3n de Identidad Universitaria, Virginia Argelia D\u00edaz Gonz\u00e1lez Borja, y el presidente del jurado calificador, Daniel Quetzalc\u00f3atl Fabela Montes de Oca, el secretario de Rector\u00eda, Marco Aurelio Cienfuegos Terr\u00f3n, destac\u00f3 que las juventudes universitarias son la raz\u00f3n de ser de la M\u00e1xima Casa de Estudio mexiquense, por lo que d\u00eda a d\u00eda con su talento y fuerza, llevan consigo los s\u00edmbolos y valores universitarios en su actuar cotidiano.<\/p>\n<p>\u201cDespu\u00e9s de 195 a\u00f1os de existencia del Instituto Literario, por cuyas aulas trascendieron grandes \u00edconos, esta casa de estudios contin\u00faa dando talentos, que a trav\u00e9s de sus experiencias y participaci\u00f3n en estos cert\u00e1menes, permiten que estos s\u00edmbolos contin\u00faen vigentes\u201d, abund\u00f3.<\/p>\n<p>Durante esta edici\u00f3n fueron galardonados con el primer, segundo y tercer lugar, respectivamente, Joel Romero Cruz, Luis \u00c1ngel Garc\u00eda Cort\u00e9s, Arath Francisco Aranda Villa; asimismo, fue reconocida con una menci\u00f3n honor\u00edfica, Valeria Guadalupe Carreto Ch\u00e1vez, por su habilidad para expresar valores, s\u00edmbolos e historia universitaria a trav\u00e9s de la oratoria.<\/p>\n<p>El jurado calificador estuvo conformado por Silvia Leonor Con G\u00f3mez, docente de los planteles \u201cLic. Adolfo L\u00f3pez Mateos\u201d y \u201cCuauht\u00e9moc\u201d de la Escuela Preparatoria; Federico Mart\u00ednez G\u00f3mez, cronista del Plantel \u201cNezahualc\u00f3yotl\u201d de la Escuela Preparatoria; Maricela del Carmen Osorio Garc\u00eda, cronista del Plantel \u201cIgnacio Ram\u00edrez Calzada\u201d de la Escuela Preparatoria, as\u00ed como Arturo Vega N\u00fa\u00f1ez, Jes\u00fas P\u00e9rez Segundo y Fernando Ju\u00e1rez D\u00e1vila, oradores distinguidos.<\/p>\n","protected":false},"excerpt":{"rendered":"<p>La Universidad Aut\u00f3noma del Estado de M\u00e9xico (UAEM\u00e9x) llev\u00f3 a cabo la edici\u00f3n 2023 del Concurso Universitario de Oratoria Estudiantil \u201cConmemoraci\u00f3n de los 195 a\u00f1os de la Fundaci\u00f3n del Instituto Literario del Estado de M\u00e9xico\u201d, en el que participaron 64 estudiantes de nivel superior de los distintos espacios acad\u00e9micos de esta casa de estudios.<\/p>\n","protected":false},"author":3,"featured_media":602250,"comment_status":"open","ping_status":"open","sticky":false,"template":"","format":"standard","meta":{"_monsterinsights_skip_tracking":false,"_monsterinsights_sitenote_active":false,"_monsterinsights_sitenote_note":"","_monsterinsights_sitenote_category":0,"footnotes":""},"categories":[5],"tags":[97570,67878],"class_list":["post-602199","post","type-post","status-publish","format-standard","has-post-thumbnail","hentry","category-estado-de-mexico","tag-estudiantado","tag-uaemex"],"_links":{"self":[{"href":"https:\/\/www.diarioimagen.net\/index.php?rest_route=\/wp\/v2\/posts\/602199","targetHints":{"allow":["GET"]}}],"collection":[{"href":"https:\/\/www.diarioimagen.net\/index.php?rest_route=\/wp\/v2\/posts"}],"about":[{"href":"https:\/\/www.diarioimagen.net\/index.php?rest_route=\/wp\/v2\/types\/post"}],"author":[{"embeddable":true,"href":"https:\/\/www.diarioimagen.net\/index.php?rest_route=\/wp\/v2\/users\/3"}],"replies":[{"embeddable":true,"href":"https:\/\/www.diarioimagen.net\/index.php?rest_route=%2Fwp%2Fv2%2Fcomments&post=602199"}],"version-history":[{"count":0,"href":"https:\/\/www.diarioimagen.net\/index.php?rest_route=\/wp\/v2\/posts\/602199\/revisions"}],"wp:featuredmedia":[{"embeddable":true,"href":"https:\/\/www.diarioimagen.net\/index.php?rest_route=\/wp\/v2\/media\/602250"}],"wp:attachment":[{"href":"https:\/\/www.diarioimagen.net\/index.php?rest_route=%2Fwp%2Fv2%2Fmedia&parent=602199"}],"wp:term":[{"taxonomy":"category","embeddable":true,"href":"https:\/\/www.diarioimagen.net\/index.php?rest_route=%2Fwp%2Fv2%2Fcategories&post=602199"},{"taxonomy":"post_tag","embeddable":true,"href":"https:\/\/www.diarioimagen.net\/index.php?rest_route=%2Fwp%2Fv2%2Ftags&post=602199"}],"curies":[{"name":"wp","href":"https:\/\/api.w.org\/{rel}","templated":true}]}}