{"id":602218,"date":"2023-11-22T00:01:13","date_gmt":"2023-11-22T06:01:13","guid":{"rendered":"https:\/\/www.diarioimagen.net\/?p=602218"},"modified":"2023-11-22T04:08:51","modified_gmt":"2023-11-22T10:08:51","slug":"participa-suteym-naucalpan-en-el-desfile-conmemorativo-de-la-revolucion-mexicana","status":"publish","type":"post","link":"https:\/\/www.diarioimagen.net\/?p=602218","title":{"rendered":"Participa SUTEyM-Naucalpan en el desfile conmemorativo de la Revoluci\u00f3n Mexicana"},"content":{"rendered":"<p>&nbsp;<\/p>\n<p><a href=\"https:\/\/www.diarioimagen.net\/?attachment_id=602282\" rel=\"attachment wp-att-602282\"><img loading=\"lazy\" decoding=\"async\" class=\"aligncenter size-full wp-image-602282\" src=\"https:\/\/www.diarioimagen.net\/wp-content\/uploads\/2023\/11\/participa-suteym.jpg\" alt=\"\" width=\"460\" height=\"270\" \/><\/a><\/p>\n<p>&nbsp;<\/p>\n<p><strong>Naucalpan, Estado de M\u00e9xico.\u2014 <\/strong>Con orgullo y emoci\u00f3n, los trabajadores pertenecientes al SUTEyM- secci\u00f3n Naucalpan, encabezados por su secretario general, Tom\u00e1s Palomares Parra, participaron en la conmemoraci\u00f3n de la Revoluci\u00f3n Mexicana.<\/p>\n<p>A lo largo de la avenida Gustavo Baz, los asistentes aplaudieron el paso del contingente de la clase trabajadora suteymista, mismos que reconocieron el entusiasmo de los participantes en esta fiesta c\u00edvica. Al t\u00e9rmino del evento, Palomares Parra, ratific\u00f3 el compromiso de la familia suteymista de trabajar de la mano del gobierno municipal que encabeza Ang\u00e9lica Moya Mar\u00edn, en favor de los naucalpenses.<\/p>\n<p>\u201cSabemos que la de Ang\u00e9lica Moya, ha sido una administraci\u00f3n complicada, derivada de la grave crisis financiera que hered\u00f3 de la pasada gesti\u00f3n morenista, sin embargo, ha sabido responder a las demandas y expectativas que demandan las familias naucalpenses\u201d, dijo. Por otra parte, el tambi\u00e9n Secretario de Exterior del SUTEyM, \u00a0reconoci\u00f3 el apoyo incondicional de Herminio Cahue Calder\u00f3n, secretario general de ese gremio en la entidad mexiquense,\u00a0 hacia la clase trabajadora de este municipio y ratific\u00f3 su compromiso de continuar fortaleciendo a ese sector.<\/p>\n<p>&nbsp;<\/p>\n","protected":false},"excerpt":{"rendered":"<p>Con orgullo y emoci\u00f3n, los trabajadores pertenecientes al SUTEyM- secci\u00f3n Naucalpan, encabezados por su secretario general, Tom\u00e1s Palomares Parra, participaron en la conmemoraci\u00f3n de la Revoluci\u00f3n Mexicana.<\/p>\n","protected":false},"author":3,"featured_media":602282,"comment_status":"open","ping_status":"open","sticky":false,"template":"","format":"standard","meta":{"_monsterinsights_skip_tracking":false,"_monsterinsights_sitenote_active":false,"_monsterinsights_sitenote_note":"","_monsterinsights_sitenote_category":0,"footnotes":""},"categories":[5],"tags":[1071,2572],"class_list":["post-602218","post","type-post","status-publish","format-standard","has-post-thumbnail","hentry","category-estado-de-mexico","tag-revolucion-mexicana","tag-suteym"],"_links":{"self":[{"href":"https:\/\/www.diarioimagen.net\/index.php?rest_route=\/wp\/v2\/posts\/602218","targetHints":{"allow":["GET"]}}],"collection":[{"href":"https:\/\/www.diarioimagen.net\/index.php?rest_route=\/wp\/v2\/posts"}],"about":[{"href":"https:\/\/www.diarioimagen.net\/index.php?rest_route=\/wp\/v2\/types\/post"}],"author":[{"embeddable":true,"href":"https:\/\/www.diarioimagen.net\/index.php?rest_route=\/wp\/v2\/users\/3"}],"replies":[{"embeddable":true,"href":"https:\/\/www.diarioimagen.net\/index.php?rest_route=%2Fwp%2Fv2%2Fcomments&post=602218"}],"version-history":[{"count":0,"href":"https:\/\/www.diarioimagen.net\/index.php?rest_route=\/wp\/v2\/posts\/602218\/revisions"}],"wp:featuredmedia":[{"embeddable":true,"href":"https:\/\/www.diarioimagen.net\/index.php?rest_route=\/wp\/v2\/media\/602282"}],"wp:attachment":[{"href":"https:\/\/www.diarioimagen.net\/index.php?rest_route=%2Fwp%2Fv2%2Fmedia&parent=602218"}],"wp:term":[{"taxonomy":"category","embeddable":true,"href":"https:\/\/www.diarioimagen.net\/index.php?rest_route=%2Fwp%2Fv2%2Fcategories&post=602218"},{"taxonomy":"post_tag","embeddable":true,"href":"https:\/\/www.diarioimagen.net\/index.php?rest_route=%2Fwp%2Fv2%2Ftags&post=602218"}],"curies":[{"name":"wp","href":"https:\/\/api.w.org\/{rel}","templated":true}]}}