{"id":602300,"date":"2023-11-22T00:04:19","date_gmt":"2023-11-22T06:04:19","guid":{"rendered":"https:\/\/www.diarioimagen.net\/?p=602300"},"modified":"2023-11-22T04:18:40","modified_gmt":"2023-11-22T10:18:40","slug":"el-futuro-de-mexico","status":"publish","type":"post","link":"https:\/\/www.diarioimagen.net\/?p=602300","title":{"rendered":"El futuro de M\u00e9xico"},"content":{"rendered":"<h2>De pe a pa<\/h2>\n<h5>Alberto Vieyra G.<\/h5>\n<p>&nbsp;<\/p>\n<p>Los mexicanos estamos desde este lunes a merced de un repugnante choro mareador que se prolongar\u00e1 durante 6 meses y medio, hasta que llegue el primer domingo de junio para elegir a m\u00e1s de 20 mil z\u00e1nganos que se disputar\u00e1n rabiosamente nuestros dineros p\u00fablicos en la elecci\u00f3n m\u00e1s gigantesca de la naci\u00f3n azteca.<\/p>\n<p>Pero de esos 20 mil chapulines oportunistas que s\u00f3lo viven de nuestros impuestos, s\u00f3lo 629 cargos son los que marcar\u00e1n el futuro de los mexicanos para bien o para mal. Depender\u00e1 de que nuestro voto sea razonado con la cabeza y no con los pies.<\/p>\n<p>Los cargos que realmente nos deben quitar el sue\u00f1o son: En primer\u00edsimo lugar la Presidencia de la Rep\u00fablica, evitando que caigamos en un maximato en el que siga mandando el que vivir\u00e1 en un rancho de Palenque con un nombre horrible; los 500 diputados federales y 128 senadores de la Rep\u00fablica que ser\u00e1n los que aprobar\u00e1n leyes para favorecer al mes\u00edas tropical o para favorecer al pueblo de M\u00e9xico.<\/p>\n<p>S\u00ed, ya comenz\u00f3 la temporada del atolito con el dedo. La clase pol\u00edtica, en su gran mayor\u00eda integrantes de poderosas familias de la oligarqu\u00eda pol\u00edtica y econ\u00f3mica, buscar\u00e1 con su choro mareador bajarnos el sol, la luna, Marte y toda una constelaci\u00f3n de estrellas en pleno d\u00eda, asegur\u00e1ndonos que tienen las claves para acabar con la miseria que no ha podido cambiar este r\u00e9gimen como la carnicer\u00eda a manos del crimen organizado, el desastre de salud p\u00fablica, la imparable desaparici\u00f3n de compatriotas, la infame e inhumana pol\u00edtica migratoria y muchos profundizar\u00e1n en el c\u00famulo de mentiras que nos ha echado el presente r\u00e9gimen y que suman m\u00e1s de 104 mil.<\/p>\n<p>Esa clase pol\u00edtica, que a leguas se ve que tiene hambre y hartas ganas de comer, se presentar\u00e1 ante nosotros pel\u00e1ndonos la mazorca, s\u00ed, riendo a mand\u00edbula batiente, habl\u00e1ndonos de t\u00fa como si fu\u00e9semos iguales, ultrajando nuestra dignidad con una gorra, una torta, etc\u00e9tera; pregunt\u00e1ndonos por la suegra, mam\u00e1, pap\u00e1 y hasta por el perro, el gato y todos identificados con su nombre, pero, ojo, mucho ojo tenemos m\u00e1s de 6 meses para analizar todo el lodo que nos echar\u00e1n en spots televisivos y radiof\u00f3nicos para votar conscientemente y no dejarnos influir porque fulanito o sultanita hablan igualito que sutanito o perenganita. Tenemos 6 meses de an\u00e1lisis para no regar el tepache en la elecci\u00f3n presidencial del a\u00f1o que viene.<\/p>\n<p>En nuestras manos, nuestras mentes y nuestros corazones est\u00e1 el futuro de M\u00e9xico. As\u00ed que tenemos que votar como gente grande, incluyendo los poco m\u00e1s de 6 millones de compatriotas que votar\u00e1n por primera vez y todos aquellos que han sido ultrajados en su dignidad por un r\u00e9gimen que lleg\u00f3 a dividir y enfrentar a los mexicanos. Es hora de la concordia y la reconciliaci\u00f3n nacional. En las pr\u00f3ximas elecciones tenemos que demostrar si somos solidarios o somos solitarios.<\/p>\n<p><em><a href=\"mailto:info@agenciamn.com\" target=\"_blank\" rel=\"noopener noreferrer\">info@agenciamn.com<\/a><\/em><\/p>\n","protected":false},"excerpt":{"rendered":"<p><span style=\"color: #005497;\"><strong>Alberto Vieyra G.<\/strong><\/span><\/p>\n","protected":false},"author":3,"featured_media":0,"comment_status":"open","ping_status":"open","sticky":false,"template":"","format":"standard","meta":{"_monsterinsights_skip_tracking":false,"_monsterinsights_sitenote_active":false,"_monsterinsights_sitenote_note":"","_monsterinsights_sitenote_category":0,"footnotes":""},"categories":[4596],"tags":[98928,43674],"class_list":["post-602300","post","type-post","status-publish","format-standard","hentry","category-alberto-vieyra-g","tag-de-pe-a-pa-alberto-vieyra-g","tag-opinion"],"_links":{"self":[{"href":"https:\/\/www.diarioimagen.net\/index.php?rest_route=\/wp\/v2\/posts\/602300","targetHints":{"allow":["GET"]}}],"collection":[{"href":"https:\/\/www.diarioimagen.net\/index.php?rest_route=\/wp\/v2\/posts"}],"about":[{"href":"https:\/\/www.diarioimagen.net\/index.php?rest_route=\/wp\/v2\/types\/post"}],"author":[{"embeddable":true,"href":"https:\/\/www.diarioimagen.net\/index.php?rest_route=\/wp\/v2\/users\/3"}],"replies":[{"embeddable":true,"href":"https:\/\/www.diarioimagen.net\/index.php?rest_route=%2Fwp%2Fv2%2Fcomments&post=602300"}],"version-history":[{"count":0,"href":"https:\/\/www.diarioimagen.net\/index.php?rest_route=\/wp\/v2\/posts\/602300\/revisions"}],"wp:attachment":[{"href":"https:\/\/www.diarioimagen.net\/index.php?rest_route=%2Fwp%2Fv2%2Fmedia&parent=602300"}],"wp:term":[{"taxonomy":"category","embeddable":true,"href":"https:\/\/www.diarioimagen.net\/index.php?rest_route=%2Fwp%2Fv2%2Fcategories&post=602300"},{"taxonomy":"post_tag","embeddable":true,"href":"https:\/\/www.diarioimagen.net\/index.php?rest_route=%2Fwp%2Fv2%2Ftags&post=602300"}],"curies":[{"name":"wp","href":"https:\/\/api.w.org\/{rel}","templated":true}]}}