{"id":602362,"date":"2023-11-23T00:02:30","date_gmt":"2023-11-23T06:02:30","guid":{"rendered":"https:\/\/www.diarioimagen.net\/?p=602362"},"modified":"2023-11-23T01:31:40","modified_gmt":"2023-11-23T07:31:40","slug":"zully-martinez-recibe-apoyo-para-ir-por-candidatura-de-morena-en-tlalnepantla","status":"publish","type":"post","link":"https:\/\/www.diarioimagen.net\/?p=602362","title":{"rendered":"Zully Mart\u00ednez recibe apoyo para ir por candidatura de Morena en Tlalnepantla"},"content":{"rendered":"<p>&nbsp;<\/p>\n<ul>\n<li><em><strong>Se suman varios sectores<\/strong><\/em><\/li>\n<\/ul>\n<p>&nbsp;<\/p>\n<div id=\"attachment_602418\" style=\"width: 470px\" class=\"wp-caption aligncenter\"><a href=\"https:\/\/www.diarioimagen.net\/?attachment_id=602418\" rel=\"attachment wp-att-602418\"><img loading=\"lazy\" decoding=\"async\" aria-describedby=\"caption-attachment-602418\" class=\"size-full wp-image-602418\" src=\"https:\/\/www.diarioimagen.net\/wp-content\/uploads\/2023\/11\/zully-martinez.jpg\" alt=\"\" width=\"460\" height=\"270\" \/><\/a><p id=\"caption-attachment-602418\" class=\"wp-caption-text\">Zully Mart\u00ednez agradeci\u00f3 las muestras de apoyo de diversos sectores, ante quienes se comprometi\u00f3 a seguir impulsando y empoderando a no s\u00f3lo a la iniciativa privada, sino a todos los tlalnepantlenses.<\/p><\/div>\n<p>&nbsp;<\/p>\n<p><strong>Tlalnepantla, Estado de M\u00e9xico.\u2014<\/strong> Diversos sectores y liderazgos de esta localidad, expresaron su apoyo y respaldo a Zully Mart\u00ednez, para que se registre, en tiempo y forma, como aspirante a coordinar los Comit\u00e9s de Defensa de la 4T en este municipio.<\/p>\n<p>\u201cZully tiene el trabajo y la trayectoria necesaria para que, en primera instancia, convertirse en coordinadora de Morena y luego en presidenta municipal de Tlalnepantla, para devolver la tranquilidad y justicia social que se le ha negado a los tlalnepantlenses,\u201d, coincidieron delegados y Copacis.<\/p>\n<p>Antes y en una reuni\u00f3n con empresarios mexiquenses, Zully Mart\u00ednez, agradeci\u00f3 el apoyo solidario de ese importante sector, ante quienes se comprometi\u00f3 a seguir impulsando y empoderando a no s\u00f3lo a la iniciativa privada, sino a todos los tlalnepantlenses.<\/p>\n<p>Zully Mart\u00ednez reiter\u00f3 que dar\u00e1 continuidad al proyecto del presidente Andr\u00e9s Manuel L\u00f3pez Obrador y desde luego al de la doctora Claudia Sheinbaum, pues, dijo, va a caminar en unidad y jam\u00e1s traicionar\u00e1 el anhelo del pueblo. \u201cClaudia Sheinbaum Pardo, construir\u00e1 el segundo piso de la Cuarta Transformaci\u00f3n y buscar\u00e1 ganar la mayor\u00eda en el Congreso para promover las reformas que requiere nuestro pa\u00eds\u201d, dijo.<\/p>\n<p>Finalmente, la fuerte aspirante a la alcald\u00eda de Tlalnepantla, destac\u00f3 que \u201cseguir\u00e9 luchando para evitar la desigualdad, el empoderamiento de la sociedad, la seguridad, salud, entre otros, y en ello, no daremos ni un paso atr\u00e1s \u201c, concluy\u00f3.<\/p>\n","protected":false},"excerpt":{"rendered":"<p>Diversos sectores y liderazgos de esta localidad, expresaron su apoyo y respaldo a Zully Mart\u00ednez, para que se registre, en tiempo y forma, como aspirante a coordinar los Comit\u00e9s de Defensa de la 4T en este municipio.<\/p>\n","protected":false},"author":3,"featured_media":602418,"comment_status":"open","ping_status":"open","sticky":false,"template":"","format":"standard","meta":{"_monsterinsights_skip_tracking":false,"_monsterinsights_sitenote_active":false,"_monsterinsights_sitenote_note":"","_monsterinsights_sitenote_category":0,"footnotes":""},"categories":[5],"tags":[86824,43675,169],"class_list":["post-602362","post","type-post","status-publish","format-standard","has-post-thumbnail","hentry","category-estado-de-mexico","tag-4t","tag-estado-de-mexico","tag-tlalnepantla"],"_links":{"self":[{"href":"https:\/\/www.diarioimagen.net\/index.php?rest_route=\/wp\/v2\/posts\/602362","targetHints":{"allow":["GET"]}}],"collection":[{"href":"https:\/\/www.diarioimagen.net\/index.php?rest_route=\/wp\/v2\/posts"}],"about":[{"href":"https:\/\/www.diarioimagen.net\/index.php?rest_route=\/wp\/v2\/types\/post"}],"author":[{"embeddable":true,"href":"https:\/\/www.diarioimagen.net\/index.php?rest_route=\/wp\/v2\/users\/3"}],"replies":[{"embeddable":true,"href":"https:\/\/www.diarioimagen.net\/index.php?rest_route=%2Fwp%2Fv2%2Fcomments&post=602362"}],"version-history":[{"count":0,"href":"https:\/\/www.diarioimagen.net\/index.php?rest_route=\/wp\/v2\/posts\/602362\/revisions"}],"wp:featuredmedia":[{"embeddable":true,"href":"https:\/\/www.diarioimagen.net\/index.php?rest_route=\/wp\/v2\/media\/602418"}],"wp:attachment":[{"href":"https:\/\/www.diarioimagen.net\/index.php?rest_route=%2Fwp%2Fv2%2Fmedia&parent=602362"}],"wp:term":[{"taxonomy":"category","embeddable":true,"href":"https:\/\/www.diarioimagen.net\/index.php?rest_route=%2Fwp%2Fv2%2Fcategories&post=602362"},{"taxonomy":"post_tag","embeddable":true,"href":"https:\/\/www.diarioimagen.net\/index.php?rest_route=%2Fwp%2Fv2%2Ftags&post=602362"}],"curies":[{"name":"wp","href":"https:\/\/api.w.org\/{rel}","templated":true}]}}