{"id":602491,"date":"2023-11-24T00:01:39","date_gmt":"2023-11-24T06:01:39","guid":{"rendered":"https:\/\/www.diarioimagen.net\/?p=602491"},"modified":"2023-11-26T18:55:41","modified_gmt":"2023-11-27T00:55:41","slug":"pjcdmx-comprometido-con-la-perspectiva-de-genero-en-sus-resoluciones","status":"publish","type":"post","link":"https:\/\/www.diarioimagen.net\/?p=602491","title":{"rendered":"PJCDMX, comprometido con la perspectiva de g\u00e9nero en sus resoluciones"},"content":{"rendered":"<p>&nbsp;<\/p>\n<ul>\n<li><strong><em>As\u00ed lo se\u00f1al\u00f3 la consejera de la Judicatura de la Ciudad de M\u00e9xico, Emma Campos Burgos, a nombre del presidente del \u00f3rgano judicial, mag. Rafael Guerra \u00c1lvarez, en el inicio de la Feria de Derechos Humanos y G\u00e9nero de la instituci\u00f3n<\/em><\/strong><\/li>\n<\/ul>\n<p>&nbsp;<\/p>\n<div id=\"attachment_602585\" style=\"width: 470px\" class=\"wp-caption aligncenter\"><a href=\"https:\/\/www.diarioimagen.net\/?attachment_id=602585\" rel=\"attachment wp-att-602585\"><img loading=\"lazy\" decoding=\"async\" aria-describedby=\"caption-attachment-602585\" class=\"wp-image-602585 size-full\" src=\"https:\/\/www.diarioimagen.net\/wp-content\/uploads\/2023\/11\/tribunal-9.jpg\" alt=\"\" width=\"460\" height=\"307\" \/><\/a><p id=\"caption-attachment-602585\" class=\"wp-caption-text\">Emma Campos Burgos, consejera de la Judicatura de la Ciudad de M\u00e9xico, dijo que la aplicaci\u00f3n de la perspectiva de g\u00e9nero en las resoluciones es en atenci\u00f3n a las situaciones de desigualdad en el acceso a la justicia.<\/p><\/div>\n<p>&nbsp;<\/p>\n<p>El Poder Judicial de la Ciudad de M\u00e9xico adopt\u00f3 un sistema de justicia comprometido con la aplicaci\u00f3n de la perspectiva de g\u00e9nero en sus determinaciones judiciales, como parte de su labor cotidiana, afirm\u00f3 la consejera de la Judicatura de la Ciudad de M\u00e9xico, Emma Campos Burgos, quien con la representaci\u00f3n del presidente del \u00f3rgano judicial capitalino, magistrado Rafael Guerra \u00c1lvarez, encabez\u00f3 el inicio de la Feria de Derechos Humanos y G\u00e9nero.<\/p>\n<p>En el acto, la titular de la Secretar\u00eda de las Mujeres del Gobierno de la Ciudad de M\u00e9xico, Ingrid G\u00f3mez Sarac\u00edbar, subray\u00f3 que el magistrado Guerra \u00c1lvarez es un aliado entusiasta de las causas de derechos humanos y de igualdad de g\u00e9nero, con la administraci\u00f3n que encabeza el jefe de Gobierno, Mart\u00ed Batres Guadarrama.<\/p>\n<p>Campos Burgos, por su parte, dijo que la aplicaci\u00f3n de la perspectiva de g\u00e9nero en las resoluciones es en atenci\u00f3n a las situaciones de desigualdad en el acceso a la justicia, y en virtud de los contextos y barreras que viven las mujeres en el pa\u00eds.<\/p>\n<p>Enfatiz\u00f3 que es fundamental aplicar un enfoque basado en los derechos humanos y centrar la atenci\u00f3n en los grupos prioritarios, al enfatizar que la lucha por la desigualdad \u201cnos incluye a todas las personas\u201d, y en la cual \u201cno debemos dejar a nadie atr\u00e1s.<\/p>\n<p>Al referirse a la feria, que se realiza adem\u00e1s en el marco del 75 aniversario de la Declaraci\u00f3n Universal de los derechos humanos, Campos Burgos record\u00f3 que a\u00f1o con a\u00f1o en el PJCDMX se pone en marcha un calendario de actividades destinadas a la difusi\u00f3n, capacitaci\u00f3n y sensibilizaci\u00f3n sobre la tem\u00e1tica de los derechos humanos, la perspectiva de g\u00e9nero, los derechos de las personas con discapacidad, de las mujeres, y de ni\u00f1as, ni\u00f1os y adolescentes.<\/p>\n<p>\u201cComo parte de ese calendario se realiza esta feria, que se desarrollar\u00e1 del d\u00eda 22 de noviembre al 1 de diciembre de la presente anualidad, en la que, adem\u00e1s de contar con stands informativos y de servicios de distintas dependencias y autoridades, se llevar\u00e1n a cabo conferencias, pl\u00e1ticas y mesas de di\u00e1logo, as\u00ed como diversas actividades culturales\u201d, destac\u00f3.<\/p>\n<p>Con la presencia de la directora de Admisibilidad, Orientaci\u00f3n e Informaci\u00f3n del Consejo Nacional para Prevenir la Discriminaci\u00f3n, Elizabeth \u00c1vila Aguilar, la secretaria G\u00f3mez Sarac\u00edbar tambi\u00e9n se\u00f1al\u00f3 que son los jueces del PJCDMX quienes dictan las \u00f3rdenes de protecci\u00f3n a favor de las mujeres v\u00edctimas de violencia, que se tramitan desde los centros de justicia para las mujeres y desde la dependencia a su cargo.<\/p>\n<p>Subray\u00f3 ese papel de los impartidores de justicia, y consider\u00f3 que esto tiene que ver con un cambio estructural en el que se pone de relieve las desigualdades y violencias. \u201cCuando hacemos los escritos, las y los jueces s\u00ed se ponen los lentes violetas y s\u00ed miran las diferencias y los riesgos, que puede haber\u201d, mencion\u00f3.<\/p>\n<p>Adem\u00e1s de un recorrido por los stands tras el acto inaugural, personal del PJCDMX form\u00f3 un mo\u00f1o humano color naranja en la explanada del edificio sede de la feria. Durante 11 d\u00edas, en la sede del PJCDMX de Ni\u00f1os H\u00e9roes 132, se llevar\u00e1n a cabo diversas actividades, entre conferencias magistrales, difusi\u00f3n de videos, prontuarios y actividades art\u00edsticas con temas alusivos a la defensa de los derechos humanos.<\/p>\n","protected":false},"excerpt":{"rendered":"<p>El Poder Judicial de la Ciudad de M\u00e9xico adopt\u00f3 un sistema de justicia comprometido con la aplicaci\u00f3n de la perspectiva de g\u00e9nero en sus determinaciones judiciales, como parte de su labor cotidiana, afirm\u00f3 la consejera de la Judicatura de la Ciudad de M\u00e9xico, Emma Campos Burgos, quien con la representaci\u00f3n del presidente del \u00f3rgano judicial capitalino, magistrado Rafael Guerra \u00c1lvarez, encabez\u00f3 el inicio de la Feria de Derechos Humanos y G\u00e9nero.<\/p>\n","protected":false},"author":3,"featured_media":602585,"comment_status":"open","ping_status":"open","sticky":false,"template":"","format":"standard","meta":{"_monsterinsights_skip_tracking":false,"_monsterinsights_sitenote_active":false,"_monsterinsights_sitenote_note":"","_monsterinsights_sitenote_category":0,"footnotes":""},"categories":[6],"tags":[25269,79710,87379],"class_list":["post-602491","post","type-post","status-publish","format-standard","has-post-thumbnail","hentry","category-cd-de-mexico","tag-genero","tag-perspectiva","tag-pjcdmx"],"_links":{"self":[{"href":"https:\/\/www.diarioimagen.net\/index.php?rest_route=\/wp\/v2\/posts\/602491","targetHints":{"allow":["GET"]}}],"collection":[{"href":"https:\/\/www.diarioimagen.net\/index.php?rest_route=\/wp\/v2\/posts"}],"about":[{"href":"https:\/\/www.diarioimagen.net\/index.php?rest_route=\/wp\/v2\/types\/post"}],"author":[{"embeddable":true,"href":"https:\/\/www.diarioimagen.net\/index.php?rest_route=\/wp\/v2\/users\/3"}],"replies":[{"embeddable":true,"href":"https:\/\/www.diarioimagen.net\/index.php?rest_route=%2Fwp%2Fv2%2Fcomments&post=602491"}],"version-history":[{"count":0,"href":"https:\/\/www.diarioimagen.net\/index.php?rest_route=\/wp\/v2\/posts\/602491\/revisions"}],"wp:featuredmedia":[{"embeddable":true,"href":"https:\/\/www.diarioimagen.net\/index.php?rest_route=\/wp\/v2\/media\/602585"}],"wp:attachment":[{"href":"https:\/\/www.diarioimagen.net\/index.php?rest_route=%2Fwp%2Fv2%2Fmedia&parent=602491"}],"wp:term":[{"taxonomy":"category","embeddable":true,"href":"https:\/\/www.diarioimagen.net\/index.php?rest_route=%2Fwp%2Fv2%2Fcategories&post=602491"},{"taxonomy":"post_tag","embeddable":true,"href":"https:\/\/www.diarioimagen.net\/index.php?rest_route=%2Fwp%2Fv2%2Ftags&post=602491"}],"curies":[{"name":"wp","href":"https:\/\/api.w.org\/{rel}","templated":true}]}}