{"id":602500,"date":"2023-11-24T00:01:21","date_gmt":"2023-11-24T06:01:21","guid":{"rendered":"https:\/\/www.diarioimagen.net\/?p=602500"},"modified":"2023-11-24T02:00:09","modified_gmt":"2023-11-24T08:00:09","slug":"claudia-sheinbaum-y-mexico-ganaran-en-el-2024-afirman-maribel-soto-y-luis-montano","status":"publish","type":"post","link":"https:\/\/www.diarioimagen.net\/?p=602500","title":{"rendered":"Claudia Sheinbaum y M\u00e9xico ganar\u00e1n en el 2024, afirman Maribel Soto y Luis Monta\u00f1o"},"content":{"rendered":"<p>&nbsp;<\/p>\n<ul>\n<li><strong><em>Aspirantes a cargos de elecci\u00f3n popular<\/em> <\/strong><\/li>\n<\/ul>\n<p><strong>\u00a0<\/strong><\/p>\n<h6>Arturo Baena<\/h6>\n<p>&nbsp;<\/p>\n<div id=\"attachment_602609\" style=\"width: 470px\" class=\"wp-caption aligncenter\"><a href=\"https:\/\/www.diarioimagen.net\/?attachment_id=602609\" rel=\"attachment wp-att-602609\"><img loading=\"lazy\" decoding=\"async\" aria-describedby=\"caption-attachment-602609\" class=\"size-full wp-image-602609\" src=\"https:\/\/www.diarioimagen.net\/wp-content\/uploads\/2023\/11\/claudia-sheinbaum-1.jpg\" alt=\"\" width=\"460\" height=\"270\" \/><\/a><p id=\"caption-attachment-602609\" class=\"wp-caption-text\">Maribel Soto y Luis Monta\u00f1o, aspirantes a la alcald\u00eda de Tlalnepantla y al Senado, respectivamente, por Morena, durante un encuentro con liderazgos de Tlalnepantla.<\/p><\/div>\n<p>&nbsp;<\/p>\n<p><strong>Tlalnepantla, Estado de M\u00e9xico.\u2014<\/strong> Vamos a seguir trabajando e impulsando el gobierno que hoy encabeza la gobernadora Delfina G\u00f3mez \u00c1lvarez. El cambio lleg\u00f3 para beneficio de todas y todos los mexiquenses que son el coraz\u00f3n no s\u00f3lo del Estado de M\u00e9xico, sino del pa\u00eds.<\/p>\n<p>Coincidieron en se\u00f1alar lo anterior, Maribel Soto y Luis Monta\u00f1o, aspirantes a la alcald\u00eda de Tlalnepantla y al Senado de la Rep\u00fablica, respectivamente, por el Movimiento de Regeneraci\u00f3n Nacional (Morena) durante un encuentro con liderazgos de esta localidad.<\/p>\n<p>Ah\u00ed, los operadores pol\u00edticos, C\u00e9sar Pi\u00f1a y Antonio Huerta, destacaron que \u201cMaribel Soto y Luis Monta\u00f1o, sabr\u00e1n responder y dar la cara a la sociedad que demanda resultados y no falsas promesas. Hoy habr\u00e1 verdaderas acciones en favor de las y los mexiquenses\u201d, dijeron.<\/p>\n<p>En ese sentido, el aspirante a un esca\u00f1o en el Senado, puntualiz\u00f3 que sin duda alguna caminaremos para que haya un mejor futuro en Tlalnepantla y retomar el rumbo de ese municipio pues con Maribel Soto, ganar\u00e1 la ciudadan\u00eda que aqu\u00ed habita\u201d, dijo Monta\u00f1o.<\/p>\n<p>Por su parte, Maribel Soto, fue tajante al se\u00f1alar que \u201cseguiremos trabajando de la mano de la gobernadora Delfina G\u00f3mez, de la doctora Claudia Sheinbaum, de la Cuarta Transformaci\u00f3n, de los tlalnepantlenses y por el pueblo de M\u00e9xico\u201d, reiter\u00f3.<\/p>\n<p>Finalmente, los aspirantes a un cargo de elecci\u00f3n popular, manifestaron que \u201cen los procesos del 2024, ganar\u00e1 Morena y el pueblo de M\u00e9xico, con Claudia Sheinbaum en la presidencia\u201d, concluyeron.<\/p>\n","protected":false},"excerpt":{"rendered":"<p>Vamos a seguir trabajando e impulsando el gobierno que hoy encabeza la gobernadora Delfina G\u00f3mez \u00c1lvarez. El cambio lleg\u00f3 para beneficio de todas y todos los mexiquenses que son el coraz\u00f3n no s\u00f3lo del Estado de M\u00e9xico, sino del pa\u00eds.<\/p>\n","protected":false},"author":3,"featured_media":602609,"comment_status":"open","ping_status":"open","sticky":false,"template":"","format":"standard","meta":{"_monsterinsights_skip_tracking":false,"_monsterinsights_sitenote_active":false,"_monsterinsights_sitenote_note":"","_monsterinsights_sitenote_category":0,"footnotes":""},"categories":[5],"tags":[33741,57859,43675,169],"class_list":["post-602500","post","type-post","status-publish","format-standard","has-post-thumbnail","hentry","category-estado-de-mexico","tag-cambio","tag-delfina-gomez-alvarez","tag-estado-de-mexico","tag-tlalnepantla"],"_links":{"self":[{"href":"https:\/\/www.diarioimagen.net\/index.php?rest_route=\/wp\/v2\/posts\/602500","targetHints":{"allow":["GET"]}}],"collection":[{"href":"https:\/\/www.diarioimagen.net\/index.php?rest_route=\/wp\/v2\/posts"}],"about":[{"href":"https:\/\/www.diarioimagen.net\/index.php?rest_route=\/wp\/v2\/types\/post"}],"author":[{"embeddable":true,"href":"https:\/\/www.diarioimagen.net\/index.php?rest_route=\/wp\/v2\/users\/3"}],"replies":[{"embeddable":true,"href":"https:\/\/www.diarioimagen.net\/index.php?rest_route=%2Fwp%2Fv2%2Fcomments&post=602500"}],"version-history":[{"count":0,"href":"https:\/\/www.diarioimagen.net\/index.php?rest_route=\/wp\/v2\/posts\/602500\/revisions"}],"wp:featuredmedia":[{"embeddable":true,"href":"https:\/\/www.diarioimagen.net\/index.php?rest_route=\/wp\/v2\/media\/602609"}],"wp:attachment":[{"href":"https:\/\/www.diarioimagen.net\/index.php?rest_route=%2Fwp%2Fv2%2Fmedia&parent=602500"}],"wp:term":[{"taxonomy":"category","embeddable":true,"href":"https:\/\/www.diarioimagen.net\/index.php?rest_route=%2Fwp%2Fv2%2Fcategories&post=602500"},{"taxonomy":"post_tag","embeddable":true,"href":"https:\/\/www.diarioimagen.net\/index.php?rest_route=%2Fwp%2Fv2%2Ftags&post=602500"}],"curies":[{"name":"wp","href":"https:\/\/api.w.org\/{rel}","templated":true}]}}