{"id":602504,"date":"2023-11-24T00:03:03","date_gmt":"2023-11-24T06:03:03","guid":{"rendered":"https:\/\/www.diarioimagen.net\/?p=602504"},"modified":"2023-11-24T02:01:18","modified_gmt":"2023-11-24T08:01:18","slug":"el-prd-construye-para-el-futuro-asegura-el-diputado-omar-ortega","status":"publish","type":"post","link":"https:\/\/www.diarioimagen.net\/?p=602504","title":{"rendered":"El PRD construye para el futuro, asegura el diputado Omar Ortega"},"content":{"rendered":"<p>&nbsp;<\/p>\n<ul>\n<li><em><strong>\u201cTiempos de definici\u00f3n\u201d<\/strong><\/em><\/li>\n<\/ul>\n<p>&nbsp;<\/p>\n<div id=\"attachment_602613\" style=\"width: 470px\" class=\"wp-caption aligncenter\"><a href=\"https:\/\/www.diarioimagen.net\/?attachment_id=602613\" rel=\"attachment wp-att-602613\"><img loading=\"lazy\" decoding=\"async\" aria-describedby=\"caption-attachment-602613\" class=\"size-full wp-image-602613\" src=\"https:\/\/www.diarioimagen.net\/wp-content\/uploads\/2023\/11\/prd-construye.jpg\" alt=\"\" width=\"460\" height=\"270\" \/><\/a><p id=\"caption-attachment-602613\" class=\"wp-caption-text\">El diputado Omar Ortega afirma que al partido del sol azteca, en el Edomex, lo hace su militancia.<\/p><\/div>\n<p>&nbsp;<\/p>\n<p><strong>Valle de M\u00e9xico.\u2014<\/strong> Al PRD lo hace su militancia, la que lucha por las causas que le interesan a la gente y quienes d\u00eda a d\u00eda trabajan por un mejor entorno, muchos nombres han pasado por este partido y muchos m\u00e1s llegan cada d\u00eda, por una sencilla raz\u00f3n, el sol azteca es el \u00fanico partido de izquierda en este pa\u00eds.<\/p>\n<p>Afirm\u00f3 lo anterior Omar Ortega, coordinador de ese instituto pol\u00edtico en el Congreso mexiquense, luego de destacar que \u201cson tiempos de definici\u00f3n frente a la elecci\u00f3n m\u00e1s grande de la historia y entendemos que cada quien se define de acuerdo a su visi\u00f3n, posibilidades y objetivos. Queda claro que en este momento los intereses de la diputada Elida Castel\u00e1n no convergen con la izquierda\u201d, dijo.<\/p>\n<p>Al mismo tiempo, reconoci\u00f3 a los cuadros perredistas del sur del Estado de M\u00e9xico, que se mantienen firmes y que han manifestado su inter\u00e9s en seguir sumando a favor del sol azteca.<\/p>\n<p>Finalmente, Omar Ortega puntualiz\u00f3 que \u201cpor nuestra parte seguiremos avanzando y sumando voluntades a lo largo de todo el territorio, con la convicci\u00f3n de fortalecer y reafirmar la fuerza del sol en tierras mexiquenses, con la seguridad de que seremos protagonistas en el 2024\u201d, reiter\u00f3.<\/p>\n","protected":false},"excerpt":{"rendered":"<p>Al PRD lo hace su militancia, la que lucha por las causas que le interesan a la gente y quienes d\u00eda a d\u00eda trabajan por un mejor entorno, muchos nombres han pasado por este partido y muchos m\u00e1s llegan cada d\u00eda, por una sencilla raz\u00f3n, el sol azteca es el \u00fanico partido de izquierda en este pa\u00eds.<\/p>\n","protected":false},"author":3,"featured_media":602613,"comment_status":"open","ping_status":"open","sticky":false,"template":"","format":"standard","meta":{"_monsterinsights_skip_tracking":false,"_monsterinsights_sitenote_active":false,"_monsterinsights_sitenote_note":"","_monsterinsights_sitenote_category":0,"footnotes":""},"categories":[5],"tags":[406,211,34],"class_list":["post-602504","post","type-post","status-publish","format-standard","has-post-thumbnail","hentry","category-estado-de-mexico","tag-congreso","tag-prd","tag-valle-de-mexico"],"_links":{"self":[{"href":"https:\/\/www.diarioimagen.net\/index.php?rest_route=\/wp\/v2\/posts\/602504","targetHints":{"allow":["GET"]}}],"collection":[{"href":"https:\/\/www.diarioimagen.net\/index.php?rest_route=\/wp\/v2\/posts"}],"about":[{"href":"https:\/\/www.diarioimagen.net\/index.php?rest_route=\/wp\/v2\/types\/post"}],"author":[{"embeddable":true,"href":"https:\/\/www.diarioimagen.net\/index.php?rest_route=\/wp\/v2\/users\/3"}],"replies":[{"embeddable":true,"href":"https:\/\/www.diarioimagen.net\/index.php?rest_route=%2Fwp%2Fv2%2Fcomments&post=602504"}],"version-history":[{"count":0,"href":"https:\/\/www.diarioimagen.net\/index.php?rest_route=\/wp\/v2\/posts\/602504\/revisions"}],"wp:featuredmedia":[{"embeddable":true,"href":"https:\/\/www.diarioimagen.net\/index.php?rest_route=\/wp\/v2\/media\/602613"}],"wp:attachment":[{"href":"https:\/\/www.diarioimagen.net\/index.php?rest_route=%2Fwp%2Fv2%2Fmedia&parent=602504"}],"wp:term":[{"taxonomy":"category","embeddable":true,"href":"https:\/\/www.diarioimagen.net\/index.php?rest_route=%2Fwp%2Fv2%2Fcategories&post=602504"},{"taxonomy":"post_tag","embeddable":true,"href":"https:\/\/www.diarioimagen.net\/index.php?rest_route=%2Fwp%2Fv2%2Ftags&post=602504"}],"curies":[{"name":"wp","href":"https:\/\/api.w.org\/{rel}","templated":true}]}}