{"id":602665,"date":"2023-11-27T00:02:24","date_gmt":"2023-11-27T06:02:24","guid":{"rendered":"https:\/\/www.diarioimagen.net\/?p=602665"},"modified":"2023-11-27T01:29:45","modified_gmt":"2023-11-27T07:29:45","slug":"sheinbaum-es-una-garantia-para-el-pueblo-de-mexico-ulises-murguia","status":"publish","type":"post","link":"https:\/\/www.diarioimagen.net\/?p=602665","title":{"rendered":"Sheinbaum es una garant\u00eda para el pueblo de M\u00e9xico: Ulises Murgu\u00eda"},"content":{"rendered":"<p>&nbsp;<\/p>\n<ul>\n<li><em><strong>\u201cCerrar\u00e1 el paso a la desigualdad\u201d<\/strong><\/em><\/li>\n<\/ul>\n<p><strong>\u00a0<\/strong><\/p>\n<h6>Arturo Baena<\/h6>\n<p>&nbsp;<\/p>\n<div id=\"attachment_602758\" style=\"width: 470px\" class=\"wp-caption aligncenter\"><a href=\"https:\/\/www.diarioimagen.net\/?attachment_id=602758\" rel=\"attachment wp-att-602758\"><img loading=\"lazy\" decoding=\"async\" aria-describedby=\"caption-attachment-602758\" class=\"size-full wp-image-602758\" src=\"https:\/\/www.diarioimagen.net\/wp-content\/uploads\/2023\/11\/sheinbaum-es-garantia.jpg\" alt=\"\" width=\"460\" height=\"270\" \/><\/a><p id=\"caption-attachment-602758\" class=\"wp-caption-text\">El empresario Ulises Murgu\u00eda Soto afirm\u00f3 que \u201cya quedaron atr\u00e1s los gobiernos corruptos que, desde el poder, llevaron a nuestro pa\u00eds al retroceso.<\/p><\/div>\n<p>&nbsp;<\/p>\n<p><strong>Valle de M\u00e9xico.\u2014<\/strong> Todos y cada uno de los municipios que conforman el Estado de M\u00e9xico seguiremos impulsando el proyecto de la doctora Claudia Sheinbaum, que desde la Presidencia de la Rep\u00fablica, cerrar\u00e1 el paso a la desigualdad en beneficio del pueblo de M\u00e9xico.<\/p>\n<p>As\u00ed lo asegur\u00f3 en entrevista el empresario mexiquense Ulises Murgu\u00eda Soto, luego de afirmar que \u201cya quedaron atr\u00e1s los gobiernos corruptos que, desde el poder, llevaron a nuestro pa\u00eds al retroceso. Hoy, todos los sectores de la sociedad tienen claro que Morena es la mejor opci\u00f3n con la que se cuenta para seguir en el camino correcto\u201d, dijo. El tambi\u00e9n ex diputado federal record\u00f3 que con Claudia Sheinbaum \u201cno regresar\u00e1n los lujos y privilegios de los gobernantes y sin dudarlo, la doctora contar\u00e1 con un gabinete inteligente y con amplia trayectoria en la administraci\u00f3n p\u00fablica que le permitir\u00e1n concretar buenas acciones de gobierno.<\/p>\n<p>Murguia Soto destac\u00f3 que desde la Presidencia de M\u00e9xico, \u201cla doctora Sheinbaum habr\u00e1 de mantener y fortalecer los programas sociales; as\u00ed como hacer universales las becas del bienestar, para estudiantes de escuela p\u00fablica tal y como se hizo en la Ciudad de M\u00e9xico\u201d.<\/p>\n<p>El pol\u00edtico mexiquense abund\u00f3 que \u201cel proyecto de naci\u00f3n de quien ser\u00e1 la primera mujer presidenta de M\u00e9xico es claro y con luz propia, habr\u00e1 de tener, reitero, un gabinete con gran capacidad y experiencia en la administraci\u00f3n p\u00fablica, pues ser\u00e1n ellas y ellos quienes le apoyar\u00e1n en sus grandes proyectos de naci\u00f3n\u201d.<\/p>\n<p>Finalmente, el empresario expres\u00f3 que \u201cnadie debe dudar o menospreciar su capacidad y su madurez pol\u00edtica, m\u00e1s bien, se le debe de apoyar con todo y ante todos. En hora buena y bienvenida la primera mujer a uno de los cargos m\u00e1s trascendentales de los tres pa\u00edses m\u00e1s importantes de Am\u00e9rica\u201d.<\/p>\n","protected":false},"excerpt":{"rendered":"<p>Todos y cada uno de los municipios que conforman el Estado de M\u00e9xico seguiremos impulsando el proyecto de la doctora Claudia Sheinbaum, que desde la Presidencia de la Rep\u00fablica, cerrar\u00e1 el paso a la desigualdad en beneficio del pueblo de M\u00e9xico.<\/p>\n","protected":false},"author":3,"featured_media":602758,"comment_status":"open","ping_status":"open","sticky":false,"template":"","format":"standard","meta":{"_monsterinsights_skip_tracking":false,"_monsterinsights_sitenote_active":false,"_monsterinsights_sitenote_note":"","_monsterinsights_sitenote_category":0,"footnotes":""},"categories":[5],"tags":[72207,87121,34],"class_list":["post-602665","post","type-post","status-publish","format-standard","has-post-thumbnail","hentry","category-estado-de-mexico","tag-claudia-sheinbaum-pardo","tag-garantia","tag-valle-de-mexico"],"_links":{"self":[{"href":"https:\/\/www.diarioimagen.net\/index.php?rest_route=\/wp\/v2\/posts\/602665","targetHints":{"allow":["GET"]}}],"collection":[{"href":"https:\/\/www.diarioimagen.net\/index.php?rest_route=\/wp\/v2\/posts"}],"about":[{"href":"https:\/\/www.diarioimagen.net\/index.php?rest_route=\/wp\/v2\/types\/post"}],"author":[{"embeddable":true,"href":"https:\/\/www.diarioimagen.net\/index.php?rest_route=\/wp\/v2\/users\/3"}],"replies":[{"embeddable":true,"href":"https:\/\/www.diarioimagen.net\/index.php?rest_route=%2Fwp%2Fv2%2Fcomments&post=602665"}],"version-history":[{"count":0,"href":"https:\/\/www.diarioimagen.net\/index.php?rest_route=\/wp\/v2\/posts\/602665\/revisions"}],"wp:featuredmedia":[{"embeddable":true,"href":"https:\/\/www.diarioimagen.net\/index.php?rest_route=\/wp\/v2\/media\/602758"}],"wp:attachment":[{"href":"https:\/\/www.diarioimagen.net\/index.php?rest_route=%2Fwp%2Fv2%2Fmedia&parent=602665"}],"wp:term":[{"taxonomy":"category","embeddable":true,"href":"https:\/\/www.diarioimagen.net\/index.php?rest_route=%2Fwp%2Fv2%2Fcategories&post=602665"},{"taxonomy":"post_tag","embeddable":true,"href":"https:\/\/www.diarioimagen.net\/index.php?rest_route=%2Fwp%2Fv2%2Ftags&post=602665"}],"curies":[{"name":"wp","href":"https:\/\/api.w.org\/{rel}","templated":true}]}}