{"id":602669,"date":"2023-11-27T00:04:26","date_gmt":"2023-11-27T06:04:26","guid":{"rendered":"https:\/\/www.diarioimagen.net\/?p=602669"},"modified":"2023-11-27T01:28:33","modified_gmt":"2023-11-27T07:28:33","slug":"regularizacion-de-locatarios-de-41-mercados-de-naucalpan","status":"publish","type":"post","link":"https:\/\/www.diarioimagen.net\/?p=602669","title":{"rendered":"Regularizaci\u00f3n de locatarios de 41 mercados de Naucalpan"},"content":{"rendered":"<p>&nbsp;<\/p>\n<p><a href=\"https:\/\/www.diarioimagen.net\/?attachment_id=602754\" rel=\"attachment wp-att-602754\"><img loading=\"lazy\" decoding=\"async\" class=\"aligncenter size-full wp-image-602754\" src=\"https:\/\/www.diarioimagen.net\/wp-content\/uploads\/2023\/11\/regularizacion.jpg\" alt=\"\" width=\"460\" height=\"270\" \/><\/a><\/p>\n<p>&nbsp;<\/p>\n<p><strong>Naucalpan, Estado de M\u00e9xico.\u2014 <\/strong>El Ayuntamiento de esta localidad aprob\u00f3 por unanimidad efectuar una campa\u00f1a de regularizaci\u00f3n fiscal a favor de los locatarios de los 41 mercados municipales, la cual estar\u00e1 vigente hasta el pr\u00f3ximo 31 de diciembre en apoyo de los comerciantes, muchos de ellos fueron afectados por la pandemia de Covid-19.<\/p>\n<p>El acuerdo autoriza condonar el 100 por ciento de los adeudos por derechos y accesorios del ejercicio fiscal 2022 y anteriores, as\u00ed como est\u00edmulo fiscal de entre 10 y 80 por ciento en el pago de derechos para el ejercicio fiscal 2023, respecto de los metros cuadrados con los que cuente cada locatario con base en la Unidad de Medida y Actualizaci\u00f3n (UMA) vigente, siempre y cuando el local rebase los 5 metros cuadrados.<\/p>\n<p>Durante la Octog\u00e9sima Sexta Sesi\u00f3n Ordinaria de Cabildo, la alcaldesa Ang\u00e9lica Moya Mar\u00edn asegur\u00f3 que los mercados son un centro de atenci\u00f3n del gobierno municipal y dicha campa\u00f1a es resultado del di\u00e1logo con representantes de diversas organizaciones de locatarios.<\/p>\n<p>Agreg\u00f3 que en esos sitios \u201cno solamente hay un intercambio comercial, que caracteriza mucho al municipio de Naucalpan, sino tambi\u00e9n es un centro donde hay una oportunidad de cohesi\u00f3n social, en donde se intercambian opiniones, conversaciones. Y todo eso redunda en un fortalecimiento del tejido social\u201d.<\/p>\n<p>Paulina P\u00e9rez Gonz\u00e1lez, primera regidora, dijo que las \u00e1reas de Servicios P\u00fablicos y Mejora Regulatoria del gobierno municipal trabajan en la elaboraci\u00f3n de un reglamento para los mercados municipales, documento que ayudar\u00e1 a recuperar y reconstruir estos centros de abasto, afectados por la pandemia de COVID-19 y por el abandono de anteriores administraciones municipales.<\/p>\n<p>Silvia Rojas Jim\u00e9nez, quinta regidora, mencion\u00f3 que \u201ccon la campa\u00f1a de condonaciones y est\u00edmulos fiscales este gobierno municipal promueve las acciones para proteger y preservar las tradiciones de los mercados p\u00fablicos como centros de abasto, reconociendo su importancia en el desarrollo econ\u00f3mico, social y cultural de nuestro municipio\u201d.<\/p>\n","protected":false},"excerpt":{"rendered":"<p>El Ayuntamiento de esta localidad aprob\u00f3 por unanimidad efectuar una campa\u00f1a de regularizaci\u00f3n fiscal a favor de los locatarios de los 41 mercados municipales, la cual estar\u00e1 vigente hasta el pr\u00f3ximo 31 de diciembre en apoyo de los comerciantes, muchos de ellos fueron afectados por la pandemia de Covid-19.<\/p>\n","protected":false},"author":3,"featured_media":602754,"comment_status":"open","ping_status":"open","sticky":false,"template":"","format":"standard","meta":{"_monsterinsights_skip_tracking":false,"_monsterinsights_sitenote_active":false,"_monsterinsights_sitenote_note":"","_monsterinsights_sitenote_category":0,"footnotes":""},"categories":[5],"tags":[43675,98954,12530,970],"class_list":["post-602669","post","type-post","status-publish","format-standard","has-post-thumbnail","hentry","category-estado-de-mexico","tag-estado-de-mexico","tag-locatarios","tag-mercados","tag-naucalpan"],"_links":{"self":[{"href":"https:\/\/www.diarioimagen.net\/index.php?rest_route=\/wp\/v2\/posts\/602669","targetHints":{"allow":["GET"]}}],"collection":[{"href":"https:\/\/www.diarioimagen.net\/index.php?rest_route=\/wp\/v2\/posts"}],"about":[{"href":"https:\/\/www.diarioimagen.net\/index.php?rest_route=\/wp\/v2\/types\/post"}],"author":[{"embeddable":true,"href":"https:\/\/www.diarioimagen.net\/index.php?rest_route=\/wp\/v2\/users\/3"}],"replies":[{"embeddable":true,"href":"https:\/\/www.diarioimagen.net\/index.php?rest_route=%2Fwp%2Fv2%2Fcomments&post=602669"}],"version-history":[{"count":0,"href":"https:\/\/www.diarioimagen.net\/index.php?rest_route=\/wp\/v2\/posts\/602669\/revisions"}],"wp:featuredmedia":[{"embeddable":true,"href":"https:\/\/www.diarioimagen.net\/index.php?rest_route=\/wp\/v2\/media\/602754"}],"wp:attachment":[{"href":"https:\/\/www.diarioimagen.net\/index.php?rest_route=%2Fwp%2Fv2%2Fmedia&parent=602669"}],"wp:term":[{"taxonomy":"category","embeddable":true,"href":"https:\/\/www.diarioimagen.net\/index.php?rest_route=%2Fwp%2Fv2%2Fcategories&post=602669"},{"taxonomy":"post_tag","embeddable":true,"href":"https:\/\/www.diarioimagen.net\/index.php?rest_route=%2Fwp%2Fv2%2Ftags&post=602669"}],"curies":[{"name":"wp","href":"https:\/\/api.w.org\/{rel}","templated":true}]}}