{"id":602693,"date":"2023-11-27T00:00:51","date_gmt":"2023-11-27T06:00:51","guid":{"rendered":"https:\/\/www.diarioimagen.net\/?p=602693"},"modified":"2023-11-26T23:12:51","modified_gmt":"2023-11-27T05:12:51","slug":"hablemos-de-las-aventuras-en-el-espacio-al-indice-inflacionario","status":"publish","type":"post","link":"https:\/\/www.diarioimagen.net\/?p=602693","title":{"rendered":"Hablemos de las aventuras en el espacio al \u00edndice inflacionario"},"content":{"rendered":"<h2>Hora 14<\/h2>\n<h5>Mauricio Conde Olivares<\/h5>\n<p>&nbsp;<\/p>\n<p>Estamos a punto de cumplir cuatro d\u00e9cadas de que M\u00e9xico posicion\u00f3 en el espacio a su primer ciudadano astronauta como parte de una tripulaci\u00f3n de la NASA, al doctor Rodolfo Neri Vela, a quien represent\u00e9 en mi calidad de Jefe de Informaci\u00f3n de la entonces Secretar\u00eda de Comunicaciones y Transportes. A su regreso a la tierra, actu\u00e9 como representante de prensa de Neri Vela cuando recorri\u00f3 diversas instituciones educativas y medios de comunicaci\u00f3n en todo el pa\u00eds, para dar a conocer los experimentos que realiz\u00f3 durante la misi\u00f3n que puso en \u00f3rbita al sat\u00e9lite Morelos 2.<\/p>\n<p>Esto viene a cuenta porque la Agencia Espacial Mexicana (AEM), organismo descentralizado de la Secretar\u00eda de Infraestructura, Comunicaciones y Transportes (SICT), rememor\u00f3 este fin de semana el 38 aniversario del primer astronauta mexicano, Dr. Rodolfo Neri Vela.<\/p>\n<p>El hoy director general de la AEM, y en aquel 1985 director del Sistema de Sat\u00e9lites Nacionales, Salvador Landeros Ayala, record\u00f3 la misi\u00f3n \u201cSTS-61B\u201d de la NASA, en la que, a bordo del transbordador espacial \u201cAtlantis\u201d, Neri Vela viaj\u00f3 al espacio.<\/p>\n<p>\u201cEl Dr. Neri, Ingeniero en Comunicaciones y Electr\u00f3nica por la UNAM, con maestr\u00eda en Sistemas de Telecomunicaciones en la Universidad de Essex, Inglaterra, y doctorado en el mismo pa\u00eds por la Universidad de Birmingham, llen\u00f3 de orgullo y emoci\u00f3n a M\u00e9xico\u201d, subray\u00f3 Landeros.<\/p>\n<p>En la noche del 26 de noviembre de 1985, relat\u00f3, la misi\u00f3n espacial despeg\u00f3 desde Cabo Ca\u00f1averal, marcando el d\u00eda en que M\u00e9xico consolidar\u00eda su entrada al selecto grupo de pa\u00edses del mundo con actividad espacial, tras la puesta en \u00f3rbita del sat\u00e9lite \u201cMorelos 2\u201d.<\/p>\n<p>\u201cDesde entonces, los sat\u00e9lites nacionales han sido controlados totalmente con personal mexicano desde territorio nacional, y, hoy, el Gobierno de M\u00e9xico tiene en \u00f3rbita su tercera generaci\u00f3n de sat\u00e9lites con el sistema MexSat\u201d, agreg\u00f3.<\/p>\n<p>Tambi\u00e9n reconoci\u00f3 al personal mexicano que, en 1985, sent\u00f3 las bases de las modernas telecomunicaciones del pa\u00eds, entre ellos: Virginia Hern\u00e1ndez; Humberto Flores Gonz\u00e1lez; Roberto Su\u00e1rez G\u00f3mez; Juli\u00e1n Palomera Murillo; Jos\u00e9 Calder\u00f3n Grajales, y Jos\u00e9 Thomsen Zenteno.<\/p>\n<p>As\u00ed como Dionisio Tun Molina; Francisco Viveros Roa; Alfonso Rodr\u00edguez Ram\u00edrez; Carlos Gir\u00f3n Garc\u00eda; Luis Barba Berlanga; Roberto Betancourt Ruiz; Bruno Ramos Maza; Jes\u00fas Guti\u00e9rrez Albores; Jorge L\u00f3pez Shunia; Alonso Picazo D\u00edaz, y H\u00e9ctor Fortis S\u00e1nchez.<\/p>\n<p>Y ya que hablamos de conmemoraciones, le comento que este a\u00f1o, el municipio de Benito Ju\u00e1rez, encabezado por la Presidente Municipal, Ana Paty Peralta, invirti\u00f3 en una nueva torre de transmisi\u00f3n y una de las consolas m\u00e1s modernas, as\u00ed como en equipo para transmisi\u00f3n v\u00eda streaming para Radio Cultural Ayuntamiento (RCA), con lo que se pone a la vanguardia y a la par de las estaciones m\u00e1s modernas del pa\u00eds.<\/p>\n<p>En el marco del 43 aniversario al servicio de la sociedad, que se celebra este 24 de noviembre, se reemplaz\u00f3 la torre de 45 metros, que funcionaba desde hace 35 a\u00f1os y fue colocada despu\u00e9s del impacto del hurac\u00e1n \u201cGilberto\u201d en 1988 y soport\u00f3 los fuertes vientos de huracanes como \u201cWilma\u201d, \u201cGamma\u201d, \u201cDelta\u201d, \u201cZeta\u201d y \u201cGrace\u201d.<\/p>\n<p>De hecho, antes, durante y despu\u00e9s del paso del hurac\u00e1n \u201cWilma\u201d en 2005, RCA fue la \u00fanica radio que logr\u00f3 informar de forma permanente, por lo que en ese a\u00f1o obtuvo el Premio Nacional de Periodismo en la categor\u00eda \u201cOrientaci\u00f3n a la Sociedad\u201d.<\/p>\n<p>Al respecto, su titular, Fausto Adri\u00e1n Palacios, reiter\u00f3 que desde la administraci\u00f3n municipal actual se ha dado continuidad a la modernizaci\u00f3n de la estaci\u00f3n, que se ha transformado como dice su eslogan, desde que se escucharon por primera vez sus ondas sonoras el 25 de noviembre de 1980.<\/p>\n<p>En este sentido, anunci\u00f3 que este viernes, la radio de los benitojuarenses festejar\u00e1<\/p>\n<p>su aniversario en la Plaza de la Reforma, en donde se contar\u00e1 con la participaci\u00f3n de cinco grupos musicales y la presencia de los autos antiguos y de motociclistas, adem\u00e1s del equipo de personal administrativos y t\u00e9cnico, operadores, producci\u00f3n y reporteros.<\/p>\n<p>Al hacer un recuento de sus 43 a\u00f1os de historia, resalt\u00f3 que RCA se ha logrado afianzar en el gusto de los cancunenses, ya que ha sido el pilar que los orient\u00f3 en medio de los huracanes y de la pandemia; que los hizo vibrar con la algarab\u00eda de los carnavales y de los recuerdos imborrables de aniversarios del municipio, adem\u00e1s se ha convertido con una vocaci\u00f3n social, con campa\u00f1as importantes como el \u201cAbueloT\u00f3n\u201d y \u201cAy\u00fadala a Santa\u201d, que lograron hacer sinergia con la sociedad y en beneficio de la misma poblaci\u00f3n.<\/p>\n<p>Adem\u00e1s, RCA fortaleci\u00f3 su contenido, en el que incluy\u00f3 programas dirigidos a diferentes sectores de la poblaci\u00f3n y refrend\u00f3 su compromiso con la sociedad al realizar diferentes actividades, que unen a las autoridades, iniciativa privada y ciudadan\u00eda.<\/p>\n<p>En otro tema, la Presidenta Municipal, Ana Paty Peralta, anunci\u00f3 que en lo que va del a\u00f1o suman 11 jornadas del programa \u201cProximidad por tu Seguridad\u201d, en diferentes zonas de la ciudad de Canc\u00fan con m\u00e1s de cuatro mil asistentes.<\/p>\n<p>\u201cTener actividades enfocadas en promover la cultura de la paz, del respeto y la prevenci\u00f3n de delitos es una muestra m\u00e1s de que Canc\u00fan nos une\u201d, enfatiz\u00f3.<\/p>\n<p>En entrevista, detall\u00f3 que han visitado las supermanzanas 77, 101, 103, 110, 221, 227, 249 Fraccionamiento Cielo Nuevo, 234, 235 y 252 Fraccionamiento Vista Real, con la intenci\u00f3n de llegar a todos los rincones para crear comunidad que se informe y tenga servicios por parte de las autoridades participantes.<\/p>\n<p>\u201cPara m\u00ed es primordial acercarme a todas las colonias del municipio, sobre todo ver que nos acompa\u00f1en ni\u00f1as, ni\u00f1os y j\u00f3venes, porque en todas llevamos informaci\u00f3n preventiva para ellos y para fortalecer los lazos que nos unen como cancunenses\u201d, dijo.<\/p>\n<p>Con base en el reporte de la actividad, destac\u00f3 que la mayor\u00eda de los participantes son madres de familia, quienes acuden con sus hijos a las actividades, lo que refleja precisamente el inter\u00e9s de los ciudadanos por consolidar su entorno comunitario como un sitio de paz y sana convivencia vecinal para que los peque\u00f1os crezcan con valores, lejos de conductas nocivas.<\/p>\n<p>De esta forma, agreg\u00f3 en las jornadas participan instancias municipales como Secretar\u00eda de Seguridad Ciudadana y Tr\u00e1nsito, Instituto del Deporte, Instituto Municipal de la Mujer (IMM), DIF Benito Ju\u00e1rez, Ecolog\u00eda, Grupo Especializado de Atenci\u00f3n a la Violencia Familiar y de G\u00e9nero (GEAVIG), Registro Civil, Instituto Municipal Contra las Adicciones (IMCA), Sistema de Protecci\u00f3n Integral de Ni\u00f1as, Ni\u00f1os y Adolescentes (SIPINNA), Asuntos Religiosos, Bomberos, Ecolog\u00eda, Registro Civil y direcci\u00f3n de Protecci\u00f3n y Bienestar Animal.<\/p>\n<p>Gracias a la colaboraci\u00f3n permanente con otros niveles de gobierno e instituciones, tambi\u00e9n acuden la Fiscal\u00eda General de la Rep\u00fablica, Secretar\u00eda de Marina (SEMAR), Secretar\u00eda de la Defensa Nacional (SEDENA), Secretar\u00eda de Seguridad Ciudadana del estado, Fiscal\u00eda General del Estado, ya que tambi\u00e9n instalan sus m\u00f3dulos con informaci\u00f3n, asesor\u00edas y din\u00e1micas para toda la familia.<\/p>\n<p>\u201cSeguimos llevando bienestar y justicia social a todos los ciudadanos, porque esa es la nueva manera de gobernar, con el pueblo, escuchando sus necesidades y tomando decisiones juntos acerca de las prioridades. Todos formamos parte de la transformaci\u00f3n, porque la hacemos cada d\u00eda y en cada espacio; sigamos as\u00ed por Canc\u00fan\u201d, finaliz\u00f3.<\/p>\n<p>Por otra parte, veamos el \u00edndice inflacionario. La Alianza Nacional de Peque\u00f1os Comerciantes (ANPEC) reporta la variaci\u00f3n de precios registrada de octubre a noviembre de este a\u00f1o, encontrando que los productos que m\u00e1s aumentaron en el \u00faltimo mes fueron tomate 16.65%, zanahoria 16.08%, az\u00facar 9.34%, cerveza 6.98% y avena 6.39%. Los estados en los que m\u00e1s se encareci\u00f3 la canasta b\u00e1sica alimentaria fueron: Guerrero 29.2%, Durango 8.99%, Sinaloa 5.13%, Michoac\u00e1n 4.81% y San Luis Potos\u00ed 4.62%.<\/p>\n<p>El precio promedio de la canasta alimentaria fue de $1,775.58 con una variaci\u00f3n de 1.16%, que representa $20.37 de aumento. No estorba se\u00f1alar que este estudio de mercado se levanta en los 32 estados de la Rep\u00fablica con un muestreo aleatorio ambulatorio en 200 puntos de venta y estratificados en los distintos niveles socioecon\u00f3micos.<\/p>\n<p>\u201cEstamos entrando al marat\u00f3n Guadalupe-Reyes-Candelaria y con ello al fin de a\u00f1o. Las fiestas decembrinas junto a las de inicio de a\u00f1o conformar\u00e1n el ep\u00edlogo de un a\u00f1o cansado, donde recurrentemente enfrentamos un proceso inflacionario sostenido en alimentos y servicios b\u00e1sicos del hogar. Este hecho tiene una forma muy diferente al decirlo y otra al vivirlo. Miles de hogares lo han venido padeciendo y, aunque suene como disco rayado, no debemos dejar de se\u00f1alarlo\u201d, coment\u00f3 Cuauht\u00e9moc Rivera, presidente de ANPEC; empero, lo anterior ser\u00e1 motivo de otro an\u00e1lisis en posterior entrega de <strong><em>Hora 14<\/em><\/strong>.<\/p>\n<p><em><a href=\"mailto:%20mauricio_conde@msn.com\" target=\"_blank\" rel=\"noopener noreferrer\">mauricioconde59@outlook.com<\/a><\/em><\/p>\n","protected":false},"excerpt":{"rendered":"<p><span style=\"color: #005497;\"><strong>Mauricio Conde Olivares<\/strong><\/span><\/p>\n","protected":false},"author":3,"featured_media":0,"comment_status":"open","ping_status":"open","sticky":false,"template":"","format":"standard","meta":{"_monsterinsights_skip_tracking":false,"_monsterinsights_sitenote_active":false,"_monsterinsights_sitenote_note":"","_monsterinsights_sitenote_category":0,"footnotes":""},"categories":[35889],"tags":[43712,43674,44860],"class_list":["post-602693","post","type-post","status-publish","format-standard","hentry","category-mauricio-conde-olivares","tag-mauricio-conde-olivares","tag-opinion","tag-hora-14"],"_links":{"self":[{"href":"https:\/\/www.diarioimagen.net\/index.php?rest_route=\/wp\/v2\/posts\/602693","targetHints":{"allow":["GET"]}}],"collection":[{"href":"https:\/\/www.diarioimagen.net\/index.php?rest_route=\/wp\/v2\/posts"}],"about":[{"href":"https:\/\/www.diarioimagen.net\/index.php?rest_route=\/wp\/v2\/types\/post"}],"author":[{"embeddable":true,"href":"https:\/\/www.diarioimagen.net\/index.php?rest_route=\/wp\/v2\/users\/3"}],"replies":[{"embeddable":true,"href":"https:\/\/www.diarioimagen.net\/index.php?rest_route=%2Fwp%2Fv2%2Fcomments&post=602693"}],"version-history":[{"count":0,"href":"https:\/\/www.diarioimagen.net\/index.php?rest_route=\/wp\/v2\/posts\/602693\/revisions"}],"wp:attachment":[{"href":"https:\/\/www.diarioimagen.net\/index.php?rest_route=%2Fwp%2Fv2%2Fmedia&parent=602693"}],"wp:term":[{"taxonomy":"category","embeddable":true,"href":"https:\/\/www.diarioimagen.net\/index.php?rest_route=%2Fwp%2Fv2%2Fcategories&post=602693"},{"taxonomy":"post_tag","embeddable":true,"href":"https:\/\/www.diarioimagen.net\/index.php?rest_route=%2Fwp%2Fv2%2Ftags&post=602693"}],"curies":[{"name":"wp","href":"https:\/\/api.w.org\/{rel}","templated":true}]}}