{"id":602824,"date":"2023-11-28T00:03:51","date_gmt":"2023-11-28T06:03:51","guid":{"rendered":"https:\/\/www.diarioimagen.net\/?p=602824"},"modified":"2023-11-27T23:24:46","modified_gmt":"2023-11-28T05:24:46","slug":"equipos-de-precandidatas-y-encuestas","status":"publish","type":"post","link":"https:\/\/www.diarioimagen.net\/?p=602824","title":{"rendered":"Equipos de precandidatas y encuestas"},"content":{"rendered":"<h2>Espacio Electoral<\/h2>\n<h5>Eleazar Flores<\/h5>\n<p>&nbsp;<\/p>\n<p><strong>IGUAL QUE EN EDOMEX-.<\/strong> Cuando ni inician las CAMPA\u00d1AS y sabedores que en el Estado de M\u00e9xico les dieron buenos resultados sus INSTINTOS MADRUGADORES, apuntalando m\u00e1s de lo debido a la candidata Delfina G\u00f3mez, colaboradores \u201cmorenos\u201d \u201cORIENTAN\u201d a los operadores de las ENCUESTAS para, desde ahora, inducirlos a la tendencia en favor de Claudia Sheinbaum.<\/p>\n<p>Tan falso ser\u00eda decir que Claudia fuera abajo como que Xochitl encabezara las encuestas; pero en este momento s\u00ed existe una buena DIFERENCIA a favor de Morena, cambiante de una semana a otra y para abreviar, no mayor a los 25 puntos entre Claudia y X\u00f3chitl.<\/p>\n<p>Esta estimaci\u00f3n me la revelaron el fin de semana operativos de algunas encuestadoras, los mismos que en junio de este a\u00f1o anticiparon que Delfina ganar\u00eda, pero s\u00f3lo por UN D\u00cdGITO, y as\u00ed fue, 8%.<\/p>\n<p>Con ese antecedente de acertijo, los medios de comunicaci\u00f3n NO DEBER\u00cdAN YA DAN POR DESCONTADO un triunfo moreno, advierten los amigos operadores de encuestas, quienes a\u00f1adieron una valiosa consideraci\u00f3n que podr\u00eda influir en el correr de las semanas, para que las precandidatas SUBAN O BAJEN. Esa consideraci\u00f3n es por la incorporaci\u00f3n de cuadros a los EQUIPOS DE TRABAJO de Claudia y X\u00f3chitl. Samuel, pues hasta ayer no hab\u00eda DADO COLOR.<\/p>\n<p>En honor a la verdad y con el respeto que han ganado INVITADOS-AS a sumarse a los equipos de trabajo de las PRECANDIDATAS, podr\u00edan ser considerados como CUADROS EST\u00c1NDAR de capacidad, pero sin llegar a DESLUMBRAR, con algunas excepciones, -que confirman la regla-, por el hecho de que ALGUNOS-AS han\u00a0 dejado constancia de eficiencia y resultados, desprendi\u00e9ndose DESCALIFICATIVOS que da ya saben quien, por considerarlos conservadores o neoliberales.<\/p>\n<p><strong>MONREAL-.<\/strong> Uno de los muchos ejemplos del EST\u00c1NDAR de los cuadros incorporados a los equipos de trabajo lo puede ser el zacatecano Ricardo Monreal \u00c1vila, a quien el titiritero lo ha agarrado de encargo, no obstante su pronunciamiento \u00bfTAJANTE? de inicio de a\u00f1o en el sentido de que \u201cVOY A ESTAR EN LA BOLETA ELECTORAL\u201d.<\/p>\n<p>Un gui\u00f1o presidencial le bast\u00f3 para aceptar CUALQUIER COSA, primero separarse del Senado, de la Coordinaci\u00f3n Pol\u00edtica y el liderazgo moreno en la C\u00e1mara alta, sumarse al equipo de trabajo de Claudia Sheinbaum\u2026 pero el fin de semana anunci\u00f3 el retorno a su esca\u00f1o senatorial. Es m\u00e1s, va a campechanear con el equipo de la CONSEN.<\/p>\n<p>En este pa\u00eds y con este Presidente, en el que nadie ni nada se mueve ni se cambia ni una coma a nada, el retorno de Monreal\u00a0 es por obedecer la instrucci\u00f3n superior, pues en el Senado hacen falta votos para aprobar leyes pendientes<\/p>\n<p>Como ver\u00e1, la actividad pol\u00edtica seguir\u00e1 cambiante, como el fr\u00edo, pues ma\u00f1ana ya habr\u00e1 calor.<\/p>\n<p><em><a href=\"mailto:elefa44@gmail.com\" target=\"_blank\" rel=\"noopener noreferrer\">elefa44@gmail.com<\/a><\/em><\/p>\n","protected":false},"excerpt":{"rendered":"<p><span style=\"color: #005497;\"><strong>Eleazar Flores<\/strong><\/span><\/p>\n","protected":false},"author":3,"featured_media":0,"comment_status":"open","ping_status":"open","sticky":false,"template":"","format":"standard","meta":{"_monsterinsights_skip_tracking":false,"_monsterinsights_sitenote_active":false,"_monsterinsights_sitenote_note":"","_monsterinsights_sitenote_category":0,"footnotes":""},"categories":[81743],"tags":[81744,81776,43674],"class_list":["post-602824","post","type-post","status-publish","format-standard","hentry","category-eleazar-flores","tag-eleazar-flores","tag-espacio-electoral","tag-opinion"],"_links":{"self":[{"href":"https:\/\/www.diarioimagen.net\/index.php?rest_route=\/wp\/v2\/posts\/602824","targetHints":{"allow":["GET"]}}],"collection":[{"href":"https:\/\/www.diarioimagen.net\/index.php?rest_route=\/wp\/v2\/posts"}],"about":[{"href":"https:\/\/www.diarioimagen.net\/index.php?rest_route=\/wp\/v2\/types\/post"}],"author":[{"embeddable":true,"href":"https:\/\/www.diarioimagen.net\/index.php?rest_route=\/wp\/v2\/users\/3"}],"replies":[{"embeddable":true,"href":"https:\/\/www.diarioimagen.net\/index.php?rest_route=%2Fwp%2Fv2%2Fcomments&post=602824"}],"version-history":[{"count":0,"href":"https:\/\/www.diarioimagen.net\/index.php?rest_route=\/wp\/v2\/posts\/602824\/revisions"}],"wp:attachment":[{"href":"https:\/\/www.diarioimagen.net\/index.php?rest_route=%2Fwp%2Fv2%2Fmedia&parent=602824"}],"wp:term":[{"taxonomy":"category","embeddable":true,"href":"https:\/\/www.diarioimagen.net\/index.php?rest_route=%2Fwp%2Fv2%2Fcategories&post=602824"},{"taxonomy":"post_tag","embeddable":true,"href":"https:\/\/www.diarioimagen.net\/index.php?rest_route=%2Fwp%2Fv2%2Ftags&post=602824"}],"curies":[{"name":"wp","href":"https:\/\/api.w.org\/{rel}","templated":true}]}}