{"id":603031,"date":"2023-11-30T00:01:59","date_gmt":"2023-11-30T06:01:59","guid":{"rendered":"https:\/\/www.diarioimagen.net\/?p=603031"},"modified":"2023-12-03T21:14:27","modified_gmt":"2023-12-04T03:14:27","slug":"llevar-a-efecto-el-codigo-nacional-de-procedimientos-civiles-y-familiares-implica-armonizar-al-menos-11-legislaciones","status":"publish","type":"post","link":"https:\/\/www.diarioimagen.net\/?p=603031","title":{"rendered":"Llevar a efecto el C\u00f3digo Nacional de Procedimientos Civiles y Familiares implica armonizar al menos 11 legislaciones"},"content":{"rendered":"<p>&nbsp;<\/p>\n<ul>\n<li><strong><em>As\u00ed se estableci\u00f3 en la primera mesa de trabajo del cap\u00edtulo local de la Comisi\u00f3n para la Coordinaci\u00f3n del Sistema de Justicia Civil y Familiar, en la que participa el PJCDMX con el Congreso capitalino<\/em><\/strong><\/li>\n<\/ul>\n<p>&nbsp;<\/p>\n<div id=\"attachment_603114\" style=\"width: 470px\" class=\"wp-caption aligncenter\"><a href=\"https:\/\/www.diarioimagen.net\/?attachment_id=603114\" rel=\"attachment wp-att-603114\"><img loading=\"lazy\" decoding=\"async\" aria-describedby=\"caption-attachment-603114\" class=\"size-full wp-image-603114\" src=\"https:\/\/www.diarioimagen.net\/wp-content\/uploads\/2023\/11\/tribunal-llevar-a-efecto.jpg\" alt=\"\" width=\"460\" height=\"270\" \/><\/a><p id=\"caption-attachment-603114\" class=\"wp-caption-text\">El presidente del \u00f3rgano judicial capitalino, magistrado Rafael Guerra \u00c1lvarez, plante\u00f3 que esa instancia es el lugar t\u00e9cnico ideal para que los legisladores conozcan los est\u00e1ndares, caracter\u00edsticas y requerimientos de plataformas y sistemas electr\u00f3nicos que se requieren.<\/p><\/div>\n<p>&nbsp;<\/p>\n<p>Al menos 11 legislaciones locales se tendr\u00e1n que armonizar con el C\u00f3digo Nacional de Procedimientos Civiles y Familiares (CNPCyF) para su implementaci\u00f3n en la Ciudad de M\u00e9xico, y ponerse en marcha una veintena de plataformas y sistemas electr\u00f3nicos, se se\u00f1al\u00f3 en la primera mesa de trabajo del cap\u00edtulo local de la Comisi\u00f3n para la Coordinaci\u00f3n del Sistema de Justicia Civil y Familiar (Cocifam) con el Congreso capitalino, en la que participa el Poder Judicial de la Ciudad de M\u00e9xico, encabezado por el magistrado Rafael Guerra \u00c1lvarez.<\/p>\n<p>En ese marco, el presidente del \u00f3rgano judicial plante\u00f3 que esa instancia es el lugar t\u00e9cnico ideal para que los legisladores conozcan los est\u00e1ndares, caracter\u00edsticas y requerimientos que las plataformas y sistemas electr\u00f3nicos ordenados en el CNPCyF deben tener para garantizar acceso en condiciones de igualdad a todos los justiciables.<\/p>\n<p>En la sede del Congreso, y con la presencia del presidente de la Comisi\u00f3n de Procuraci\u00f3n y Administraci\u00f3n de Justicia, diputado Octavio Rivero Villase\u00f1or, el secretario t\u00e9cnico de la Cocifam, magistrado Eliseo Hern\u00e1ndez Villaverde, hizo una exposici\u00f3n en la que se\u00f1al\u00f3 que el CNPCyF se sustenta en un sistema de justicia oral, en un sistema de justicia digital y en un sistema de responsabilidades en derechos humanos.<\/p>\n<p>Explic\u00f3 que leyes como la Org\u00e1nica del Poder Judicial, de Defensor\u00eda P\u00fablica, del Registro P\u00fablico de la Propiedad, de Protecci\u00f3n Civil, de Justicia C\u00edvica, de Notariado, Condominal, de Archivos, entre otras, tendr\u00e1n que ser armonizadas con lo estipulado en el CNPCyF al seno del Congreso.<\/p>\n<p>En el sal\u00f3n <em>Heberto Castillo<\/em>, tambi\u00e9n se refiri\u00f3 a las plataformas y sistemas electr\u00f3nicos a implementar, tales como la de uso de la firma electr\u00f3nica; la de recepci\u00f3n de promociones, demandas, actuaciones y escritos; la oficina virtual de Oficial\u00eda de Partes Com\u00fan; la de integraci\u00f3n del expediente digital; la de notificaciones electr\u00f3nicas; la de comunicaciones y exhortos, entre otras.<\/p>\n<p>Record\u00f3 que la Ciudad de M\u00e9xico y el resto de las entidades del pa\u00eds deber\u00e1n implementar el CNPCyF a m\u00e1s tardar el 1 de abril de 2027, y subray\u00f3 que para esa fecha todos los sistemas electr\u00f3nicos deber\u00e1n estar dise\u00f1ados, construidos, probados y funcionando, para que no haya contratiempos en la entrada en vigor.<\/p>\n<p>Guerra \u00c1lvarez dijo que el \u00f3rgano judicial pretende que, a la fecha de entrada en vigor de la implementaci\u00f3n, se cuente con las mejores instalaciones judiciales, sistemas y plataformas electr\u00f3nicas suficientes y funcionales, un marco jur\u00eddico \u00fatil y moderno, los mejores perfiles de jueces y los est\u00e1ndares m\u00e1s elevados con las mejores pr\u00e1cticas para garantizar la paz y la estabilidad social.<\/p>\n<p>\u201cEl d\u00eda que comience a aplicarse el c\u00f3digo nacional en esta capital, la Ciudad de M\u00e9xico debe consolidarse como la entidad federativa referente a nivel nacional, ejemplo democr\u00e1tico de una administraci\u00f3n de justicia pronta y expedita, en franco respeto de la divisi\u00f3n de poderes, que garantice la soluci\u00f3n efectiva de conflictos\u201d, subray\u00f3.<\/p>\n<p>El diputado Rivero Villase\u00f1or, por su parte, mencion\u00f3 que la implementaci\u00f3n requerir\u00e1 en el \u00e1mbito del Congreso un gran trabajo de an\u00e1lisis, y consider\u00f3 importante que los legisladores cuenten con el punto de vista de quienes aplican la norma, es decir, jueces y magistrados.<\/p>\n<p>En la mesa de trabajo estuvieron los diputados Lenia Batres Guadarrama y Fernando Mercado Guaida (Morena) y Jorge Gavi\u00f1o Ambriz (Asociaci\u00f3n Parlamentaria Izquierda Liberal).<\/p>\n<p>Por parte del PJCDMX acudieron magistrados y magistradas, as\u00ed como consejeros y consejeras de la Judicatura de la Ciudad de M\u00e9xico, adem\u00e1s del oficial mayor, Sergio Fontes Granados, entre otros.<\/p>\n","protected":false},"excerpt":{"rendered":"<p>Al menos 11 legislaciones locales se tendr\u00e1n que armonizar con el C\u00f3digo Nacional de Procedimientos Civiles y Familiares (CNPCyF) para su implementaci\u00f3n en la Ciudad de M\u00e9xico, y ponerse en marcha una veintena de plataformas y sistemas electr\u00f3nicos, se se\u00f1al\u00f3 en la primera mesa de trabajo del cap\u00edtulo local de la Comisi\u00f3n para la Coordinaci\u00f3n del Sistema de Justicia Civil y Familiar (Cocifam) con el Congreso capitalino, en la que participa el Poder Judicial de la Ciudad de M\u00e9xico, encabezado por el magistrado Rafael Guerra \u00c1lvarez.<\/p>\n","protected":false},"author":3,"featured_media":603114,"comment_status":"open","ping_status":"open","sticky":false,"template":"","format":"standard","meta":{"_monsterinsights_skip_tracking":false,"_monsterinsights_sitenote_active":false,"_monsterinsights_sitenote_note":"","_monsterinsights_sitenote_category":0,"footnotes":""},"categories":[6],"tags":[96135,87379],"class_list":["post-603031","post","type-post","status-publish","format-standard","has-post-thumbnail","hentry","category-cd-de-mexico","tag-codigo-nacional-de-procedimientos-civiles-y-familiares","tag-pjcdmx"],"_links":{"self":[{"href":"https:\/\/www.diarioimagen.net\/index.php?rest_route=\/wp\/v2\/posts\/603031","targetHints":{"allow":["GET"]}}],"collection":[{"href":"https:\/\/www.diarioimagen.net\/index.php?rest_route=\/wp\/v2\/posts"}],"about":[{"href":"https:\/\/www.diarioimagen.net\/index.php?rest_route=\/wp\/v2\/types\/post"}],"author":[{"embeddable":true,"href":"https:\/\/www.diarioimagen.net\/index.php?rest_route=\/wp\/v2\/users\/3"}],"replies":[{"embeddable":true,"href":"https:\/\/www.diarioimagen.net\/index.php?rest_route=%2Fwp%2Fv2%2Fcomments&post=603031"}],"version-history":[{"count":0,"href":"https:\/\/www.diarioimagen.net\/index.php?rest_route=\/wp\/v2\/posts\/603031\/revisions"}],"wp:featuredmedia":[{"embeddable":true,"href":"https:\/\/www.diarioimagen.net\/index.php?rest_route=\/wp\/v2\/media\/603114"}],"wp:attachment":[{"href":"https:\/\/www.diarioimagen.net\/index.php?rest_route=%2Fwp%2Fv2%2Fmedia&parent=603031"}],"wp:term":[{"taxonomy":"category","embeddable":true,"href":"https:\/\/www.diarioimagen.net\/index.php?rest_route=%2Fwp%2Fv2%2Fcategories&post=603031"},{"taxonomy":"post_tag","embeddable":true,"href":"https:\/\/www.diarioimagen.net\/index.php?rest_route=%2Fwp%2Fv2%2Ftags&post=603031"}],"curies":[{"name":"wp","href":"https:\/\/api.w.org\/{rel}","templated":true}]}}