{"id":603189,"date":"2023-12-01T00:02:04","date_gmt":"2023-12-01T06:02:04","guid":{"rendered":"https:\/\/www.diarioimagen.net\/?p=603189"},"modified":"2023-12-03T21:09:07","modified_gmt":"2023-12-04T03:09:07","slug":"aumenta-presencia-y-mando-de-la-sedena-en-aeropuertos-del-pais","status":"publish","type":"post","link":"https:\/\/www.diarioimagen.net\/?p=603189","title":{"rendered":"Aumenta presencia y mando de la Sedena en aeropuertos del pa\u00eds"},"content":{"rendered":"<p>&nbsp;<\/p>\n<ul>\n<li><em><strong>Le asignaron seis m\u00e1s, esta semana<\/strong><\/em><\/li>\n<\/ul>\n<p>&nbsp;<\/p>\n<div id=\"attachment_603238\" style=\"width: 470px\" class=\"wp-caption aligncenter\"><a href=\"https:\/\/www.diarioimagen.net\/?attachment_id=603238\" rel=\"attachment wp-att-603238\"><img loading=\"lazy\" decoding=\"async\" aria-describedby=\"caption-attachment-603238\" class=\"size-full wp-image-603238\" src=\"https:\/\/www.diarioimagen.net\/wp-content\/uploads\/2023\/12\/AEROPUERTOS-A-SEDENA.jpg\" alt=\"\" width=\"460\" height=\"270\" \/><\/a><p id=\"caption-attachment-603238\" class=\"wp-caption-text\">Con la entrega de seis aeropuertos m\u00e1s a la Sedena, que ya suma 11, se ampl\u00eda el control militar en los aeropuertos del pa\u00eds.<\/p><\/div>\n<p>&nbsp;<\/p>\n<p>El gobierno del presidente Andr\u00e9s Manuel L\u00f3pez Obrador asign\u00f3 esta semana a la Secretar\u00eda de la Defensa Nacional la administraci\u00f3n y control de seis aeropuertos m\u00e1s del pa\u00eds, cuatro de ellos de car\u00e1cter internacional, con lo que se incrementa la presencia y mando castrense en los aeropuertos del pa\u00eds.<\/p>\n<p>Los aeropuertos internacionales Licenciado y General Ignacio L\u00f3pez Ray\u00f3n, de Uruapan, Michoac\u00e1n; el de Palenque, Chiapas; y el Hermanos Serd\u00e1n, de Puebla, pasaron este martes formalmente a manos de la Sedena.<\/p>\n<p>Esto, con la publicaci\u00f3n de las asignaciones correspondientes en el Diario Oficial de la Federaci\u00f3n (DOF), las cuales fueron impulsadas por el mandatario tabasque\u00f1o, quien ha se\u00f1alado que dicha medida se hace principalmente para efectos de mejorar la seguridad en dichos sitios y combatir la corrupci\u00f3n.<\/p>\n<p>24 horas despu\u00e9s, el mi\u00e9rcoles, se volvieron a asignar tres aeropuertos m\u00e1s a Grupo Aeroportuario, Ferroviario, de Servicios Auxiliares y Conexos Olmeca-Maya-Mexicana, empresa paraestatal controlada por la Sedena y el Banco del Ej\u00e9rcito (Banjercito). Se trat\u00f3 del Aeropuerto Internacional de Chetumal, ubicado en Quintana Roo, y de los nacionales de Ixtepec, Oaxaca, y Tamu\u00edn, San Luis Potos\u00ed. De acuerdo con lo establecido en el DOF, se pretende mejorar y desarrollar la infraestructura de dichos lugares.<\/p>\n<p>El gobierno federal ha reiterado que otorgar a la Sedena el control de aeropuertos del pa\u00eds busca ampliar la seguridad, pero tambi\u00e9n las instalaciones con las que cuentan, vali\u00e9ndose de los ingenieros al servicio de la dependencia. Tal y como ocurri\u00f3 con el Aeropuerto Internacional Felipe \u00c1ngeles, el cual fue construido en su totalidad por personal de la Defensa Nacional.<\/p>\n<p>De esta forma, son seis los aeropuerto que en dos d\u00edas han pasado de ser atribuci\u00f3n de la Secretar\u00eda de Infraestructura, Comunicaciones y Transportes (SICT) a ser controlados por la Sedena, dependencia que ha incrementado de forma importante su presencia, tanto en labores de seguridad como de otra \u00edndole en el actual sexenio.<\/p>\n<p>La empresa que recibi\u00f3 los \u00faltimos tres, suma ahora 11 aeropuertos bajo su control, de los m\u00e1s de 70 que hay en el pa\u00eds, seg\u00fan se describe en su p\u00e1gina web, mientras que la Marina tiene 8 bajo su control, entre los que destaca el Aeropuerto Internacional de la Ciudad de M\u00e9xico (AICM).<\/p>\n<p>Dos de ellos est\u00e1n en la frontera con Estados Unidos (Nogales y Nuevo Laredo), dos en el Golfo de M\u00e9xico (Ciudad Victoria y Tamu\u00edn), uno en el istmo de Tehuantepec (el de Ixtepec) y tres de la pen\u00ednsula de Yucat\u00e1n, en Campeche, Chetumal y Tulum. Este \u00faltimo est\u00e1 previsto que sea inaugurado hoy por el presidente L\u00f3pez Obrador.<\/p>\n<p>Todo este traspaso de poder forma parte del plan del mandatario de dejar en manos de militares una veintena de aeropuertos antes de acabar su mandato en 2024 y es el ejemplo m\u00e1s reciente del creciente poder civil y econ\u00f3mico que est\u00e1n asumiendo las Fuerzas Armadas en M\u00e9xico.<\/p>\n<p>El Ej\u00e9rcito construy\u00f3 y administra el nuevo, el Felipe \u00c1ngeles, al norte de la capital, que comenz\u00f3 a operar en marzo de 2022.\u00a0 Y la Marina asumi\u00f3 formalmente el viejo Aeropuerto Internacional de Ciudad de M\u00e9xico, a mediados de este a\u00f1o.<\/p>\n<p>El director de este \u00faltimo, el principal del pa\u00eds, el vicealmirante Carlos Vel\u00e1zquez Tiscare\u00f1o, dijo entonces en una entrevista que la Marina preparaba ya la constituci\u00f3n de una nueva empresa que asumir\u00eda el control de otros seis aeropuertos \u201cdeficitarios\u201d y \u201cen manos de la delincuencia organizada\u201d. Mencion\u00f3 el de Matamoros, en la frontera noreste, el de Ciudad del Carmen, en el Golfo, o varios en el Pac\u00edfico, como el de Loreto, Guaymas, Ciudad Obreg\u00f3n y Colima.<\/p>\n<p>Tambi\u00e9n est\u00e1 en los planes de la Secretar\u00eda de Marina controlar el de Toluca, al oeste de la capital.<\/p>\n<p>Desde que L\u00f3pez Obrador lleg\u00f3 al poder en diciembre de 2018, las fuerzas armadas han ido sumando tareas y ahora no solo se encargan de la seguridad, de los aeropuertos, las aduanas, la construcci\u00f3n de grandes infraestructuras o el control de la migraci\u00f3n sino que tambi\u00e9n cuidan de viveros, hacen gesti\u00f3n tur\u00edstica y hasta tienen previsto levantar hoteles y encargarse del reparto de medicinas.<\/p>\n","protected":false},"excerpt":{"rendered":"<p>El gobierno del presidente Andr\u00e9s Manuel L\u00f3pez Obrador asign\u00f3 esta semana a la Secretar\u00eda de la Defensa Nacional la administraci\u00f3n y control de seis aeropuertos m\u00e1s del pa\u00eds, cuatro de ellos de car\u00e1cter internacional, con lo que se incrementa la presencia y mando castrense en los aeropuertos del pa\u00eds.<\/p>\n","protected":false},"author":3,"featured_media":603238,"comment_status":"open","ping_status":"open","sticky":false,"template":"","format":"standard","meta":{"_monsterinsights_skip_tracking":false,"_monsterinsights_sitenote_active":false,"_monsterinsights_sitenote_note":"","_monsterinsights_sitenote_category":0,"footnotes":""},"categories":[17,3],"tags":[63228,87996,43673,3353],"class_list":["post-603189","post","type-post","status-publish","format-standard","has-post-thumbnail","hentry","category-especiales","category-nacional","tag-aeropuertos","tag-asignacion","tag-nacional","tag-sedena"],"_links":{"self":[{"href":"https:\/\/www.diarioimagen.net\/index.php?rest_route=\/wp\/v2\/posts\/603189","targetHints":{"allow":["GET"]}}],"collection":[{"href":"https:\/\/www.diarioimagen.net\/index.php?rest_route=\/wp\/v2\/posts"}],"about":[{"href":"https:\/\/www.diarioimagen.net\/index.php?rest_route=\/wp\/v2\/types\/post"}],"author":[{"embeddable":true,"href":"https:\/\/www.diarioimagen.net\/index.php?rest_route=\/wp\/v2\/users\/3"}],"replies":[{"embeddable":true,"href":"https:\/\/www.diarioimagen.net\/index.php?rest_route=%2Fwp%2Fv2%2Fcomments&post=603189"}],"version-history":[{"count":0,"href":"https:\/\/www.diarioimagen.net\/index.php?rest_route=\/wp\/v2\/posts\/603189\/revisions"}],"wp:featuredmedia":[{"embeddable":true,"href":"https:\/\/www.diarioimagen.net\/index.php?rest_route=\/wp\/v2\/media\/603238"}],"wp:attachment":[{"href":"https:\/\/www.diarioimagen.net\/index.php?rest_route=%2Fwp%2Fv2%2Fmedia&parent=603189"}],"wp:term":[{"taxonomy":"category","embeddable":true,"href":"https:\/\/www.diarioimagen.net\/index.php?rest_route=%2Fwp%2Fv2%2Fcategories&post=603189"},{"taxonomy":"post_tag","embeddable":true,"href":"https:\/\/www.diarioimagen.net\/index.php?rest_route=%2Fwp%2Fv2%2Ftags&post=603189"}],"curies":[{"name":"wp","href":"https:\/\/api.w.org\/{rel}","templated":true}]}}