{"id":603586,"date":"2023-12-06T00:01:03","date_gmt":"2023-12-06T06:01:03","guid":{"rendered":"https:\/\/www.diarioimagen.net\/?p=603586"},"modified":"2023-12-06T22:41:02","modified_gmt":"2023-12-07T04:41:02","slug":"lopez-obrador-se-pronuncia-por-ampliar-el-debate-para-reduccion-de-semana-laboral","status":"publish","type":"post","link":"https:\/\/www.diarioimagen.net\/?p=603586","title":{"rendered":"L\u00f3pez Obrador se pronuncia por ampliar el debate para reducci\u00f3n de semana laboral"},"content":{"rendered":"<p>&nbsp;<\/p>\n<h3 style=\"text-align: center;\">\u201cEl tema no ha sido discutido suficientemente\u201d<\/h3>\n<p><em>\u00a0<\/em><\/p>\n<ul>\n<li><em><strong>Hasta entre empresarios hay posturas encontradas, se\u00f1ala<\/strong><\/em><\/li>\n<\/ul>\n<p>&nbsp;<\/p>\n<div id=\"attachment_603653\" style=\"width: 470px\" class=\"wp-caption aligncenter\"><a href=\"https:\/\/www.diarioimagen.net\/?attachment_id=603653\" rel=\"attachment wp-att-603653\"><img loading=\"lazy\" decoding=\"async\" aria-describedby=\"caption-attachment-603653\" class=\"size-full wp-image-603653\" src=\"https:\/\/www.diarioimagen.net\/wp-content\/uploads\/2023\/12\/amlo.jpg\" alt=\"\" width=\"460\" height=\"270\" \/><\/a><p id=\"caption-attachment-603653\" class=\"wp-caption-text\">El presidente Andr\u00e9s Manuel L\u00f3pez Obrador se pronunci\u00f3 porque se ampl\u00ede el debate en torno a la reducci\u00f3n de 48 a 40 horas la semana laboral.<\/p><\/div>\n<p>&nbsp;<\/p>\n<p>Ante la pr\u00f3xima discusi\u00f3n en el Congreso de la iniciativa para reducir la jornada laboral, el presidente Andr\u00e9s Manuel L\u00f3pez Obrador se pronunci\u00f3 porque se ampl\u00ede el debate en torno a la reducci\u00f3n de 48 a 40 horas la semana laboral porque hasta ahora da la impresi\u00f3n de que el tema no ha sido discutido suficientemente. Consider\u00f3 que es necesario una mayor consulta a los diferentes factores de la producci\u00f3n, a trabajadores y a empresarios, adelantando que en su momento, su gobierno se pronunciar\u00e1 en torno a estas modificaciones.<\/p>\n<p>El primer mandatario pidi\u00f3 que se extienda el debate para que se escuche a todos los involucrados, desde empresarios, sindicatos, trabajadores y expertos, para que den a conocer sus puntos de vista y el Congreso resuelva sobre este tema aunque no suceda en este periodo legislativo.<\/p>\n<p>Reconoci\u00f3 que incluso entre los empresarios hay posturas encontradas citando como ejemplo a Carlos Slim quien se opone a la reforma buscando que al trabajador se le pague m\u00e1s o Carlos Bremer que considera que los trabajadores tienen derecho a tener una mayor convivencia familiar.<\/p>\n<p>Durante su conferencia ma\u00f1anera, dijo que es necesario analizar lo que sucede en otros pa\u00edses al respecto, porque en Estados Unidos hay pago por hora. Asever\u00f3 que no es imperativo que esa reforma deba aprobarse el 12 de diciembre o que se tenga como plazo este periodo de sesiones, porque puede ampliarse al pr\u00f3ximo a\u00f1o, abriendo el debate amplio antes del inicio del pr\u00f3ximo periodo.<\/p>\n<p>Record\u00f3 que en su momento, se elimin\u00f3 la reforma del \u201coutsourcing\u201d no hab\u00eda acuerdo y lo que se convino fue dar un plazo para debatir lo m\u00e1s y al final los empresarios aceptaron.<\/p>\n<p>Se\u00f1al\u00f3 que los foros en la materia que se llevaron a cabo en el Congreso, \u201ccon todo respeto\u201d pasaron de noche y la mayor\u00eda de la gente no se enter\u00f3.<\/p>\n<p>\u201cQue todo el mundo exponga, quer\u00eda conocer su punto de vista, no s\u00f3lo ser\u00eda en los partidos sino que se convoque a empresarios, a los dirigentes obreros, desde luego a los trabajadores, a laboristas, expertos, todos y hay opciones, nada m\u00e1s que no puedo adelantar nada primero lo que s\u00ed propongo es que se abre el debate y que no dependa del 12.<\/p>\n<p>Puede ser en el pr\u00f3ximo (periodo) sin problema, es m\u00e1s si se termina el periodo de sesiones, se puede abrir el debate incluso antes de que termine el periodo se abre el debate se hace la invitaci\u00f3n a todos y regresando se define\u201d.<\/p>\n<p style=\"text-align: center;\"><strong>Celebra AMLO acuerdo para regreso de Samuel Garc\u00eda en Nuevo Le\u00f3n<\/strong><\/p>\n<p>En otro tema, el presidente L\u00f3pez Obrador celebr\u00f3 que ya hay un acuerdo en Nuevo Le\u00f3n para el regreso de Samuel Garc\u00eda como gobernador del estado y consider\u00f3 que se trat\u00f3 de pura politiquer\u00eda y propaganda el que se se\u00f1alara que hab\u00eda inestabilidad y de que se ahuyentar\u00eda la inversi\u00f3n.<\/p>\n<p>\u201cQu\u00e9 bien que ya hay un acuerdo, ya vieron cu\u00e1nta propaganda \u00bfno?, de inestabilidad, se va a ahuyentar la inversi\u00f3n en Nuevo Le\u00f3n. No pas\u00f3 nada, ya se resolvi\u00f3. Voy a ir all\u00e1 el 16 a inaugurar El Cuchillo en definitiva y va a estar a \u00e9l (Samuel Garc\u00eda) y vamos a seguir trabajando juntos en beneficio del pueblo de Nuevo Le\u00f3n y es pura politiquer\u00eda y billullos, nada m\u00e1s escandalizan y alteran a la gente\u201d, dijo.<\/p>\n","protected":false},"excerpt":{"rendered":"<p>Ante la pr\u00f3xima discusi\u00f3n en el Congreso de la iniciativa para reducir la jornada laboral, el presidente Andr\u00e9s Manuel L\u00f3pez Obrador se pronunci\u00f3 porque se ampl\u00ede el debate en torno a la reducci\u00f3n de 48 a 40 horas la semana laboral porque hasta ahora da la impresi\u00f3n de que el tema no ha sido discutido suficientemente.<\/p>\n","protected":false},"author":3,"featured_media":603653,"comment_status":"open","ping_status":"open","sticky":false,"template":"","format":"standard","meta":{"_monsterinsights_skip_tracking":false,"_monsterinsights_sitenote_active":false,"_monsterinsights_sitenote_note":"","_monsterinsights_sitenote_category":0,"footnotes":""},"categories":[3],"tags":[13751,43017,99008],"class_list":["post-603586","post","type-post","status-publish","format-standard","has-post-thumbnail","hentry","category-nacional","tag-debate","tag-reduccion","tag-semana-laboral"],"_links":{"self":[{"href":"https:\/\/www.diarioimagen.net\/index.php?rest_route=\/wp\/v2\/posts\/603586","targetHints":{"allow":["GET"]}}],"collection":[{"href":"https:\/\/www.diarioimagen.net\/index.php?rest_route=\/wp\/v2\/posts"}],"about":[{"href":"https:\/\/www.diarioimagen.net\/index.php?rest_route=\/wp\/v2\/types\/post"}],"author":[{"embeddable":true,"href":"https:\/\/www.diarioimagen.net\/index.php?rest_route=\/wp\/v2\/users\/3"}],"replies":[{"embeddable":true,"href":"https:\/\/www.diarioimagen.net\/index.php?rest_route=%2Fwp%2Fv2%2Fcomments&post=603586"}],"version-history":[{"count":0,"href":"https:\/\/www.diarioimagen.net\/index.php?rest_route=\/wp\/v2\/posts\/603586\/revisions"}],"wp:featuredmedia":[{"embeddable":true,"href":"https:\/\/www.diarioimagen.net\/index.php?rest_route=\/wp\/v2\/media\/603653"}],"wp:attachment":[{"href":"https:\/\/www.diarioimagen.net\/index.php?rest_route=%2Fwp%2Fv2%2Fmedia&parent=603586"}],"wp:term":[{"taxonomy":"category","embeddable":true,"href":"https:\/\/www.diarioimagen.net\/index.php?rest_route=%2Fwp%2Fv2%2Fcategories&post=603586"},{"taxonomy":"post_tag","embeddable":true,"href":"https:\/\/www.diarioimagen.net\/index.php?rest_route=%2Fwp%2Fv2%2Ftags&post=603586"}],"curies":[{"name":"wp","href":"https:\/\/api.w.org\/{rel}","templated":true}]}}