{"id":603631,"date":"2023-12-06T00:00:16","date_gmt":"2023-12-06T06:00:16","guid":{"rendered":"https:\/\/www.diarioimagen.net\/?p=603631"},"modified":"2023-12-06T00:12:53","modified_gmt":"2023-12-06T06:12:53","slug":"mejora-percepcion-ciudadana-sobre-seguridad-publica-en-cancun","status":"publish","type":"post","link":"https:\/\/www.diarioimagen.net\/?p=603631","title":{"rendered":"Mejora percepci\u00f3n ciudadana sobre seguridad p\u00fablica en Canc\u00fan"},"content":{"rendered":"<h2>Hora 14<\/h2>\n<h5>Mauricio Conde Olivares<\/h5>\n<p>&nbsp;<\/p>\n<p>El INEGI a trav\u00e9s de la Encuesta Nacional de Seguridad P\u00fablica Urbana confirm\u00f3 que 3 de cada 10 personas en Canc\u00fan consideran efectivo al gobierno de su ciudad para resolver problem\u00e1ticas, las principales son baches, alumbrado p\u00fablico insuficiente y fallas y fugas en el suministro de agua potable (sep\u201923).<\/p>\n<p>En septiembre de 2023, a nivel nacional, 32.3 % de la poblaci\u00f3n de 18 a\u00f1os y m\u00e1s consider\u00f3 que el gobierno de su ciudad era muy o algo efectivo para resolver los problemas m\u00e1s importantes. Las ciudades donde m\u00e1s se lo percibi\u00f3 as\u00ed, fueron: Nuevo Laredo, con 63.2 %; Apodaca, con 57.2 % y San Pedro Garza Garc\u00eda, con 56.0 por ciento. Las ciudades donde menos, fueron: Ecatepec de Morelos, con 12.1 %; Uruapan, con 15.2 % y Tijuana, con 16.3 por ciento.<\/p>\n<p>Tambi\u00e9n a nivel nacional, en septiembre de 2023, 78.8 % de la poblaci\u00f3n de 18 a\u00f1os y m\u00e1s manifest\u00f3 que los baches en calles y avenidas son uno de los problemas m\u00e1s importantes en su ciudad; 58.6 % dijo que lo son las fallas y fugas en el suministro de agua potable y 55.8 % consider\u00f3 que el alumbrado p\u00fablico era insuficiente. Asimismo, 36.0 % respondi\u00f3 que los hospitales saturados o con servicio deficiente representan uno de los problemas m\u00e1s grandes en sus ciudades.<\/p>\n<p>En cuanto a la percepci\u00f3n de inseguridad en espacios f\u00edsicos espec\u00edficos, en septiembre de 2023, 70.8 % de la poblaci\u00f3n manifest\u00f3 sentirse insegura en los cajeros autom\u00e1ticos localizados en la v\u00eda p\u00fablica; 64.2 %, en el transporte p\u00fablico; 55.4 %, en el banco y 54.1 %, en las calles que habitualmente transita.<\/p>\n<p>En septiembre de 2023, 33.9 % de la poblaci\u00f3n de 18 a\u00f1os y m\u00e1s, residente en las ciudades de inter\u00e9s, consider\u00f3 que, en los pr\u00f3ximos 12 meses, la situaci\u00f3n de la delincuencia e inseguridad en su ciudad seguir\u00e1 igual de mal. Por otra parte, 24.0 % de la poblaci\u00f3n refiri\u00f3 que la situaci\u00f3n empeorar\u00e1 en los pr\u00f3ximos 12 meses. En contraste, 18.3 % de la poblaci\u00f3n de 18 a\u00f1os y m\u00e1s dijo que la situaci\u00f3n de la delincuencia e inseguridad en su ciudad seguir\u00e1 igual de bien y 22.6 % manifest\u00f3 que mejorar\u00e1.<\/p>\n<p>Del 28 de agosto al 15 de septiembre de 2023 se levant\u00f3 la Encuesta Nacional de Seguridad P\u00fablica Urbana (ENSU) correspondiente al tercer trimestre de 2023. El objetivo es generar informaci\u00f3n en torno a la percepci\u00f3n social sobre la seguridad p\u00fablica en su ciudad. La encuesta tiene representatividad nacional y se enfoca en el \u00e1mbito urbano. Adem\u00e1s, genera informaci\u00f3n para la toma de decisiones de pol\u00edtica p\u00fablica en materia de seguridad.<\/p>\n<p>En septiembre de 2023, 61.4 % de la poblaci\u00f3n de 18 a\u00f1os y m\u00e1s, residente en 75 ciudades de inter\u00e9s, consider\u00f3 que es inseguro vivir en su ciudad. Lo anterior no representa un cambio estad\u00edsticamente significativo con relaci\u00f3n al porcentaje registrado en junio de 2023, que fue de 62.3 por ciento. No obstante, representa un cambio estad\u00edsticamente significativo menor con respecto a septiembre de 2022, que fue 64.4 por ciento. En esta edici\u00f3n, 11 ciudades y demarcaciones tuvieron cambios estad\u00edsticamente significativos frente a junio de 2023: seis presentaron reducciones y cinco, incrementos.<\/p>\n<p>En septiembre de 2023, 67.4 % de las mujeres y 54.1 % de los hombres consideraron que vivir en su ciudad es inseguro. Las ciudades con mayor porcentaje de personas de 18 a\u00f1os y m\u00e1s que consideraron que vivir en su ciudad es inseguro fueron: Fresnillo, con 95.4 %; Ciudad Obreg\u00f3n, con 92.3 %; Zacatecas, con 92.1 %; Uruapan, con 91.5 %; Naucalpan de Ju\u00e1rez, con 87.3 %; y Toluca de Lerdo con 86.2 por ciento. En contraste, las ciudades donde la percepci\u00f3n de inseguridad result\u00f3 menor fueron: Benito Ju\u00e1rez (Demarcaci\u00f3n de CDMX), con 15.8 %; Piedras Negras, con 19.7 %; San Pedro Garza Garc\u00eda, con 20.8 %; Cuajimalpa de Morelos, con 21.4 %; Puerto Vallarta, con 22.5 % y Los Mochis, con 24.1 por ciento.<\/p>\n<p>Durante el tercer trimestre de 2023, los resultados de la ENSU revelan que, del porcentaje de la poblaci\u00f3n que mencion\u00f3 haber visto o escuchado conductas delictivas o antisociales en los alrededores de su vivienda, 60.4 % se relacion\u00f3 con consumo de alcohol en las calles; 51.1 %, con robos o asaltos; 39.7 %, con vandalismo en las viviendas o negocios; 39.5 %, con venta o consumo de drogas; 36.0 %, con disparos frecuentes con armas; 24.4 %, con bandas violentas o pandillerismo; 15.2 %, con tomas irregulares de luz (diablitos) y 3.1 %, con robo o venta ilegal de gasolina o di\u00e9sel (huachicol).<\/p>\n<p>Durante el tercer trimestre de 2023, 33.9 % de la poblaci\u00f3n de 18 a\u00f1os y m\u00e1s tuvo alg\u00fan conflicto o enfrentamiento, de manera directa, con familiares, con las o los vecinos, con las o los compa\u00f1eros de trabajo o escuela, con establecimientos, o con autoridades de gobierno. Lo anterior no representa un cambio estad\u00edsticamente significativo con respecto al porcentaje registrado en junio de 2023, que fue de 33.5 por ciento.<\/p>\n<p>Las tres ciudades con mayor porcentaje de poblaci\u00f3n de 18 a\u00f1os y m\u00e1s que report\u00f3 haber tenido conflictos o enfrentamientos fueron: Azcapotzalco, con 62.6 %; Coyoac\u00e1n, con 61.8 % y Gustavo A. Madero, con 52.6 por ciento. Las ciudades que reportaron los menores porcentajes de conflicto entre la poblaci\u00f3n fueron: Ciudad Obreg\u00f3n, con 6.3 %; Tapachula, con 10.2 % y Ciudad Victoria, con 14.0 por ciento.<\/p>\n<p>Durante el tercer trimestre de 2023, 48.1 % de la poblaci\u00f3n de 18 a\u00f1os y m\u00e1s, residente en las ciudades objeto de estudio, manifest\u00f3 que modific\u00f3 sus h\u00e1bitos respecto a llevar cosas de valor, como joyas, dinero o tarjetas de cr\u00e9dito, por temor a sufrir alg\u00fan delito. Adem\u00e1s, 42.8 % modific\u00f3 rutinas en cuanto a permitir que sus hijos o hijas menores salgan de su vivienda, 41.9 % reconoci\u00f3 haber cambiado h\u00e1bitos de caminar por los alrededores de su vivienda despu\u00e9s de las ocho de la noche y 26.6 % cambi\u00f3 rutinas relacionadas con visitar parientes o amigos. Entre los resultados de la ENSU que corresponden a septiembre de 2023, destaca que los porcentajes de la poblaci\u00f3n de 18 a\u00f1os y m\u00e1s que identific\u00f3 a las diversas autoridades de seguridad p\u00fablica y que percibi\u00f3 su desempe\u00f1o como muy o algo efectivo en sus labores para prevenir y combatir la delincuencia fueron: Marina, con 85.4 %; Ej\u00e9rcito, con 82.8 %; Guardia Nacional, con 73.5 %; polic\u00eda estatal, con 53.9 % y polic\u00eda preventiva municipal, con 47.2 por ciento.<\/p>\n<p>Para mantenerse al tanto sobre la seguridad p\u00fablica, el narcotr\u00e1fico y la violencia, 60.6 % de la poblaci\u00f3n de 18 a\u00f1os y m\u00e1s dijo informarse con los noticieros en televisi\u00f3n. Por su parte, 56.3 % respondi\u00f3 que mantiene comunicaci\u00f3n personal en el entorno de la vivienda, 55.9 % dijo que por medio de Facebook y 23.5 % lo hizo mediante internet. De octubre de 2022 a septiembre de 2023, se estima que, en zonas urbanas, 8.4 % de las personas de 18 a\u00f1os y m\u00e1s fue violentada en el entorno familiar. En mujeres, este porcentaje fue de 9.8 %; en hombres, de 6.8 por ciento.<\/p>\n<p>Ahora d\u00e9jeme comentarle que en Canc\u00fan la Presidenta Municipal de Benito Ju\u00e1rez, Ana Paty Peralta, supervis\u00f3 la ampliaci\u00f3n y renovaci\u00f3n de ese emblem\u00e1tico punto en la Zona Fundacional, junto con el comit\u00e9 de obra, vecinos, locatarios, ciudadan\u00eda en general y servidores p\u00fablicos.<\/p>\n<p>Ah\u00ed dijo que \u201cesta obra es de todos. Llevamos ya un 35 por ciento de avance y es un proyecto transformador que le va a dar m\u00e1s vida al Parque de las Palapas, porque crecemos los espacios y dignificamos las \u00e1reas para las y los cancunenses\u201d.<\/p>\n<p>En entrevista a medios, Ana Paty Peralta destac\u00f3 que se colocar\u00e1 un techado en el \u00e1rea del comedor, con lo que se evitar\u00e1 que los usuarios padezcan inclemencias del tiempo cuando acuden a degustar antojitos y comida t\u00edpica de la regi\u00f3n en diferentes fechas, eventos o en fines de semana.<\/p>\n<p>\u201cEstamos muy contentos; todo este proyecto fue platicado y consensuado con los locatarios, vecinas y vecinos, para que cada detalle tuviera la opini\u00f3n de cada uno de ellos\u201d, dijo.<\/p>\n<p>Como ejemplo, la se\u00f1ora Magaly Barrientos Apresa, vocal del comit\u00e9 de obra y comerciante, expres\u00f3 su agradecimiento por la renovaci\u00f3n emprendida por el gobierno municipal, que contempla nuevos y mejores \u00e1reas de juegos infantiles, m\u00e1s arbolado, fuente para las y los ni\u00f1os, entre otros detalles.<\/p>\n<p>\u201cEstamos muy agradecidos porque hace bastante falta, era un proyecto que ten\u00eda a\u00f1os y hasta ahorita contamos con una Presidenta Municipal que ha vuelto sus ojos hacia el Parque de las Palapas, que es el centro de reuni\u00f3n al 100 por ciento de las familias cancunenses y aparte nos visitan turistas, por eso necesitamos instalaciones mejores\u201d, afirm\u00f3. En su recorrido, la Primera Autoridad Municipal primeramente constat\u00f3 los adelantos del comedor, sembrado de m\u00e1s \u00e1rboles, construcci\u00f3n del nuevo pabell\u00f3n de artesanos y ba\u00f1os, as\u00ed como la ampliaci\u00f3n de camellones.<\/p>\n<p>Para generar m\u00e1s orden en el lugar, junto con personal de la direcci\u00f3n de Comercio y Servicios en la V\u00eda P\u00fablica, dialog\u00f3 sobre el acomodo que se har\u00e1 en los puestos ambulantes de antojitos, mientras que en la c\u00e1mara para la colocaci\u00f3n de la basura, pidi\u00f3 a los mismos comerciantes que depositen los residuos s\u00f3lidos separados con los reciclables. Finalmente, corrobor\u00f3 los cruces seguros que se habilitar\u00e1n en las inmediaciones de la glorieta de \u201cEl Ceviche\u201d, uno de los diversos puntos, en los que se busca mejorar la seguridad vial y de los propios peatones, como parte del proyecto de \u201cModernizaci\u00f3n de la Infraestructura de Sem\u00e1foros y la Implementaci\u00f3n de Equipos de Control Tecnol\u00f3gicamente Avanzados\u201d; empero, lo anterior ser\u00e1 motivo de otro an\u00e1lisis en posterior entrega de <em><strong>Hora 14<\/strong><\/em>.<\/p>\n<p><em><a href=\"mailto:%20mauricio_conde@msn.com\" target=\"_blank\" rel=\"noopener noreferrer\">mauricioconde59@outlook.com<\/a><\/em><\/p>\n","protected":false},"excerpt":{"rendered":"<p><span style=\"color: #005497;\"><strong>Mauricio Conde Olivares<\/strong><\/span><\/p>\n","protected":false},"author":3,"featured_media":0,"comment_status":"open","ping_status":"open","sticky":false,"template":"","format":"standard","meta":{"_monsterinsights_skip_tracking":false,"_monsterinsights_sitenote_active":false,"_monsterinsights_sitenote_note":"","_monsterinsights_sitenote_category":0,"footnotes":""},"categories":[35889],"tags":[43712,43674,44860],"class_list":["post-603631","post","type-post","status-publish","format-standard","hentry","category-mauricio-conde-olivares","tag-mauricio-conde-olivares","tag-opinion","tag-hora-14"],"_links":{"self":[{"href":"https:\/\/www.diarioimagen.net\/index.php?rest_route=\/wp\/v2\/posts\/603631","targetHints":{"allow":["GET"]}}],"collection":[{"href":"https:\/\/www.diarioimagen.net\/index.php?rest_route=\/wp\/v2\/posts"}],"about":[{"href":"https:\/\/www.diarioimagen.net\/index.php?rest_route=\/wp\/v2\/types\/post"}],"author":[{"embeddable":true,"href":"https:\/\/www.diarioimagen.net\/index.php?rest_route=\/wp\/v2\/users\/3"}],"replies":[{"embeddable":true,"href":"https:\/\/www.diarioimagen.net\/index.php?rest_route=%2Fwp%2Fv2%2Fcomments&post=603631"}],"version-history":[{"count":0,"href":"https:\/\/www.diarioimagen.net\/index.php?rest_route=\/wp\/v2\/posts\/603631\/revisions"}],"wp:attachment":[{"href":"https:\/\/www.diarioimagen.net\/index.php?rest_route=%2Fwp%2Fv2%2Fmedia&parent=603631"}],"wp:term":[{"taxonomy":"category","embeddable":true,"href":"https:\/\/www.diarioimagen.net\/index.php?rest_route=%2Fwp%2Fv2%2Fcategories&post=603631"},{"taxonomy":"post_tag","embeddable":true,"href":"https:\/\/www.diarioimagen.net\/index.php?rest_route=%2Fwp%2Fv2%2Ftags&post=603631"}],"curies":[{"name":"wp","href":"https:\/\/api.w.org\/{rel}","templated":true}]}}